{"id":3042,"date":"2014-02-17T03:08:00","date_gmt":"2014-02-17T03:08:00","guid":{"rendered":"http:\/\/www.lospoliticosveracruz.com.mx\/?p=3042"},"modified":"2014-10-10T03:00:54","modified_gmt":"2014-10-10T03:00:54","slug":"el-debate-esteril","status":"publish","type":"post","link":"https:\/\/lospoliticosveracruz.com.mx\/?p=3042","title":{"rendered":"El debate est\u00e9ril"},"content":{"rendered":"<div><b>Rodrigo Montoya Rivera&nbsp;<\/b><\/div>\n<div><i>Ideas&nbsp;<\/i><\/div>\n<div>Mientras unos les buscan el tal\u00f3n de Aquiles a otros, la sociedad se sigue preguntando cuando ser\u00e1 el turno de los temas realmente importantes en materia de empleo, seguridad, salud, infraestructura y econom\u00eda entre muchos otros. Y comento lo anterior porque mientras en redes sociales unos critican la portada de la revista \u201cTimes\u201d y otros la defienden y la aplauden, la sociedad en su mayor\u00eda sigue ajena a ese tipo de debate est\u00e9ril, vaya a ese \u201cchism\u00f3grafo\u201d entre unos y otros que realmente solo sirve para hacerse pedazos y no aportar nada positivo en lo que realmente requerimos. <a name='more'><\/a><br \/>A lo largo del tiempo hemos visto que las personas que ostentan el poder dentro de la clase pol\u00edtica tienen posturas, ideales y formas de raciocinio muy diferentes entre s\u00ed. Basta ver las redes sociales repletas de cr\u00edticas a unos u otros y darse cuenta de la diatriba por encargo y la carencia de ideas y propuestas que formulen un beneficio colectivo. <br \/>Muchos critican, pocos proponen pero son muchos menos los que disponen. La falta de acuerdos en nuestra clase pol\u00edtica as\u00ed como los intereses personales han hecho que veamos discusiones que solo prolonga el malestar ciudadano. <br \/>A la ciudadan\u00eda no le interesan los adelantados ni los errores de unos u otros en cosas irrelevantes, lo que la sociedad pide son resultados. <br \/>Como dice el libro de Azor\u00edn \u201cEl pol\u00edtico\u201d quien ejerce el poder debe escuchar a unos y otros conocer las demandas de las mayor\u00edas, no dejarse llevar por pasiones personales y mantenerse siempre en el fiel de la balanza. El buen pol\u00edtico debe leer correspondencia responderla, atender las inquietudes y demandas de las multitudes y tener capacidad de tomar decisiones a lo mejor no muy populares pero si convenientes. <br \/>A la sociedad no le importa lo que digan unos de otros, porque para esta simple y sencillamente es m\u00e1s de lo mismo. <\/div>\n<div>Nota 1. En Xalapa el Regidor Lino Jim\u00e9nez y G\u00f3mez titular de la comisi\u00f3n de Seguridad P\u00fablica ha venido caminando muy de cerca con el proyecto de trabajo y gobierno que encabeza Am\u00e9rico Z\u00fa\u00f1iga Mart\u00ednez. Lino es un edil joven representante del Partido Verde Ecologista de M\u00e9xico el cual ha desempe\u00f1ado ya una larga trayectoria al interior de este instituto pol\u00edtico y es bien visto por los que desde siempre figuran a nivel central del Partido Verde, adem\u00e1s de gozar de la simpat\u00eda y estima del mun\u00edcipe Am\u00e9rico Z\u00fa\u00f1iga por su trabajo y suma de voluntad pol\u00edtica. No hay que perderlo de vista, dar\u00e1 mucho de qu\u00e9 hablar para bien en poco tiempo. <\/p>\n<p>Nota 2. La revoluci\u00f3n si hace justicia y eso lo tiene claro Roberto Figueroa Oficial. Para quienes no lo conozcan este joven de 31 a\u00f1os de edad hizo su servicio en la Secretar\u00eda de Trabajo Previsi\u00f3n Social y Productividad en la \u00e9poca del actual alcalde Am\u00e9rico Z\u00fa\u00f1iga. Es un fresco abogado que no gusta del reflector pero que si ha hecho gala de su efectividad y compromiso. Fue el Secretario T\u00e9cnico de la comisi\u00f3n de Vigilancia los 2 \u00faltimos a\u00f1os de Am\u00e9rico Z\u00fa\u00f1iga y hoy es el primero en llegar a la presidencia municipal y el \u00faltimo en irse, bien merecido tiene el puesto de Secretario Particular del alcalde capitalino. <\/p>\n<p>Comentarios: <a href=\"mailto:rodrigomontoya91@hotmail.com\">rodrigomontoya91@hotmail.com<\/a> <br \/>Twitter: @RodrigoMontoyaR<\/div>\n","protected":false},"excerpt":{"rendered":"<p>Rodrigo Montoya Rivera&nbsp; Ideas&nbsp; Mientras unos les buscan el tal\u00f3n de Aquiles a otros, la sociedad se sigue preguntando cuando ser\u00e1 el turno de los temas realmente importantes en materia de empleo, seguridad, salud, infraestructura y econom\u00eda entre muchos otros. Y comento lo anterior porque mientras en redes sociales unos critican la portada de la [&hellip;]<\/p>\n","protected":false},"author":1,"featured_media":0,"comment_status":"open","ping_status":"open","sticky":false,"template":"","format":"standard","meta":{"_jetpack_newsletter_access":"","_jetpack_dont_email_post_to_subs":false,"_jetpack_newsletter_tier_id":0,"_jetpack_memberships_contains_paywalled_content":false,"_jetpack_memberships_contains_paid_content":false,"footnotes":""},"categories":[1],"tags":[],"class_list":["post-3042","post","type-post","status-publish","format-standard","hentry","category-sin-categoria"],"jetpack_featured_media_url":"","jetpack_sharing_enabled":true,"jetpack_shortlink":"https:\/\/wp.me\/p4Qcd3-N4","_links":{"self":[{"href":"https:\/\/lospoliticosveracruz.com.mx\/index.php?rest_route=\/wp\/v2\/posts\/3042","targetHints":{"allow":["GET"]}}],"collection":[{"href":"https:\/\/lospoliticosveracruz.com.mx\/index.php?rest_route=\/wp\/v2\/posts"}],"about":[{"href":"https:\/\/lospoliticosveracruz.com.mx\/index.php?rest_route=\/wp\/v2\/types\/post"}],"author":[{"embeddable":true,"href":"https:\/\/lospoliticosveracruz.com.mx\/index.php?rest_route=\/wp\/v2\/users\/1"}],"replies":[{"embeddable":true,"href":"https:\/\/lospoliticosveracruz.com.mx\/index.php?rest_route=%2Fwp%2Fv2%2Fcomments&post=3042"}],"version-history":[{"count":0,"href":"https:\/\/lospoliticosveracruz.com.mx\/index.php?rest_route=\/wp\/v2\/posts\/3042\/revisions"}],"wp:attachment":[{"href":"https:\/\/lospoliticosveracruz.com.mx\/index.php?rest_route=%2Fwp%2Fv2%2Fmedia&parent=3042"}],"wp:term":[{"taxonomy":"category","embeddable":true,"href":"https:\/\/lospoliticosveracruz.com.mx\/index.php?rest_route=%2Fwp%2Fv2%2Fcategories&post=3042"},{"taxonomy":"post_tag","embeddable":true,"href":"https:\/\/lospoliticosveracruz.com.mx\/index.php?rest_route=%2Fwp%2Fv2%2Ftags&post=3042"}],"curies":[{"name":"wp","href":"https:\/\/api.w.org\/{rel}","templated":true}]}}