{"id":30732,"date":"2017-02-09T11:24:16","date_gmt":"2017-02-09T17:24:16","guid":{"rendered":"http:\/\/www.lospoliticosveracruz.com.mx\/?p=30732"},"modified":"2017-02-09T11:24:16","modified_gmt":"2017-02-09T17:24:16","slug":"martinez-el-engano-al-orfis","status":"publish","type":"post","link":"https:\/\/lospoliticosveracruz.com.mx\/?p=30732","title":{"rendered":"Mart\u00ednez, el enga\u00f1o al Orfis"},"content":{"rendered":"<p class=\"x_m_6974230084543564380MsoNoSpacing\"><strong>Luis Alberto Romero<\/strong><u><\/u><u><\/u><\/p>\n<p class=\"x_m_6974230084543564380MsoNoSpacing\">\u00a0<em>Hora Cero<\/em><\/p>\n<p class=\"x_m_6974230084543564380MsoNoSpacing\"><b>\u00a0<\/b><\/p>\n<p class=\"x_m_6974230084543564380MsoNoSpacing\"><u><\/u>\u00a0<u><\/u><\/p>\n<p class=\"x_m_6974230084543564380MsoNoSpacing\">El pasado fin de semana, un grupo de reporteros de Mart\u00ednez de la Torre realiz\u00f3 un ejercicio period\u00edstico que consisti\u00f3 en hacer lo que se observa como una obligaci\u00f3n del \u00f3rgano responsable de la fiscalizaci\u00f3n y la revisi\u00f3n del ejercicio del presupuesto de las instancias gubernamentales, el Orfis: recorrieron algunas obras que el ayuntamiento que preside Rolando Olivares Ahumada report\u00f3 como concluidas y pagadas, pero se encontraron con que los trabajos no estaban terminados.<u><\/u><u><\/u><\/p>\n<p class=\"x_m_6974230084543564380MsoNoSpacing\">El ayuntamiento se apresur\u00f3 a desmentir lo que los reporteros documentaron cruzando la informaci\u00f3n derivada de la p\u00e1gina de internet del Orfis (el reporte del avance de obra del propio gobierno municipal), con los testimonios de los habitantes, y con la supervisi\u00f3n f\u00edsica de los lugares que supuestamente fueron beneficiados.<u><\/u><u><\/u><\/p>\n<p class=\"x_m_6974230084543564380MsoNoSpacing\">Ante la contundencia de los se\u00f1alamientos, el ayuntamiento de ese lugar s\u00f3lo atin\u00f3 a negar lo que fue evidente; y se\u00f1al\u00f3 a la diputada local por ese distrito, Mar\u00eda Elisa Manterola, por supuestamente entorpecer la transformaci\u00f3n y el avance del municipio.<u><\/u><u><\/u><\/p>\n<p class=\"x_m_6974230084543564380MsoNoSpacing\">Este mi\u00e9rcoles, la legisladora panista, quien preside la Mesa Directiva en el Congreso local, abord\u00f3 el tema y argument\u00f3 que ante las denuncias ciudadanas es necesario que tanto la Comisi\u00f3n de Vigilancia como el \u00d3rgano de Fiscalizaci\u00f3n Superior intervengan en el caso.<u><\/u><u><\/u><\/p>\n<p class=\"x_m_6974230084543564380MsoNoSpacing\">Subray\u00f3 que algunas obras fueron reportadas por el ayuntamiento como si estuvieran al 100 por ciento en avance f\u00edsico y financiero; es decir, concluidas y pagadas, pero no fueron terminadas, lo que constituye una irregularidad que debe ser investigada y sancionada.<u><\/u><u><\/u><\/p>\n<p class=\"x_m_6974230084543564380MsoNoSpacing\">Puso algunos ejemplos: obras en las calles Guillermo Prieto (m\u00e1s de 791 mil pesos); Jorge Todd (1 mill\u00f3n 978 mil pesos); y Miguel Hidalgo (1 mill\u00f3n 384 mil pesos); as\u00ed como en la R\u00edo P\u00e1nuco (poco m\u00e1s de 2 millones 32 mil pesos).<u><\/u><u><\/u><\/p>\n<p class=\"x_m_6974230084543564380MsoNoSpacing\">Esas obras tienen un com\u00fan denominador, fueron reportadas como terminadas pero no lo est\u00e1n.<u><\/u><u><\/u><\/p>\n<p class=\"x_m_6974230084543564380MsoNoSpacing\">La legisladora local sostuvo, en una conferencia de prensa, que el alcalde Rolando Olivares acept\u00f3 en una entrevista que las obras se est\u00e1n realizando y que el retraso de las mismas obedece a que los recursos econ\u00f3micos no llegaron a tiempo. Ese fue, en s\u00edntesis, el problema del fr\u00e1gil argumento del edil: si las obras apenas se construyen \u00bfPor qu\u00e9 fueron reportadas al Orfis como terminadas?.<u><\/u><u><\/u><\/p>\n<p class=\"x_m_6974230084543564380MsoNoSpacing\">Pues bien, ese enredo en el que cay\u00f3 Olivares Ahumada, derivado de la evidente pobreza de argumentos, fue llevado a la Legislatura por la diputada Mar\u00eda Elisa Manterola. Sin embargo, es probable que las acusaciones de la legisladora s\u00f3lo puedan acreditar una irregularidad relativamente menor: la falsedad en el reporte del ayuntamiento de Mart\u00ednez de la Torre al Orfis, dado que esas obras corresponden al ejercicio 2016, que todav\u00eda no pasa a revisi\u00f3n; en pocas palabras, si el gobierno municipal termina las obras citadas y las entrega a los beneficiarios podr\u00eda librarla sin m\u00e1s consecuencias que una sanci\u00f3n econ\u00f3mica por la falsedad, la mentira.<u><\/u><u><\/u><\/p>\n<p class=\"x_m_6974230084543564380MsoNoSpacing\">El problema es que el caso presentado por Manterola Sainz es suficiente para que las auditor\u00edas y revisiones a ese gobierno municipal, por parte del Orfis, sean mucho m\u00e1s estrictas.<u><\/u><u><\/u><\/p>\n<p class=\"x_m_6974230084543564380MsoNoSpacing\">Con un gobierno municipal pol\u00edticamente disminuido, dado que su m\u00e1s importante alianza es con el desgastado diputado federal Edgar Spinoso Carrera, Rolando Olivares se encuentra hoy contra las cuerdas.<u><\/u><u><\/u><\/p>\n<p class=\"x_m_6974230084543564380MsoNoSpacing\"><u><\/u>\u00a0<u><\/u><\/p>\n<p class=\"x_m_6974230084543564380MsoNoSpacing\"><u><\/u>\u00a0<u><\/u><\/p>\n<p class=\"x_m_6974230084543564380MsoNoSpacing\"><b>Las gestiones de Am\u00e9rico en el altiplano<u><\/u><u><\/u><\/b><\/p>\n<p class=\"x_m_6974230084543564380MsoNoSpacing\">Am\u00e9rico Z\u00fa\u00f1iga sigue proyect\u00e1ndose en el altiplano y promoviendo beneficios para Xalapa. Esta semana se reuni\u00f3 con el secretario de Hacienda, Jos\u00e9 Antonio Meade Kuribre\u00f1a, con el director del Servicio de Administraci\u00f3n y Enajenaci\u00f3n de Bienes, H\u00e9ctor Orozco Fern\u00e1ndez y con el secretario de Gobernaci\u00f3n, Miguel \u00c1ngel Osorio Chong, en la renovaci\u00f3n de la directiva de la<span class=\"x_m_6974230084543564380apple-converted-space\">\u00a0<\/span>Conferencia Nacional de Municipios de M\u00e9xico (CONAMM).<u><\/u><u><\/u><\/p>\n<p class=\"x_m_6974230084543564380MsoNoSpacing\">Con el apoyo del senador Jos\u00e9 Francisco Yunes Zorrilla, el mun\u00edcipe xalape\u00f1o ha gestionado, ante la SHCP, la donaci\u00f3n de la antigua f\u00e1brica de San Bruno, un espacio abandonado y explotado por muchos vecinos, que ser\u00eda sitio ideal para promover historia, cultura, deporte y recreaci\u00f3n en esa parte de la ciudad, en donde el alcalde ha realizado una importante inversi\u00f3n en infraestructura hidr\u00e1ulica, con el colector Fernando Guti\u00e9rrez Barrios que evitar\u00e1 las a\u00f1ejas inundaciones.<u><\/u><u><\/u><\/p>\n<p class=\"x_m_6974230084543564380MsoNoSpacing\">La SHCP tambi\u00e9n podr\u00eda ayudar a Xalapa para que se regularicen<span class=\"x_m_6974230084543564380apple-converted-space\">\u00a0<\/span>diversos predios en las colonias Uni\u00f3n Ferrocarrilera 1 y 2, as\u00ed como en la calle 4, del Predio de la Virgen, en beneficio de los habitantes de esta zona de Xalapa, quienes desde hace muchos a\u00f1os habitan en predios propiedad de la Federaci\u00f3n.<u><\/u><u><\/u><\/p>\n<p class=\"x_m_6974230084543564380MsoNoSpacing\">Ayer, ante Osorio Chong, el alcalde de Xalapa, en un discurso que pronunci\u00f3 en su calidad de Presidente de la Federaci\u00f3n de Municipios de M\u00e9xico (FENAMM), dijo que \u201cel 2017 se presenta como una encrucijada para nuestro pa\u00eds, pero tambi\u00e9n como una gran oportunidad para recuperar nuestros principios y nuestra fortaleza pol\u00edtica e institucional\u2026 ojal\u00e1 dejemos fuera las visiones maniqueas, lo sectario, los espejismos partidistas y las actitudes rupturistas\u2026 la FENAMM ratifica su compromiso dentro de la CONAMM y hace suyo el llamado del Presidente Pe\u00f1a para dejar a un lado los diferendos coyunturales, a favor de los grandes sue\u00f1os que deben animar a quienes tuvimos la enorme fortuna de nacer en un pa\u00eds tan extraordinario, como lo es el nuestro\u201d. @luisromero85<\/p>\n","protected":false},"excerpt":{"rendered":"<p>Luis Alberto Romero \u00a0Hora Cero \u00a0 \u00a0 El pasado fin de semana, un grupo de reporteros de Mart\u00ednez de la Torre realiz\u00f3 un ejercicio period\u00edstico que consisti\u00f3 en hacer lo que se observa como una obligaci\u00f3n del \u00f3rgano responsable de la fiscalizaci\u00f3n y la revisi\u00f3n del ejercicio del presupuesto de las instancias gubernamentales, el Orfis: [&hellip;]<\/p>\n","protected":false},"author":2,"featured_media":0,"comment_status":"open","ping_status":"open","sticky":false,"template":"","format":"standard","meta":{"_jetpack_newsletter_access":"","_jetpack_dont_email_post_to_subs":false,"_jetpack_newsletter_tier_id":0,"_jetpack_memberships_contains_paywalled_content":false,"_jetpack_memberships_contains_paid_content":false,"footnotes":""},"categories":[70],"tags":[6685,963,135,1885],"class_list":["post-30732","post","type-post","status-publish","format-standard","hentry","category-de-opinion","tag-maria-elisa-manterola","tag-martinez-de-la-torre","tag-orfis","tag-rolando-olivares-ahumada"],"jetpack_featured_media_url":"","jetpack_sharing_enabled":true,"jetpack_shortlink":"https:\/\/wp.me\/p4Qcd3-7ZG","_links":{"self":[{"href":"https:\/\/lospoliticosveracruz.com.mx\/index.php?rest_route=\/wp\/v2\/posts\/30732","targetHints":{"allow":["GET"]}}],"collection":[{"href":"https:\/\/lospoliticosveracruz.com.mx\/index.php?rest_route=\/wp\/v2\/posts"}],"about":[{"href":"https:\/\/lospoliticosveracruz.com.mx\/index.php?rest_route=\/wp\/v2\/types\/post"}],"author":[{"embeddable":true,"href":"https:\/\/lospoliticosveracruz.com.mx\/index.php?rest_route=\/wp\/v2\/users\/2"}],"replies":[{"embeddable":true,"href":"https:\/\/lospoliticosveracruz.com.mx\/index.php?rest_route=%2Fwp%2Fv2%2Fcomments&post=30732"}],"version-history":[{"count":1,"href":"https:\/\/lospoliticosveracruz.com.mx\/index.php?rest_route=\/wp\/v2\/posts\/30732\/revisions"}],"predecessor-version":[{"id":30733,"href":"https:\/\/lospoliticosveracruz.com.mx\/index.php?rest_route=\/wp\/v2\/posts\/30732\/revisions\/30733"}],"wp:attachment":[{"href":"https:\/\/lospoliticosveracruz.com.mx\/index.php?rest_route=%2Fwp%2Fv2%2Fmedia&parent=30732"}],"wp:term":[{"taxonomy":"category","embeddable":true,"href":"https:\/\/lospoliticosveracruz.com.mx\/index.php?rest_route=%2Fwp%2Fv2%2Fcategories&post=30732"},{"taxonomy":"post_tag","embeddable":true,"href":"https:\/\/lospoliticosveracruz.com.mx\/index.php?rest_route=%2Fwp%2Fv2%2Ftags&post=30732"}],"curies":[{"name":"wp","href":"https:\/\/api.w.org\/{rel}","templated":true}]}}