{"id":30895,"date":"2017-02-16T10:24:18","date_gmt":"2017-02-16T16:24:18","guid":{"rendered":"http:\/\/www.lospoliticosveracruz.com.mx\/?p=30895"},"modified":"2017-02-16T10:24:18","modified_gmt":"2017-02-16T16:24:18","slug":"desempleo-los-numeros-en-veracruz","status":"publish","type":"post","link":"https:\/\/lospoliticosveracruz.com.mx\/?p=30895","title":{"rendered":"Desempleo, los n\u00fameros en Veracruz"},"content":{"rendered":"<p class=\"x_m_-33724758269248919MsoNoSpacing\"><strong>Luis Alberto Romero<\/strong><\/p>\n<p class=\"x_m_-33724758269248919MsoNoSpacing\"><em>Hora Cero<\/em><\/p>\n<p>&nbsp;<\/p>\n<p class=\"x_m_-33724758269248919MsoNoSpacing\"><u><\/u>\u00a0<u><\/u><\/p>\n<p class=\"x_m_-33724758269248919MsoNoSpacing\">El Inegi dio a conocer los resultados de la Encuesta Nacional de Ocupaci\u00f3n y Empleo (ENOE), correspondientes al cuarto trimestre de 2016.<u><\/u><u><\/u><\/p>\n<p class=\"x_m_-33724758269248919MsoNoSpacing\">B\u00e1sicamente, dicho ejercicio del citado instituto consigna una tasa de desocupaci\u00f3n, en el \u00e1mbito nacional, de 3.6 por ciento, lo que habla de una reducci\u00f3n de 0.1 por ciento con relaci\u00f3n al trimestre anterior; asimismo, la subocupaci\u00f3n pas\u00f3, en tres meses, de 7.7 a 7.2 por ciento, en tanto que la informalidad laboral se ubic\u00f3 en 57 por ciento.<u><\/u><u><\/u><\/p>\n<p class=\"x_m_-33724758269248919MsoNoSpacing\">La encuesta del Inegi destaca tambi\u00e9n que 3.7 millones de mexicanos se encuentran en subocupaci\u00f3n; es decir, se ven en la necesidad de ofertar m\u00e1s tiempo de trabajo, dado que su ocupaci\u00f3n actual no es suficiente para cubrir sus necesidades.<u><\/u><u><\/u><\/p>\n<p class=\"x_m_-33724758269248919MsoNoSpacing\">Por otro lado, se establece que de los 54 millones de mexicanos que integran la Poblaci\u00f3n Econ\u00f3micamente Activa, 52.1 millones tienen empleo, lo que significa un incremento de 555 mil personas, con relaci\u00f3n al mismo trimestre, el cuarto, de 2015.<u><\/u><u><\/u><\/p>\n<p class=\"x_m_-33724758269248919MsoNoSpacing\">El desempleo, que se conoce como \u201cpoblaci\u00f3n desocupada\u201d, se ubic\u00f3 en 3.5 por ciento; es decir, 1.9 millones de mexicanos sobreviven en esa condici\u00f3n. De Acuerdo con las cifras oficiales, en esa casilla, nuestro pa\u00eds tambi\u00e9n habr\u00eda registrado un avance considerable, al pasar de 4.2 a 3.5 por ciento.<u><\/u><u><\/u><\/p>\n<p class=\"x_m_-33724758269248919MsoNoSpacing\">De la Poblaci\u00f3n Econ\u00f3micamente Activa, 6.9 millones de mexicanos se dedican a las actividades primarias (agricultura, ganader\u00eda, silvicultura, caza y pesca), lo que equivale a 13.3 por ciento del total; 13.3 millones, 25.4 por ciento, a las actividades secundarias (industria y construcci\u00f3n); en tanto que 31.7 millones se dedican a las actividades terciarias (comercio, transportes, servicios profesionales y otros).<u><\/u><u><\/u><\/p>\n<p class=\"x_m_-33724758269248919MsoNoSpacing\">En cuanto a Veracruz, la ENOE del Inegi establece que la tasa de desocupaci\u00f3n se encuentra en la media nacional, 3.5 por ciento; en esa condici\u00f3n se encuentran casi 110 mil veracruzanos que no tienen empleo; en contraparte, hay 3 millones 52 mil personas que entran en la casilla de la poblaci\u00f3n ocupada.<u><\/u><u><\/u><\/p>\n<p class=\"x_m_-33724758269248919MsoNoSpacing\">Otros n\u00fameros reflejan que 9.8 por ciento de los veracruzanos tienen una ocupaci\u00f3n parcial, mientras que 68.5 por ciento de la Poblaci\u00f3n Econ\u00f3micamente Activa de la entidad est\u00e1n en informalidad laboral.<u><\/u><u><\/u><\/p>\n<p class=\"x_m_-33724758269248919MsoNoSpacing\">La buena noticia, dentro de todo lo malo que se puede comentar, es que el desempleo en Veracruz no ha registrado un incremento; de hecho, los n\u00fameros se mantienen m\u00e1s o menos estables, al menos al cuarto trimestre de 2016, como ocurri\u00f3 en diciembre pasado, cuando se dieron a conocer los n\u00fameros del tercer trimestre de dicho a\u00f1o.<u><\/u><u><\/u><\/p>\n<p class=\"x_m_-33724758269248919MsoNoSpacing\">Evidentemente, la econom\u00eda de la entidad se mueve sin importar la crisis por la que atraviesa el gobierno del estado y que fue provocada en gran medida por la escandalosa corrupci\u00f3n; de hecho, podr\u00edamos apuntar que sobre todo en el \u00faltimo lustro, en Veracruz se generaron empleos no gracias, sino a pesar del gobierno estatal.<\/p>\n<p class=\"x_m_-33724758269248919MsoNoSpacing\"><b>Armel Cid, cliente de la Instructora<u><\/u><u><\/u><\/b><\/p>\n<p class=\"x_m_-33724758269248919MsoNoSpacing\">El actual alcalde de Fort\u00edn, Armel Cid de Le\u00f3n D\u00edaz, se ha convertido en cliente frecuente de la Comisi\u00f3n Instructora de la Legislatura del Estado.<u><\/u><u><\/u><\/p>\n<p class=\"x_m_-33724758269248919MsoNoSpacing\">Recordemos que el alcalde priista de ese municipio, que se ubica en la zona centro del estado, fue denunciado al iniciar febrero de 2015 por violencia familiar equiparada en contra de una mujer.<u><\/u><u><\/u><\/p>\n<p class=\"x_m_-33724758269248919MsoNoSpacing\">De acuerdo con versiones period\u00edsticas, el alcalde de ese lugar habr\u00eda golpeado a su v\u00edctima, a quien despu\u00e9s arroj\u00f3 a un acotamiento en la carretera Huatusco-Fort\u00edn.<u><\/u><u><\/u><\/p>\n<p class=\"x_m_-33724758269248919MsoNoSpacing\">Por esos hechos se inici\u00f3 la carpeta de investigaci\u00f3n 243\/2015. Posterior a ello, al Congreso del Estado lleg\u00f3 la solicitud de desafuero; sin embargo, la pasada legislatura regres\u00f3 el expediente a la Fiscal\u00eda General del Estado, argumentando errores en la redacci\u00f3n del documento.<u><\/u><u><\/u><\/p>\n<p class=\"x_m_-33724758269248919MsoNoSpacing\">El edil se ampar\u00f3 y parec\u00eda que la hab\u00eda librado; no fue as\u00ed; el caso fue reabierto y lleg\u00f3 una vez m\u00e1s a la Legislatura.<u><\/u><u><\/u><\/p>\n<p class=\"x_m_-33724758269248919MsoNoSpacing\">Sobre ese asunto, este mi\u00e9rcoles el diputado local Bingen Rementer\u00eda Molina declar\u00f3 que las comisiones unidas de Gobernaci\u00f3n y Justicia y Puntos Constitucionales dictaminaron ya a favor de la solicitud de juicio de procedencia iniciado por la Fiscal\u00eda; es decir, el proceso comenzar\u00e1 de acuerdo con los t\u00e9rminos de la Ley de Juicio Pol\u00edtico y Declaraci\u00f3n de Procedencia.<u><\/u><u><\/u><\/p>\n<p class=\"x_m_-33724758269248919MsoNoSpacing\">Pues bien, una vez que esas comisiones determinaron dar entrada a la solicitud de desafuero contra Armel Cid de Le\u00f3n, el siguiente paso del proceso es que el dictamen correspondiente se turne a la Comisi\u00f3n Instructora, que integran los diputados Mar\u00eda del Rosario Guzm\u00e1n Avil\u00e9s, Carlos Manuel Vasconcelos y Amado Cruz Malpica, de las bancadas de PAN, PRI y Morena, respectivamente. Ellos tendr\u00e1n que analizar el caso y determinar si procede el desafuero del alcalde de Fort\u00edn; si eso ocurre, el tema pasar\u00e1 al pleno de la Legislatura, donde se votar\u00e1 la suerte del edil; nos comentan, por cierto, que Armel Cid tiene muchas razones para estar preocupado por su futuro. @luisromero85<u><\/u><u><\/u><\/p>\n<p>&nbsp;<\/p>\n","protected":false},"excerpt":{"rendered":"<p>Luis Alberto Romero Hora Cero &nbsp; \u00a0 El Inegi dio a conocer los resultados de la Encuesta Nacional de Ocupaci\u00f3n y Empleo (ENOE), correspondientes al cuarto trimestre de 2016. B\u00e1sicamente, dicho ejercicio del citado instituto consigna una tasa de desocupaci\u00f3n, en el \u00e1mbito nacional, de 3.6 por ciento, lo que habla de una reducci\u00f3n de [&hellip;]<\/p>\n","protected":false},"author":2,"featured_media":0,"comment_status":"open","ping_status":"open","sticky":false,"template":"","format":"standard","meta":{"_jetpack_newsletter_access":"","_jetpack_dont_email_post_to_subs":false,"_jetpack_newsletter_tier_id":0,"_jetpack_memberships_contains_paywalled_content":false,"_jetpack_memberships_contains_paid_content":false,"footnotes":""},"categories":[70],"tags":[7037,7461,178,195],"class_list":["post-30895","post","type-post","status-publish","format-standard","hentry","category-de-opinion","tag-desempleo","tag-encuesta-nacional-de-ocupacion-y-empleo","tag-inegi","tag-veracruz"],"jetpack_featured_media_url":"","jetpack_sharing_enabled":true,"jetpack_shortlink":"https:\/\/wp.me\/p4Qcd3-82j","_links":{"self":[{"href":"https:\/\/lospoliticosveracruz.com.mx\/index.php?rest_route=\/wp\/v2\/posts\/30895","targetHints":{"allow":["GET"]}}],"collection":[{"href":"https:\/\/lospoliticosveracruz.com.mx\/index.php?rest_route=\/wp\/v2\/posts"}],"about":[{"href":"https:\/\/lospoliticosveracruz.com.mx\/index.php?rest_route=\/wp\/v2\/types\/post"}],"author":[{"embeddable":true,"href":"https:\/\/lospoliticosveracruz.com.mx\/index.php?rest_route=\/wp\/v2\/users\/2"}],"replies":[{"embeddable":true,"href":"https:\/\/lospoliticosveracruz.com.mx\/index.php?rest_route=%2Fwp%2Fv2%2Fcomments&post=30895"}],"version-history":[{"count":1,"href":"https:\/\/lospoliticosveracruz.com.mx\/index.php?rest_route=\/wp\/v2\/posts\/30895\/revisions"}],"predecessor-version":[{"id":30896,"href":"https:\/\/lospoliticosveracruz.com.mx\/index.php?rest_route=\/wp\/v2\/posts\/30895\/revisions\/30896"}],"wp:attachment":[{"href":"https:\/\/lospoliticosveracruz.com.mx\/index.php?rest_route=%2Fwp%2Fv2%2Fmedia&parent=30895"}],"wp:term":[{"taxonomy":"category","embeddable":true,"href":"https:\/\/lospoliticosveracruz.com.mx\/index.php?rest_route=%2Fwp%2Fv2%2Fcategories&post=30895"},{"taxonomy":"post_tag","embeddable":true,"href":"https:\/\/lospoliticosveracruz.com.mx\/index.php?rest_route=%2Fwp%2Fv2%2Ftags&post=30895"}],"curies":[{"name":"wp","href":"https:\/\/api.w.org\/{rel}","templated":true}]}}