{"id":3097,"date":"2014-02-04T00:57:00","date_gmt":"2014-02-04T00:57:00","guid":{"rendered":"http:\/\/www.lospoliticosveracruz.com.mx\/?p=3097"},"modified":"2014-10-10T03:00:58","modified_gmt":"2014-10-10T03:00:58","slug":"gobierno-veracruz-perdio-7802-mp","status":"publish","type":"post","link":"https:\/\/lospoliticosveracruz.com.mx\/?p=3097","title":{"rendered":"Gobierno Veracruz perdi\u00f3 7,802 MP"},"content":{"rendered":"<blockquote><p>Un Fonden desfondado y que no cuadra <\/p><\/blockquote>\n<p><b>Marco Antonio Aguirre Rodr\u00edguez&nbsp;<\/b><br \/><i>M\u00edsticos y Terrenales&nbsp;<\/i><\/p>\n<p>R\u00e1pido como es Javier Duarte para desmentir la mayor\u00eda de las objeciones que se le hacen a su gobierno, ahora nada dijo del se\u00f1alamiento hecho por los diputados Cuauht\u00e9moc Pola Estrada (MC) y Jes\u00fas Vel\u00e1zquez Flores (PRD) de que en el estado de Veracruz se perdieron 7,802 millones de pesos que deb\u00edan ser aplicados en obras y programas de reconstrucci\u00f3n de desastres naturales.<br \/>\u00bfD\u00f3nde qued\u00f3 ese dinero?<a name='more'><\/a><br \/>Los diputados anotaron que de septiembre de 2007 a noviembre de 2013 se emitieron 54 declaratorias de desastres naturales que implicaban la autorizaci\u00f3n de 8,754 millones de pesos, de los cuales s\u00f3lo se ejercieron el 10.87%. Es decir, 7,802 millones de pesos nunca se aplicaron. <br \/>La denuncia fue hecha el 30 de enero de 2014 y al 2 de febrero todav\u00eda no se le daba ninguna respuesta, lo cual significa una aceptaci\u00f3n t\u00e1cita de la irregularidad. <br \/>Esta es un se\u00f1alamiento que debe atenderse, porque el III Informe de Gobierno de Javier Duarte en su parte de \u201cFinanzas y Planeaci\u00f3n\u201d anota que en 2012 se ejercieron \u201crecursos mixtos por 4,414.9 millones de pesos\u201d. \u00bfD\u00f3nde se aplic\u00f3 ese dinero?, \u00bfporqu\u00e9 es tanta la diferencia con el reporte del gasto ejercido en el Fonden?. <br \/>Pero adem\u00e1s hay una disparidad terrible con lo que el mismo Informe dice que se ejerci\u00f3 mediante el Fonden en el periodo del Informe: 293.7 millones de pesos, seg\u00fan el desglose que se presenta en el documento. Al Secretario de Finanzas, Fernando Charleston, le falta por demostrar en que se gastaron 4,121.2 millones de pesos <br \/>Los diputados Cuauht\u00e9moc Pola y Jes\u00fas Vel\u00e1zquez refirieron que muy probablemente el no haber utilizado los 7,802 millones de pesos que faltan, responde a la escasez de recursos financieros que tiene el gobierno del estado, por lo cual no aportaron las cantidades que deb\u00edan poner en el Paripasu (el t\u00e9rmino viene del lat\u00edn y significa \u201cigual paso\u201d, por lo que en t\u00e9rminos financieros se emplea para decir que por cada peso que pone una parte, la contraparte aportar\u00e1 una cantidad igual). <br \/>Los diputados pidieron la comparecencia de Alejandro Villalobos Guti\u00e9rrez, Presidente del Comit\u00e9 T\u00e9cnico del Fondo de Desastres Naturales (Fonden) en Veracruz y los titulares de la Secretar\u00eda de Infraestructura y Obras P\u00fablicas (Gerardo Buganza Salmer\u00f3n), del Instituto de Espacios Educativos (Sergio de la Llave Migoni), de la Secretar\u00eda de Educaci\u00f3n de Veracruz (Adolfo Mota Hern\u00e1ndez), de la Secretar\u00eda de Desarrollo Social (Alberto Silva Ramos), del Instituto Veracruzano de la Vivienda (Enrique Nach\u00f3n Garc\u00eda) y de la Comisi\u00f3n de Espacios de Salud del Estado (Isaias Alonso Salas, como Instancias Ejecutoras de esos recursos del Fonden. <br \/>Y s\u00ed, son muchos los recursos no ejercidos. <br \/>En el III Informe de Gobierno de Javier Duarte s\u00f3lo se menciona en la pagina 183-184 que con esos recursos \u201cse realizaron diversas obras\u201d de las cuales resalta una pavimentaci\u00f3n de \u201clas principales calles\u201d (5 en total, y hasta eso, fragmentos) del Fraccionamiento Floresta en Veracruz, pero con un costo de 39.7 millones de pesos. <br \/>Una sola obra \u2026 y cara\u2026 <br \/>Pero m\u00e1s caro son las \u201cacciones de vivienda\u201d que dice el Informe que se realizaron: 2,042 con una inversi\u00f3n de 254 millones de pesos, lo cual da un promedio de 124,387 pesos por acci\u00f3n. Cara, muy cara, m\u00e1s que cara, cada acci\u00f3n. <br \/>De esas 327 \u201cacciones\u201d fueron reparaciones menores (seg\u00fan describe el documento), donde a los afectados se les dieron laminas, montenes (\u00bfqu\u00e9 es eso?) y tornillos para reemplazar la techumbre. <br \/>Tambi\u00e9n dicen haber repartido 228 paquetes para la construcci\u00f3n de una habitaci\u00f3n adicional en igual numero de viviendas. \u00bfTambi\u00e9n val\u00edan 124,387 esos paquetes?. <br \/>Igualmente le suman la entrega de paquetes de materiales para la autoconstrucci\u00f3n de 382 viviendas. \u00bfLos materiales habr\u00e1n tenido ese valor?. <br \/>Pero bueno, hasta aqu\u00ed van 937 acciones de vivienda. <br \/>\u00bfY las otras 1,105?<br \/>Pues dicen que son viviendas construidas en zonas seguras. <br \/>Estas si podr\u00edan ocupar los 124,387 pesos en promedio, pero\u2026 <br \/>Fueron construidas \u201ccon materiales tradicionales o alternativos, de una o dos recamaras, ba\u00f1o, cocina y \u00e1rea de sala-comedor; techos de materiales t\u00e9rmicos o lozas de concreto, construidas en lotes con servicios urbanos b\u00e1sicos\u201d. <br \/>Con esa descripci\u00f3n, como que el costo tampoco debi\u00f3 de ser alto. La referencia est\u00e1 en la pagina 195 del III Informe de gobierno de Javier Duarte. <br \/>\u00bfSabe usted cu\u00e1l fue la \u201catenci\u00f3n inmediata\u201d que el Instituto de Espacios Educativos \u201caplic\u00f3\u201d a las escuelas da\u00f1adas por desastres naturales?: \u201cVisitas para diagnosticar el tipo de da\u00f1o y la atenci\u00f3n a aplicarse en los programa de APIN y Fonden\u201d (pagina 307). <br \/>As\u00ed pues \u00bfd\u00f3nde est\u00e1n esos recursos del Fonden?, \u00bfporqu\u00e9 no se ejercieron?, \u00bfde qui\u00e9n es la irresponsabilidad?. <br \/>Pero adem\u00e1s \u00bfqu\u00e9 clase de Secretario de Finanzas tiene Javier Duarte, a quien no le cuadran las cifras?<\/p>\n","protected":false},"excerpt":{"rendered":"<p>Un Fonden desfondado y que no cuadra Marco Antonio Aguirre Rodr\u00edguez&nbsp;M\u00edsticos y Terrenales&nbsp; R\u00e1pido como es Javier Duarte para desmentir la mayor\u00eda de las objeciones que se le hacen a su gobierno, ahora nada dijo del se\u00f1alamiento hecho por los diputados Cuauht\u00e9moc Pola Estrada (MC) y Jes\u00fas Vel\u00e1zquez Flores (PRD) de que en el estado [&hellip;]<\/p>\n","protected":false},"author":1,"featured_media":0,"comment_status":"open","ping_status":"open","sticky":false,"template":"","format":"standard","meta":{"_jetpack_newsletter_access":"","_jetpack_dont_email_post_to_subs":false,"_jetpack_newsletter_tier_id":0,"_jetpack_memberships_contains_paywalled_content":false,"_jetpack_memberships_contains_paid_content":false,"footnotes":""},"categories":[1],"tags":[],"class_list":["post-3097","post","type-post","status-publish","format-standard","hentry","category-sin-categoria"],"jetpack_featured_media_url":"","jetpack_sharing_enabled":true,"jetpack_shortlink":"https:\/\/wp.me\/p4Qcd3-NX","_links":{"self":[{"href":"https:\/\/lospoliticosveracruz.com.mx\/index.php?rest_route=\/wp\/v2\/posts\/3097","targetHints":{"allow":["GET"]}}],"collection":[{"href":"https:\/\/lospoliticosveracruz.com.mx\/index.php?rest_route=\/wp\/v2\/posts"}],"about":[{"href":"https:\/\/lospoliticosveracruz.com.mx\/index.php?rest_route=\/wp\/v2\/types\/post"}],"author":[{"embeddable":true,"href":"https:\/\/lospoliticosveracruz.com.mx\/index.php?rest_route=\/wp\/v2\/users\/1"}],"replies":[{"embeddable":true,"href":"https:\/\/lospoliticosveracruz.com.mx\/index.php?rest_route=%2Fwp%2Fv2%2Fcomments&post=3097"}],"version-history":[{"count":0,"href":"https:\/\/lospoliticosveracruz.com.mx\/index.php?rest_route=\/wp\/v2\/posts\/3097\/revisions"}],"wp:attachment":[{"href":"https:\/\/lospoliticosveracruz.com.mx\/index.php?rest_route=%2Fwp%2Fv2%2Fmedia&parent=3097"}],"wp:term":[{"taxonomy":"category","embeddable":true,"href":"https:\/\/lospoliticosveracruz.com.mx\/index.php?rest_route=%2Fwp%2Fv2%2Fcategories&post=3097"},{"taxonomy":"post_tag","embeddable":true,"href":"https:\/\/lospoliticosveracruz.com.mx\/index.php?rest_route=%2Fwp%2Fv2%2Ftags&post=3097"}],"curies":[{"name":"wp","href":"https:\/\/api.w.org\/{rel}","templated":true}]}}