{"id":31034,"date":"2017-02-23T09:04:19","date_gmt":"2017-02-23T15:04:19","guid":{"rendered":"http:\/\/www.lospoliticosveracruz.com.mx\/?p=31034"},"modified":"2017-02-23T09:04:19","modified_gmt":"2017-02-23T15:04:19","slug":"estrategia-para-debilitar-a-morena","status":"publish","type":"post","link":"https:\/\/lospoliticosveracruz.com.mx\/?p=31034","title":{"rendered":"\u00bfEstrategia para debilitar a Morena?"},"content":{"rendered":"<p class=\"x_m_1982937897515123738MsoNoSpacing\"><strong>Luis Alberto Romero<\/strong><\/p>\n<p class=\"x_m_1982937897515123738MsoNoSpacing\"><em>Hora Cero<\/em><\/p>\n<p class=\"x_m_1982937897515123738MsoNoSpacing\">\n<p class=\"x_m_1982937897515123738MsoNoSpacing\">\n<p class=\"x_m_1982937897515123738MsoNoSpacing\">\n<p class=\"x_m_1982937897515123738MsoNoSpacing\"><u><\/u>Desde hace ya varios d\u00edas se habla con insistencia de la cantidad de personajes impresentables que se han inscrito como aspirantes del Movimiento de Regeneraci\u00f3n Nacional (Morena) a las presidencias municipales de Veracruz.<u><\/u><u><\/u><\/p>\n<p class=\"x_m_1982937897515123738MsoNoSpacing\">Con raz\u00f3n, muchos han criticado que Morena reciba material reciclado de otros partidos; cascajo pol\u00edtico en el instituto pol\u00edtico que encabeza Andr\u00e9s Manuel L\u00f3pez Obrador, aunque lo cierto que cualquiera puede ir a las oficinas de ese partido y anotarse como aspirante, pues los estatutos lo permiten, al igual que la convocatoria para este proceso, en la cual se contempla la figura de candidaturas externas.<u><\/u><u><\/u><\/p>\n<p class=\"x_m_1982937897515123738MsoNoSpacing\">Sin embargo, de eso a que los aspirantes a la candidatura de Morena hayan recibido una \u201cinvitaci\u00f3n\u201d del partido o de la dirigencia existe una distancia enorme.<u><\/u><u><\/u><\/p>\n<p class=\"x_m_1982937897515123738MsoNoSpacing\">Ah\u00ed tiene el caso del empresario Jos\u00e9 Abella Garc\u00eda, en C\u00f3rdoba; de Paco Escalera y Marcos Salas, en Xalapa; y de Rafael Acosta Croda en Veracruz.\u00a0El primero, con denuncias en su contra por presuntas amenazas de muerte contra un destacado columnista y con cr\u00edticas a cuestas por haber disfrutado de un generoso trato durante la administraci\u00f3n duartista.<u><\/u><u><\/u><\/p>\n<p class=\"x_m_1982937897515123738MsoNoSpacing\">Paco Escalera, por su parte, es un priista de hueso colorado que estuvo muchos a\u00f1os en Casa Veracruz, durante las etapas del fidelato y del duartismo; sobre \u00e9l se tejen todo tipo de historias, como la que apunta a supuestos cobros por el paso al inmueble a pol\u00edticos que\u00a0 buscaban audiencia con el entonces gobernador. Incluso, se ha comentado que la administraci\u00f3n de Casa Veracruz vend\u00eda hasta las botellas de vinos y licores.<u><\/u><u><\/u><\/p>\n<p class=\"x_m_1982937897515123738MsoNoSpacing\">Marcos Salas es otro pol\u00e9mico empresario cuyo sue\u00f1o frustrado ha sido ser alcalde de Xalapa; y para ello ha buscado las candidaturas del PAN, PRD, Movimiento Ciudadano\u2026 y por el partido que se descuide.<u><\/u><u><\/u><\/p>\n<p class=\"x_m_1982937897515123738MsoNoSpacing\">Acosta Croda, ex panista, ha protagonizado c\u00e9lebres esc\u00e1ndalos, alcoholizado o no, con un l\u00e9xico, digamos, florido y hasta soez.<u><\/u><u><\/u><\/p>\n<p class=\"x_m_1982937897515123738MsoNoSpacing\">Semanas antes vimos incluso a la hermana de Harry Grappa circular una foto con L\u00f3pez Obrador en una reciente visita del l\u00edder nacional de Morena a Xalapa; as\u00ed como \u00a0a la ex secretaria de Protecci\u00f3n Civil durante el gobierno duartista, Yolanda Guti\u00e9rrez Carl\u00edn, en primera fila en el evento.<u><\/u><u><\/u><\/p>\n<p class=\"x_m_1982937897515123738MsoNoSpacing\">El pasado fin de semana circul\u00f3 que la ex presidenta municipal de Xalapa, Elizabeth Morales Garc\u00eda, se hab\u00eda inscrito como aspirante a la alcald\u00eda de esta capital por Morena, hecho que la propia ex diputada federal sali\u00f3 a desmentir unas horas despu\u00e9s.<u><\/u><u><\/u><\/p>\n<p class=\"x_m_1982937897515123738MsoNoSpacing\">As\u00ed las cosas, pareciera, s\u00f3lo pareciera, que la intenci\u00f3n es incrustarle a Morena a candidatos quemados, reciclados, figuras impresentables, como una estrategia perversa para endosarle descr\u00e9dito p\u00fablico, aprovechando esta debilidad en sus estatutos y en su convocatoria.\u00a0\u00a0<u><\/u><u><\/u><\/p>\n<p class=\"x_m_1982937897515123738MsoNoSpacing\">Lo cierto es que es muy poco probable que alguno de ellos se convierta en candidato de esa creciente fuerza pol\u00edtica.<u><\/u><u><\/u><\/p>\n<p class=\"x_m_1982937897515123738MsoNoSpacing\">En torno a esos \u201caspirantes\u201d, se tejen comentarios en el sentido de que \u00e9stos y otros personajes han buscado un acercamiento con el partido de L\u00f3pez Obrador, para ofrecerse como posibles cartas; a cambio, se dice, les han prometido que si no se convierten en abanderados en el presente proceso, ser\u00e1n tomados en cuenta para futuras contiendas. Seg\u00fan estas versiones, Morena estar\u00eda jugando su juego: generar la percepci\u00f3n de que por ser una franquicia ganadora, cualquier pol\u00edtico busca ese cobijo.<u><\/u><u><\/u><\/p>\n<p class=\"x_m_1982937897515123738MsoNoSpacing\">A prop\u00f3sito, AMLO estuvo en Veracruz, donde fue abordado por la prensa local; para no variar, el l\u00edder partidista perdi\u00f3 los estribos y sac\u00f3 a relucir lo m\u00e1s radical de su personalidad cuando ante los cuestionamientos sobre la postulaci\u00f3n de ex militantes de otros partidos, denost\u00f3 a los reporteros locales, de quienes dijo que estaban \u201cmaiceados\u201d por Yunes.<u><\/u><u><\/u><\/p>\n<p class=\"x_m_1982937897515123738MsoNoSpacing\">Pues bien, sobre la postulaci\u00f3n de personajes vinculados a otros partidos, habr\u00eda que preguntar si cualquiera, sin importar su pasado, se cubre con un manto de honestidad por el simple hecho de ser postulado por el partido de Andr\u00e9s Manuel.<\/p>\n<p class=\"x_m_1982937897515123738MsoNoSpacing\"><b>Xalapa, obras que aportan en seguridad<u><\/u><u><\/u><\/b><\/p>\n<p class=\"x_m_1982937897515123738MsoNoSpacing\">Am\u00e9rico Z\u00fa\u00f1iga Mart\u00ednez ha reconocido que Xalapa enfrenta una dif\u00edcil situaci\u00f3n de inseguridad. Lo ha comentado y lo dijo hace unos d\u00edas en El Castillo, la zona rural de la capital, punto de convergencia de entrada y salida hacia otras demarcaciones municipales.<u><\/u><u><\/u><\/p>\n<p class=\"x_m_1982937897515123738MsoNoSpacing\">Ah\u00ed mismo, donde entreg\u00f3 aulas, muros de contenci\u00f3n, material did\u00e1ctico, una vialidad asfaltada y un sistema de drenaje, el edil coment\u00f3 que adem\u00e1s de la inversi\u00f3n millonaria que realiza su administraci\u00f3n, estas obras son parte de su estrategia para garantizar la seguridad.<u><\/u><u><\/u><\/p>\n<p class=\"x_m_1982937897515123738MsoNoSpacing\">Tiene raz\u00f3n el mun\u00edcipe. Aunque en sentido estricto, el cuidado y la vigilancia de las ciudades y poblaciones est\u00e1n en manos de la Secretar\u00eda de Seguridad P\u00fablica estatal, los gobiernos municipales contribuyen a la seguridad en la medida en que realizan obras y acciones que mejoran el entorno y la calidad de vida de los ciudadanos.<u><\/u><u><\/u><\/p>\n<p class=\"x_m_1982937897515123738MsoNoSpacing\">Al pavimentar calles, al brindar mejores condiciones para la educaci\u00f3n, al sentar las bases para una ciudad m\u00e1s competitiva en donde empresas puedan invertir y generar empleos, los Ayuntamientos contribuyen a tener ciudades m\u00e1s seguras. Esa es la apuesta del ayuntamiento de esta capital.<\/p>\n<p class=\"x_m_1982937897515123738MsoNoSpacing\">\n<p class=\"x_m_1982937897515123738MsoNoSpacing\">@luisromero85<u><\/u><u><\/u><\/p>\n<p>&nbsp;<\/p>\n","protected":false},"excerpt":{"rendered":"<p>Luis Alberto Romero Hora Cero Desde hace ya varios d\u00edas se habla con insistencia de la cantidad de personajes impresentables que se han inscrito como aspirantes del Movimiento de Regeneraci\u00f3n Nacional (Morena) a las presidencias municipales de Veracruz. Con raz\u00f3n, muchos han criticado que Morena reciba material reciclado de otros partidos; cascajo pol\u00edtico en el [&hellip;]<\/p>\n","protected":false},"author":2,"featured_media":0,"comment_status":"open","ping_status":"open","sticky":false,"template":"","format":"standard","meta":{"_jetpack_newsletter_access":"","_jetpack_dont_email_post_to_subs":false,"_jetpack_newsletter_tier_id":0,"_jetpack_memberships_contains_paywalled_content":false,"_jetpack_memberships_contains_paid_content":false,"footnotes":""},"categories":[70],"tags":[405,7531,7532,1026,1585,2776],"class_list":["post-31034","post","type-post","status-publish","format-standard","hentry","category-de-opinion","tag-elizabeth-morales-garcia","tag-jose-abella-garcia","tag-marco-salas","tag-morena","tag-paco-escalera-carbonell","tag-rafael-acosta-croda"],"jetpack_featured_media_url":"","jetpack_sharing_enabled":true,"jetpack_shortlink":"https:\/\/wp.me\/p4Qcd3-84y","_links":{"self":[{"href":"https:\/\/lospoliticosveracruz.com.mx\/index.php?rest_route=\/wp\/v2\/posts\/31034","targetHints":{"allow":["GET"]}}],"collection":[{"href":"https:\/\/lospoliticosveracruz.com.mx\/index.php?rest_route=\/wp\/v2\/posts"}],"about":[{"href":"https:\/\/lospoliticosveracruz.com.mx\/index.php?rest_route=\/wp\/v2\/types\/post"}],"author":[{"embeddable":true,"href":"https:\/\/lospoliticosveracruz.com.mx\/index.php?rest_route=\/wp\/v2\/users\/2"}],"replies":[{"embeddable":true,"href":"https:\/\/lospoliticosveracruz.com.mx\/index.php?rest_route=%2Fwp%2Fv2%2Fcomments&post=31034"}],"version-history":[{"count":1,"href":"https:\/\/lospoliticosveracruz.com.mx\/index.php?rest_route=\/wp\/v2\/posts\/31034\/revisions"}],"predecessor-version":[{"id":31035,"href":"https:\/\/lospoliticosveracruz.com.mx\/index.php?rest_route=\/wp\/v2\/posts\/31034\/revisions\/31035"}],"wp:attachment":[{"href":"https:\/\/lospoliticosveracruz.com.mx\/index.php?rest_route=%2Fwp%2Fv2%2Fmedia&parent=31034"}],"wp:term":[{"taxonomy":"category","embeddable":true,"href":"https:\/\/lospoliticosveracruz.com.mx\/index.php?rest_route=%2Fwp%2Fv2%2Fcategories&post=31034"},{"taxonomy":"post_tag","embeddable":true,"href":"https:\/\/lospoliticosveracruz.com.mx\/index.php?rest_route=%2Fwp%2Fv2%2Ftags&post=31034"}],"curies":[{"name":"wp","href":"https:\/\/api.w.org\/{rel}","templated":true}]}}