{"id":31036,"date":"2017-02-23T09:14:45","date_gmt":"2017-02-23T15:14:45","guid":{"rendered":"http:\/\/www.lospoliticosveracruz.com.mx\/?p=31036"},"modified":"2017-02-23T09:14:45","modified_gmt":"2017-02-23T15:14:45","slug":"reto-moreno","status":"publish","type":"post","link":"https:\/\/lospoliticosveracruz.com.mx\/?p=31036","title":{"rendered":"Reto Moreno"},"content":{"rendered":"<p><strong>Brenda Caballero<\/strong><\/p>\n<p><em>N\u00fameros Rojos<\/em><\/p>\n<p>&nbsp;<\/p>\n<p>&nbsp;<\/p>\n<p>Ya no puedo ni ver la televisi\u00f3n tranquila. A\u00fan no inician las campa\u00f1as y los partidos pol\u00edticos ya cubren los espacios comerciales.<\/p>\n<p>PRI, PAN, PRD, Morena, aparecen con sus mensajes para convencer a la poblaci\u00f3n de que son la mejor opci\u00f3n para que voten por ellos.<\/p>\n<p>Incluso en Veracruz hasta se subieron al ring, cuando este mi\u00e9rcoles el l\u00edder de Morena, Andr\u00e9s Manuel L\u00f3pez Obrador, que anda de gira por el estado, lanz\u00f3 un reto al gobernador Miguel \u00c1ngel Yunes Linares, despu\u00e9s de que \u00e9ste lo acusara de recibir dinero del ex gobernador pr\u00f3fugo Javier Duarte de Ocha. El otro de mecha corta de inmediato le contest\u00f3 que si demuestra que tal hecho renunciar\u00e1 a la pol\u00edtica. Y as\u00ed, en el toma y daca, entre dimes y diretes, con videos de por medio en redes sociales, siguieron en los rounds toda la noche.<\/p>\n<p>\u00bfY alguien gan\u00f3? \u00bfHubo nocaut? Realmente no, s\u00f3lo puro show pol\u00edtico. Y es que lo de hoy es eso, all\u00ed tenemos a Donald Trump, actual presidente de los Estados Unidos que gan\u00f3 con la misma estrategia.<\/p>\n<p>Ante el descr\u00e9dito de los partidos y la falta de confianza ciudadana, la poblaci\u00f3n ha mostrado tal desinter\u00e9s en votar por sus candidatos que quieren ocupar un puesto de elecci\u00f3n popular que la \u00fanica opci\u00f3n que parece les queda a los aspirantes es acudir al desprestigio mutuo.<\/p>\n<p>Desde luego que estas luchas no tendr\u00edan tanto \u00e9xito si no existieran las redes sociales, pues \u00e9stas magnifican los sucesos, y nos permite compartirlas con varios comentarios nuestros de por medio.<\/p>\n<p>Ahora, supongamos que el pol\u00edtico pierde el reto \u00bfcumplir\u00eda con la apuesta?<\/p>\n<p>Casi apuesto a que no, seguramente tendr\u00eda alguna excusa o argumento para evadir la responsabilidad del compromiso. Y casi afirmo que contestar\u00eda con otro reto.<\/p>\n<p>Entonces quien gan\u00f3 la pelea. Aunque salen empatados ahorita, ya se ver\u00e1 ver\u00e1 el d\u00eda de las elecciones al que gan\u00f3 por nocaut.<\/p>\n<p>caballero_brenda@hotmail.com<\/p>\n","protected":false},"excerpt":{"rendered":"<p>Brenda Caballero N\u00fameros Rojos &nbsp; &nbsp; Ya no puedo ni ver la televisi\u00f3n tranquila. A\u00fan no inician las campa\u00f1as y los partidos pol\u00edticos ya cubren los espacios comerciales. PRI, PAN, PRD, Morena, aparecen con sus mensajes para convencer a la poblaci\u00f3n de que son la mejor opci\u00f3n para que voten por ellos. Incluso en Veracruz [&hellip;]<\/p>\n","protected":false},"author":2,"featured_media":0,"comment_status":"open","ping_status":"open","sticky":false,"template":"","format":"standard","meta":{"_jetpack_newsletter_access":"","_jetpack_dont_email_post_to_subs":false,"_jetpack_newsletter_tier_id":0,"_jetpack_memberships_contains_paywalled_content":false,"_jetpack_memberships_contains_paid_content":false,"footnotes":""},"categories":[70],"tags":[618,260,428],"class_list":["post-31036","post","type-post","status-publish","format-standard","hentry","category-de-opinion","tag-andres-manuel-lopez-obrador","tag-javier-duarte-de-ochoa","tag-miguel-angel-yunes-linares"],"jetpack_featured_media_url":"","jetpack_sharing_enabled":true,"jetpack_shortlink":"https:\/\/wp.me\/p4Qcd3-84A","_links":{"self":[{"href":"https:\/\/lospoliticosveracruz.com.mx\/index.php?rest_route=\/wp\/v2\/posts\/31036","targetHints":{"allow":["GET"]}}],"collection":[{"href":"https:\/\/lospoliticosveracruz.com.mx\/index.php?rest_route=\/wp\/v2\/posts"}],"about":[{"href":"https:\/\/lospoliticosveracruz.com.mx\/index.php?rest_route=\/wp\/v2\/types\/post"}],"author":[{"embeddable":true,"href":"https:\/\/lospoliticosveracruz.com.mx\/index.php?rest_route=\/wp\/v2\/users\/2"}],"replies":[{"embeddable":true,"href":"https:\/\/lospoliticosveracruz.com.mx\/index.php?rest_route=%2Fwp%2Fv2%2Fcomments&post=31036"}],"version-history":[{"count":1,"href":"https:\/\/lospoliticosveracruz.com.mx\/index.php?rest_route=\/wp\/v2\/posts\/31036\/revisions"}],"predecessor-version":[{"id":31037,"href":"https:\/\/lospoliticosveracruz.com.mx\/index.php?rest_route=\/wp\/v2\/posts\/31036\/revisions\/31037"}],"wp:attachment":[{"href":"https:\/\/lospoliticosveracruz.com.mx\/index.php?rest_route=%2Fwp%2Fv2%2Fmedia&parent=31036"}],"wp:term":[{"taxonomy":"category","embeddable":true,"href":"https:\/\/lospoliticosveracruz.com.mx\/index.php?rest_route=%2Fwp%2Fv2%2Fcategories&post=31036"},{"taxonomy":"post_tag","embeddable":true,"href":"https:\/\/lospoliticosveracruz.com.mx\/index.php?rest_route=%2Fwp%2Fv2%2Ftags&post=31036"}],"curies":[{"name":"wp","href":"https:\/\/api.w.org\/{rel}","templated":true}]}}