{"id":31370,"date":"2017-03-14T08:30:22","date_gmt":"2017-03-14T14:30:22","guid":{"rendered":"http:\/\/www.lospoliticosveracruz.com.mx\/?p=31370"},"modified":"2017-03-13T21:24:52","modified_gmt":"2017-03-14T03:24:52","slug":"caso-flavino-los-argumentos-de-las-partes","status":"publish","type":"post","link":"https:\/\/lospoliticosveracruz.com.mx\/?p=31370","title":{"rendered":"Caso Flavino, los argumentos de las partes"},"content":{"rendered":"<p class=\"x_m_-4827834545973031312MsoNoSpacing\"><strong>Luis Alberto Romero<\/strong><u><\/u><u><\/u><\/p>\n<p class=\"x_m_-4827834545973031312MsoNoSpacing\">\u00a0<em>Hora Cero<\/em><\/p>\n<p class=\"x_m_-4827834545973031312MsoNoSpacing\"><b>\u00a0<\/b><\/p>\n<p class=\"x_m_-4827834545973031312MsoNoSpacing\"><u><\/u>\u00a0<u><\/u><\/p>\n<p class=\"x_m_-4827834545973031312MsoNoSpacing\">El encarcelamiento del ex gobernador interino de Veracruz, Flavino R\u00edos Alvarado, gener\u00f3 toda clase de reacciones entre la clase pol\u00edtica estatal y nacional.<u><\/u><u><\/u><\/p>\n<p class=\"x_m_-4827834545973031312MsoNoSpacing\">Flavino R\u00edos ha ocupado diversos cargos en la administraci\u00f3n estatal, como las secretar\u00edas de Gobierno y Educaci\u00f3n; y una diputaci\u00f3n local.<u><\/u><u><\/u><\/p>\n<p class=\"x_m_-4827834545973031312MsoNoSpacing\">El pasado 16 de diciembre, dos semanas despu\u00e9s de terminado su interinato de 49 d\u00edas, el Partido de la Revoluci\u00f3n Democr\u00e1tica le denunci\u00f3 a \u00e9l y al ex gobernador Javier Duarte de Ochoa por delitos contra el servicio p\u00fablico.<u><\/u><u><\/u><\/p>\n<p class=\"x_m_-4827834545973031312MsoNoSpacing\">En esa ocasi\u00f3n, el dirigente estatal del PRD, Jes\u00fas Vel\u00e1zquez Flores, se\u00f1al\u00f3 que R\u00edos Alvarado permiti\u00f3 a Javier Duarte el uso personal de un helic\u00f3ptero del gobierno veracruzano, en el que finalmente el ex gobernador puso pies en polvorosa.<u><\/u><u><\/u><\/p>\n<p class=\"x_m_-4827834545973031312MsoNoSpacing\">Antes de eso, el propio ex gobernador interino reconoci\u00f3 que prest\u00f3 una aeronave al hoy pr\u00f3fugo de la justicia, aunque aclar\u00f3 que se trat\u00f3 de una atenci\u00f3n al entonces gobernador que dejaba el cargo y sobre el que, al menos hasta ese momento, no pesaba orden de aprehensi\u00f3n alguna.<u><\/u><u><\/u><\/p>\n<p class=\"x_m_-4827834545973031312MsoNoSpacing\">El caso es que Flavino ya duerme, por as\u00ed decirlo, en el penal de Pacho Viejo, donde tambi\u00e9n se encuentra el ex secretario de Seguridad P\u00fablica del gobierno duartista, Arturo Berm\u00fadez Zurita.<u><\/u><u><\/u><\/p>\n<p class=\"x_m_-4827834545973031312MsoNoSpacing\">Sobre la detenci\u00f3n del ex gobernador interino, el gobierno estatal se\u00f1al\u00f3 que se trata de un acto enmarcado en el combate a la corrupci\u00f3n y a la impunidad; incluso, el gobernador Miguel \u00c1ngel Yunes argument\u00f3 que R\u00edos Alvarado no s\u00f3lo facilit\u00f3 la huida de Javier Duarte, sino que particip\u00f3 en presuntos actos de corrupci\u00f3n, al entregar dos millones y medio de pesos al Movimiento de Regeneraci\u00f3n Nacional.<u><\/u><u><\/u><\/p>\n<p class=\"x_m_-4827834545973031312MsoNoSpacing\">En contraparte, el tricolor se lanz\u00f3 en defensa del detenido. El dirigente nacional del PRI, Enrique Ochoa Reza, por ejemplo, utiliz\u00f3 sus redes sociales para referirse a una \u201cvenganza pol\u00edtica\u201d: \u201cExigimos al gobierno de @YoconYunes aclarar la acusaci\u00f3n y detenci\u00f3n de @flavino_rios. Que se castigue a los responsables sin violar la ley\u2026 La exigencia ciudadana de castigo a la corrupci\u00f3n en #Veracruz es una m\u00e1xima que no puede ser desvirtuada con una venganza pol\u00edtica\u201d.<u><\/u><u><\/u><\/p>\n<p class=\"x_m_-4827834545973031312MsoNoSpacing\">Por su parte, el dirigente estatal del partido, Renato Alarc\u00f3n, habl\u00f3 de una persecuci\u00f3n del gobierno estatal contra quienes \u201cdisentimos de la manera de pensar del actual gobernador\u201d. Asimismo, el exdelegado estatal del Issste se\u00f1al\u00f3 que la Fiscal\u00eda del Estado es \u201cuna herramienta de poder que transgrede la ley y acomoda sus investigaciones al servicio de la pol\u00edtica partidista\u201d.<u><\/u><u><\/u><\/p>\n<p class=\"x_m_-4827834545973031312MsoNoSpacing\">El senador Jos\u00e9 Francisco Yunes Zorrilla fue mucho m\u00e1s mesurado, cauto en el manejo de su Twitter; red social en la que public\u00f3 \u201ccomo todos en #Veracruz demando combatir la impunidad y corrupci\u00f3n pero sin sesgos ni conveniencias pol\u00edticas ni como estrategia medi\u00e1tica\u2026 el proceso de @flavino_rios se debe llevar conforme a derecho y respetando las garant\u00edas individuales\u201d.<u><\/u><u><\/u><\/p>\n<p class=\"x_m_-4827834545973031312MsoNoSpacing\">Dante Delgado, otro ex gobernador interino que tambi\u00e9n fue encarcelado en los tiempos en que Yunes Linares ocupaba la Secretar\u00eda de Gobierno, calific\u00f3 la captura de Flavino R\u00edos como una aberraci\u00f3n jur\u00eddica y subray\u00f3 que \u201cen lugar de gobernar Yunes prefiere circo y actos de pirotecnia\u2026\u201d<u><\/u><u><\/u><\/p>\n<p class=\"x_m_-4827834545973031312MsoNoSpacing\">\n<p class=\"x_m_-4827834545973031312MsoNoSpacing\"><b>El \u201ccorte de caja\u201d de H\u00e9ctor Yunes<\/b><u><\/u><u><\/u><\/p>\n<p class=\"x_m_-4827834545973031312MsoNoSpacing\">Lo cierto es que haciendo a un lado las consideraciones jur\u00eddicas y el proceso legal que tendr\u00e1 que enfrentar el ex gobernador interino, hoy hu\u00e9sped de Pacho Viejo, hay quien comenta que si la intenci\u00f3n del actual ejecutivo estatal era quitarle reflectores a su otrora adversario en la elecci\u00f3n para gobernador, H\u00e9ctor Yunes, la estrategia no result\u00f3 efectiva, sobre todo por el deficiente manejo medi\u00e1tico que se dio al asunto de la captura de R\u00edos Alvarado.<u><\/u><u><\/u><\/p>\n<p class=\"x_m_-4827834545973031312MsoNoSpacing\">Este lunes, Yunes Landa volvi\u00f3 a la carga contra el gobernador de Veracruz. El senador anunci\u00f3 hace una semana que har\u00eda una evaluaci\u00f3n de los primeros cien d\u00edas del gobierno de la entidad y del incumplimiento de compromisos de Yunes Linares, lo cual finalmente cumpli\u00f3 con un evento desarrollado en el puerto de Veracruz, donde se\u00f1al\u00f3 que el ejecutivo deber\u00eda pasar del discurso a la acci\u00f3n y del esc\u00e1ndalo a los resultados, dado que \u201cescandalizar no es gobernar\u201d.<\/p>\n<p class=\"x_m_-4827834545973031312MsoNoSpacing\"><b>M\u00e1s investigados por la fuga de Duarte<u><\/u><u><\/u><\/b><\/p>\n<p class=\"x_m_-4827834545973031312MsoNoSpacing\">A prop\u00f3sito del proceso contra el ex gobernador interino y de la fuga de Javier Duarte, ha trascendido desde hace algunos meses que una de las personas que estar\u00edan incluidas en la investigaci\u00f3n es Ricardo Casanova Morales, quien se desempe\u00f1aba como analista de proyectos de la Direcci\u00f3n de Aeron\u00e1utica del gobierno estatal.<u><\/u><u><\/u><\/p>\n<p class=\"x_m_-4827834545973031312MsoNoSpacing\">A este sujeto se le atribuye presuntamente el haberle otorgado al hoy pr\u00f3fugo todas las facilidades para emprender la huida tras su renuncia al cargo de gobernador.<u><\/u><u><\/u><\/p>\n<p class=\"x_m_-4827834545973031312MsoNoSpacing\">Casanova Morales es presidente de la Fundaci\u00f3n Colosio en la capital del estado y como tal habr\u00eda establecido nexos con la presidenta de dicho organismo priista en Veracruz, Gina Dom\u00ednguez, ex vocera del gobierno estatal durante los primeros a\u00f1os del sexenio de Duarte.<u><\/u><u><\/u><\/p>\n<p class=\"x_m_-4827834545973031312MsoNoSpacing\">De igual manera, ha trascendido que Ricardo Casanova estar\u00eda estrechamente ligado al presidente del Comit\u00e9 Directivo Estatal del PRI, Renato Alarc\u00f3n Guevara. @luisromero85<u><\/u><u><\/u><\/p>\n<p>&nbsp;<\/p>\n","protected":false},"excerpt":{"rendered":"<p>Luis Alberto Romero \u00a0Hora Cero \u00a0 \u00a0 El encarcelamiento del ex gobernador interino de Veracruz, Flavino R\u00edos Alvarado, gener\u00f3 toda clase de reacciones entre la clase pol\u00edtica estatal y nacional. Flavino R\u00edos ha ocupado diversos cargos en la administraci\u00f3n estatal, como las secretar\u00edas de Gobierno y Educaci\u00f3n; y una diputaci\u00f3n local. El pasado 16 de [&hellip;]<\/p>\n","protected":false},"author":2,"featured_media":0,"comment_status":"open","ping_status":"open","sticky":false,"template":"","format":"standard","meta":{"_jetpack_newsletter_access":"","_jetpack_dont_email_post_to_subs":false,"_jetpack_newsletter_tier_id":0,"_jetpack_memberships_contains_paywalled_content":false,"_jetpack_memberships_contains_paid_content":false,"footnotes":""},"categories":[70],"tags":[2219,1761,162,1510,3590],"class_list":["post-31370","post","type-post","status-publish","format-standard","hentry","category-de-opinion","tag-dante-delgado","tag-flavino-rios","tag-javier-duarte","tag-miguel-angel-yunes","tag-pacho-viejo"],"jetpack_featured_media_url":"","jetpack_sharing_enabled":true,"jetpack_shortlink":"https:\/\/wp.me\/p4Qcd3-89Y","_links":{"self":[{"href":"https:\/\/lospoliticosveracruz.com.mx\/index.php?rest_route=\/wp\/v2\/posts\/31370","targetHints":{"allow":["GET"]}}],"collection":[{"href":"https:\/\/lospoliticosveracruz.com.mx\/index.php?rest_route=\/wp\/v2\/posts"}],"about":[{"href":"https:\/\/lospoliticosveracruz.com.mx\/index.php?rest_route=\/wp\/v2\/types\/post"}],"author":[{"embeddable":true,"href":"https:\/\/lospoliticosveracruz.com.mx\/index.php?rest_route=\/wp\/v2\/users\/2"}],"replies":[{"embeddable":true,"href":"https:\/\/lospoliticosveracruz.com.mx\/index.php?rest_route=%2Fwp%2Fv2%2Fcomments&post=31370"}],"version-history":[{"count":2,"href":"https:\/\/lospoliticosveracruz.com.mx\/index.php?rest_route=\/wp\/v2\/posts\/31370\/revisions"}],"predecessor-version":[{"id":31373,"href":"https:\/\/lospoliticosveracruz.com.mx\/index.php?rest_route=\/wp\/v2\/posts\/31370\/revisions\/31373"}],"wp:attachment":[{"href":"https:\/\/lospoliticosveracruz.com.mx\/index.php?rest_route=%2Fwp%2Fv2%2Fmedia&parent=31370"}],"wp:term":[{"taxonomy":"category","embeddable":true,"href":"https:\/\/lospoliticosveracruz.com.mx\/index.php?rest_route=%2Fwp%2Fv2%2Fcategories&post=31370"},{"taxonomy":"post_tag","embeddable":true,"href":"https:\/\/lospoliticosveracruz.com.mx\/index.php?rest_route=%2Fwp%2Fv2%2Ftags&post=31370"}],"curies":[{"name":"wp","href":"https:\/\/api.w.org\/{rel}","templated":true}]}}