{"id":31407,"date":"2017-03-15T17:10:58","date_gmt":"2017-03-15T23:10:58","guid":{"rendered":"http:\/\/www.lospoliticosveracruz.com.mx\/?p=31407"},"modified":"2017-03-15T17:10:58","modified_gmt":"2017-03-15T23:10:58","slug":"la-precariedad-de-las-escuelas-veracruzanas","status":"publish","type":"post","link":"https:\/\/lospoliticosveracruz.com.mx\/?p=31407","title":{"rendered":"La precariedad de las escuelas veracruzanas"},"content":{"rendered":"<p class=\"x_m_-7740341681425146310MsoNoSpacing\"><strong>Luis Alberto Romero<\/strong><u><\/u><u><\/u><\/p>\n<p class=\"x_m_-7740341681425146310MsoNoSpacing\"><em>Hora Cero<\/em><\/p>\n<p class=\"x_m_-7740341681425146310MsoNoSpacing\">\n<p class=\"x_m_-7740341681425146310MsoNoSpacing\"><u><\/u>\u00a0<u><\/u><\/p>\n<p class=\"x_m_-7740341681425146310MsoNoSpacing\">La noticia fue publicada en Diario de Xalapa y consigna una situaci\u00f3n que llama la atenci\u00f3n en el tema educativo de la entidad veracruzana. Ignacio Barradas Soto, director de espacios educativos del gobierno del estado, sostiene que seis de cada diez escuelas de la entidad, de preescolar a bachillerato, se ubican en terrenos irregulares.<u><\/u><u><\/u><\/p>\n<p class=\"x_m_-7740341681425146310MsoNoSpacing\">Muchas escuelas, afirma la fuente, no cuentan con certeza jur\u00eddica en cuanto al espacio que ocupan; o tienen cesi\u00f3n de derechos, pero no se les dio seguimiento a los tr\u00e1mites correspondientes.<u><\/u><u><\/u><\/p>\n<p class=\"x_m_-7740341681425146310MsoNoSpacing\">No es un problema menor, dado que de acuerdo con el funcionario esa situaci\u00f3n impide la inversi\u00f3n directa por parte de la dependencia, en virtud de que los terrenos de las escuelas no est\u00e1n regularizados; por tanto, invertir recursos en ellas violar\u00eda las disposiciones en cuanto al ejercicio del presupuesto.<u><\/u><u><\/u><\/p>\n<p class=\"x_m_-7740341681425146310MsoNoSpacing\">Partiendo de la base de que en Veracruz hay m\u00e1s 18 mil planteles educativos, los n\u00fameros que aport\u00f3 Barradas Soto nos indican que al menos 10 mil escuelas veracruzanas enfrentan dicha situaci\u00f3n.<u><\/u><u><\/u><\/p>\n<p class=\"x_m_-7740341681425146310MsoNoSpacing\">Esos datos nos remiten a la realidad de cientos de escuelas del entorno rural veracruzano, o de colonias populares, asentamientos empobrecidos, que carecen de espacios dignos; que tienen aulas sin mobiliario o en condiciones lamentables.<u><\/u><u><\/u><\/p>\n<p class=\"x_m_-7740341681425146310MsoNoSpacing\">El Consejo Nacional de Evaluaci\u00f3n de la Pol\u00edtica de Desarrollo Social, Coneval, estableci\u00f3 que el \u00edndice de rezago social de Veracruz (que considera b\u00e1sicamente cuatro variables: educaci\u00f3n, salud, servicios b\u00e1sicos y espacios de vivienda) es sumamente alto: m\u00e1s del 45 por ciento de la poblaci\u00f3n veracruzana mayor de 15 a\u00f1os tiene la educaci\u00f3n b\u00e1sica incompleta; 9.44 por ciento de los habitantes de la entidad son analfabetos; en tanto que 4.12 por ciento de los ni\u00f1os de entre 6 y 14 a\u00f1os no asiste a la escuela.<u><\/u><u><\/u><\/p>\n<p class=\"x_m_-7740341681425146310MsoNoSpacing\">Precisamente debido a esos n\u00fameros, adem\u00e1s de los que se relacionan con el rezago en servicios b\u00e1sicos, los de salud y los espacios de vivienda, Veracruz es considerado un estado con un grado muy alto de rezago social; de hecho, en el pa\u00eds es el cuarto con los peores n\u00fameros.<u><\/u><u><\/u><\/p>\n<p class=\"x_m_-7740341681425146310MsoNoSpacing\">A esa grave situaci\u00f3n de rezago social contribuye el caso de la educaci\u00f3n, el analfabetismo y la precariedad en que funcionan miles de escuelas veracruzanas.<u><\/u><u><\/u><\/p>\n<p class=\"x_m_-7740341681425146310MsoNoSpacing\">Recordemos que en Veracruz hay casi 6 millones de habitantes mayores de 15 a\u00f1os; de ellos, 562 mil son analfabetas; m\u00e1s de 922 mil no tienen la primaria terminada; y un mill\u00f3n 166 mil no concluyeron la secundaria. En rezago educativo hay m\u00e1s de 2 millones 651 mil veracruzanos, el 44.5 por ciento de la poblaci\u00f3n total, de acuerdo con la encuesta intercensal 2015 del Instituto Nacional de Estad\u00edstica, Geograf\u00eda e Inform\u00e1tica, Inegi.<u><\/u><u><\/u><\/p>\n<p class=\"x_m_-7740341681425146310MsoNoSpacing\">Esos n\u00fameros son fiel reflejo, dec\u00eda, de la realidad del sector educativo de Veracruz.<u><\/u><u><\/u><\/p>\n<p class=\"x_m_-7740341681425146310MsoNoSpacing\">En ese contexto, ser\u00e1 muy complicado superar las lamentables cifras de la educaci\u00f3n en la entidad cuando cientos de escuelas registran condiciones de precariedad y cuando miles de estudiantes viven en situaci\u00f3n de pobreza, pobreza extrema e incluso alimentaria; por si fuera poco, la inversi\u00f3n p\u00fablica en los planteles educativos se ve frenada por el hecho de que existan diez mil instituciones establecidas en terrenos irregulares, como lo inform\u00f3 el director de espacios educativos.<\/p>\n<p class=\"x_m_-7740341681425146310MsoNoSpacing\"><b>Flavino R\u00edos, m\u00e1s investigaciones<u><\/u><u><\/u><\/b><\/p>\n<p class=\"x_m_-7740341681425146310MsoNoSpacing\">En m\u00e1s del caso relacionado con el encarcelamiento del ex gobernador interino de Veracruz, Flavino R\u00edos Alvarado, este lunes trascendieron nuevas investigaciones en las que saldr\u00eda a relucir el nombre del tambi\u00e9n ex secretario de Gobierno.<u><\/u><u><\/u><\/p>\n<p class=\"x_m_-7740341681425146310MsoNoSpacing\">Una de las investigaciones se relacionar\u00eda con un presunto desv\u00edo de recursos, m\u00e1s de 250 millones de pesos, cuando el de Minatitl\u00e1n se desempe\u00f1aba como secretario de Gobierno en la administraci\u00f3n de Javier Duarte. La otra es por el uso de la reserva del Instituto de Pensiones del Estado, unos dos mil millones de pesos.<u><\/u><u><\/u><\/p>\n<p class=\"x_m_-7740341681425146310MsoNoSpacing\">Esas dos investigaciones se sumar\u00edan a la que ya enfrenta Flavino R\u00edos por presuntamente haber ayudado en su huida al ex gobernador, hoy pr\u00f3fugo de la justicia.<u><\/u><u><\/u><\/p>\n<p class=\"x_m_-7740341681425146310MsoNoSpacing\">A prop\u00f3sito, hoy parece que nadie recuerda otras acusaciones que pesaron contra el ex gobernador interino, sobre quien tambi\u00e9n hubo se\u00f1alamientos por haber sido uno de los hombres m\u00e1s cercanos a Javier Duarte; recordemos, por ejemplo, que en noviembre pasado el entonces senador Fernando Yunes M\u00e1rquez, hoy aspirante panista a la alcald\u00eda de Veracruz, present\u00f3 en la C\u00e1mara Alta un punto de acuerdo para que la Procuradur\u00eda General de la Rep\u00fablica, PGR, actuara contra quienes en esos d\u00edas se desempe\u00f1aban como secretario de Finanzas y gobernador interino, Antonio G\u00f3mez Pelegr\u00edn G\u00f3mez y Flavino R\u00edos Alvarado respectivamente, por el desv\u00edo de las participaciones que correspond\u00edan a los ayuntamientos veracruzanos.<u><\/u><u><\/u><\/p>\n<p class=\"x_m_-7740341681425146310MsoNoSpacing\">En esos d\u00edas nada pas\u00f3; Javier Duarte, Arturo Berm\u00fadez, Gabriel Deantes, Antonio Tarek Abdal\u00e1 y Leonel Bustos, entre otros, se hab\u00edan convertido en el centro de las denuncias por presuntos actos de corrupci\u00f3n, pasando pr\u00e1cticamente inadvertido R\u00edos Alvarado; fue tanta la confianza del sustituto de Duarte de Ochoa que permaneci\u00f3 tranquilo y en su casa, hasta la ma\u00f1ana del pasado s\u00e1bado, cuando fue detenido. @luisromero85<u><\/u><u><\/u><\/p>\n<p>&nbsp;<\/p>\n","protected":false},"excerpt":{"rendered":"<p>Luis Alberto Romero Hora Cero \u00a0 La noticia fue publicada en Diario de Xalapa y consigna una situaci\u00f3n que llama la atenci\u00f3n en el tema educativo de la entidad veracruzana. Ignacio Barradas Soto, director de espacios educativos del gobierno del estado, sostiene que seis de cada diez escuelas de la entidad, de preescolar a bachillerato, [&hellip;]<\/p>\n","protected":false},"author":2,"featured_media":0,"comment_status":"open","ping_status":"open","sticky":false,"template":"","format":"standard","meta":{"_jetpack_newsletter_access":"","_jetpack_dont_email_post_to_subs":false,"_jetpack_newsletter_tier_id":0,"_jetpack_memberships_contains_paywalled_content":false,"_jetpack_memberships_contains_paid_content":false,"footnotes":""},"categories":[70],"tags":[7687,7686,7688],"class_list":["post-31407","post","type-post","status-publish","format-standard","hentry","category-de-opinion","tag-escuelas-veracruzanas","tag-ignacio-barradas-soto","tag-terrenos-irregulares"],"jetpack_featured_media_url":"","jetpack_sharing_enabled":true,"jetpack_shortlink":"https:\/\/wp.me\/p4Qcd3-8az","_links":{"self":[{"href":"https:\/\/lospoliticosveracruz.com.mx\/index.php?rest_route=\/wp\/v2\/posts\/31407","targetHints":{"allow":["GET"]}}],"collection":[{"href":"https:\/\/lospoliticosveracruz.com.mx\/index.php?rest_route=\/wp\/v2\/posts"}],"about":[{"href":"https:\/\/lospoliticosveracruz.com.mx\/index.php?rest_route=\/wp\/v2\/types\/post"}],"author":[{"embeddable":true,"href":"https:\/\/lospoliticosveracruz.com.mx\/index.php?rest_route=\/wp\/v2\/users\/2"}],"replies":[{"embeddable":true,"href":"https:\/\/lospoliticosveracruz.com.mx\/index.php?rest_route=%2Fwp%2Fv2%2Fcomments&post=31407"}],"version-history":[{"count":1,"href":"https:\/\/lospoliticosveracruz.com.mx\/index.php?rest_route=\/wp\/v2\/posts\/31407\/revisions"}],"predecessor-version":[{"id":31408,"href":"https:\/\/lospoliticosveracruz.com.mx\/index.php?rest_route=\/wp\/v2\/posts\/31407\/revisions\/31408"}],"wp:attachment":[{"href":"https:\/\/lospoliticosveracruz.com.mx\/index.php?rest_route=%2Fwp%2Fv2%2Fmedia&parent=31407"}],"wp:term":[{"taxonomy":"category","embeddable":true,"href":"https:\/\/lospoliticosveracruz.com.mx\/index.php?rest_route=%2Fwp%2Fv2%2Fcategories&post=31407"},{"taxonomy":"post_tag","embeddable":true,"href":"https:\/\/lospoliticosveracruz.com.mx\/index.php?rest_route=%2Fwp%2Fv2%2Ftags&post=31407"}],"curies":[{"name":"wp","href":"https:\/\/api.w.org\/{rel}","templated":true}]}}