{"id":31490,"date":"2017-03-20T09:46:21","date_gmt":"2017-03-20T15:46:21","guid":{"rendered":"http:\/\/www.lospoliticosveracruz.com.mx\/?p=31490"},"modified":"2017-03-20T09:46:21","modified_gmt":"2017-03-20T15:46:21","slug":"xalapa-es-la-casa-de-nadie-pero-tambien-la-casa-de-todos","status":"publish","type":"post","link":"https:\/\/lospoliticosveracruz.com.mx\/?p=31490","title":{"rendered":"Xalapa es la Casa de Nadie, pero tambi\u00e9n la casa de todos"},"content":{"rendered":"<p><strong>Armando Ortiz<\/strong><\/p>\n<p><em>Hijo Pr\u00f3digo<\/em><\/p>\n<p>&nbsp;<\/p>\n<p>&nbsp;<\/p>\n<p>El mito de la Atenas Veracruzana ha quedado superado, ya casi nadie se lo cree. La denominaci\u00f3n s\u00f3lo revuela en la mente de algunos nost\u00e1lgicos del ayer. Pero fue cierto, Xalapa alguna vez fue una ciudad cultural, una ciudad en donde la gente conviv\u00eda con los diferentes eventos culturales, donde las temporadas de conciertos de la Orquesta Sinf\u00f3nica de Xalapa eran verdaderos acontecimientos, lo mismo que las muestras de teatro que se sal\u00edan de los escenarios cerrados para ir a los parques y callejones. Todav\u00eda hay quien recuerda esa puesta en escena de Hamlet en el barrio de Xallitic, evento cultural que no se ha repetido.<\/p>\n<p>Entonces \u00e9ramos visitados por grandes figuras literarias: Julio Cort\u00e1zar anduvo por estos lares, lo mismo que Gabriel Garc\u00eda Marquez, Vicente Le\u00f1ero, \u00c1lvaro Mutis y tantos m\u00e1s. En la Facultad de Letras se hac\u00edan los grandes congresos de literatura, las muestras de teatro, las semanas de jazz, o el Junio Musical que de repente desapareci\u00f3 o dej\u00f3 de tener el eco de anta\u00f1o.<\/p>\n<p>\u00bfQu\u00e9 fue lo que sucedi\u00f3? Podr\u00edamos decir que, durante los tres \u00faltimos sexenios, particularmente los dos \u00faltimos, la cultura dej\u00f3 de ser un asunto importante. El presupuesto asignado a la cultura era utilizado para crear meros eventos que tiraban a espect\u00e1culos ramplones que s\u00f3lo buscaban distraer, pero nunca conmover. Los institutos de Cultura en Veracruz nunca han funcionado como tal, como verdaderos administradores de cultura; ha faltado fomento, impuso, promoci\u00f3n.<\/p>\n<p>En los tiempos de Fidel Herrera la cultura s\u00f3lo era la \u201ccaja chica\u201d de un gobernador ladr\u00f3n. Con el presupuesto de la cultura pagamos la boda de uno de los hijos de Juan Maldonado, secretario de Educaci\u00f3n de Miguel Alem\u00e1n. En un tiempo resultaba absurdo que las pol\u00edticas culturales estuvieran en manos de sujetos tan burdos como Salvador Torres Peralta, un contador de pacotilla que cuando se le pidi\u00f3 atendiera un asunto de presupuesto para un promotor de la cultura, el se\u00f1or s\u00f3lo se limit\u00f3 a decir al promotor: \u201cNo ande molestando al director (del IVEC) por esas cantidades (22 mil pesos), yo s\u00f3lo resuelvo asuntos de 100 mil pesos para arriba\u201d. Eso lo s\u00e9 porque el promotor era yo. En su \u00faltima etapa tuvimos en la direcci\u00f3n del IVEC a un alcoh\u00f3lico a quien la madrugada lo sorprend\u00eda en una cantina.<\/p>\n<p>La cultura municipal tampoco anda nada bien. Baste ver qui\u00e9n es la titular; que nos baste eso para entender que al alcalde la cultura como el turismo le han importado muy poco. En una direcci\u00f3n pone a una persona sin trayectoria, ya no digamos inculta, y en la otra dependencia a un hamp\u00f3n.<\/p>\n<p>Lo que est\u00e1 sacando adelante la cultura en nuestra capital son los grupos independientes, como los promotores de La Casa de Nadie, un espacio en el que se re\u00fanen y coinciden diversas personas para regocijarse en el bienestar que les provoca la m\u00fasica, la poes\u00eda, las artes pl\u00e1sticas y por supuesto la danza. Esos grupos independientes que muchas veces son despreciados por las pol\u00edticas culturales, por esos funcionarios que creen que porque ya tocaron en los grandes escenarios, tienen la capacidad para administrar la cultura en un estado; no se enga\u00f1en, no confundan cultura con arte, no confundan esfuerzo personal con esfuerzo colectivo; no confundan aplauso transitorio, con trascendencia.<\/p>\n<p>La cultura est\u00e1 en las calles, en los espacios p\u00fablicos, en los espacios privados, en la reuni\u00f3n de los amigos y en la soledad. Porque cultura es todo lo que hacemos y que nos ayuda a reconocernos; cultura es el esfuerzo que hacemos para que otros nos reconozcan, nos distingan. Cultura es el rostro con que nos mostramos a los dem\u00e1s.<\/p>\n<p>La mezquindad es el enemigo de la cultura. Causa verg\u00fcenza que el cretinismo de un solo sujeto quiera cancelar el esfuerzo de muchas personas por convivir entre ellos, por convivir con el arte y la cultura.<\/p>\n<p>No se debe cerrar La Casa de Nadie, que se ha convertido en un espacio donde se re\u00fane la creatividad y el j\u00fabilo; no se debe cerrar ese espacio en el que se dan talleres art\u00edsticos que promueven y preservan nuestra cultura. Basta ya de la intolerancia y la mentira de sujetos a quienes les duele el regocijo de los dem\u00e1s.<\/p>\n<p>Finalmente, Xalapa es el lugar en que nos toc\u00f3 vivir, por lo que debemos aprender a llevarnos mejor; Xalapa es la casa de nadie, pero tambi\u00e9n es la casa de todos.<\/p>\n<p>aortiz52@hotmail.com<\/p>\n","protected":false},"excerpt":{"rendered":"<p>Armando Ortiz Hijo Pr\u00f3digo &nbsp; &nbsp; El mito de la Atenas Veracruzana ha quedado superado, ya casi nadie se lo cree. La denominaci\u00f3n s\u00f3lo revuela en la mente de algunos nost\u00e1lgicos del ayer. Pero fue cierto, Xalapa alguna vez fue una ciudad cultural, una ciudad en donde la gente conviv\u00eda con los diferentes eventos culturales, [&hellip;]<\/p>\n","protected":false},"author":2,"featured_media":0,"comment_status":"open","ping_status":"open","sticky":false,"template":"","format":"standard","meta":{"_jetpack_newsletter_access":"","_jetpack_dont_email_post_to_subs":false,"_jetpack_newsletter_tier_id":0,"_jetpack_memberships_contains_paywalled_content":false,"_jetpack_memberships_contains_paid_content":false,"footnotes":""},"categories":[70],"tags":[3386,7719,96],"class_list":["post-31490","post","type-post","status-publish","format-standard","hentry","category-de-opinion","tag-cultura","tag-la-casa-de-nadie","tag-xalapa"],"jetpack_featured_media_url":"","jetpack_sharing_enabled":true,"jetpack_shortlink":"https:\/\/wp.me\/p4Qcd3-8bU","_links":{"self":[{"href":"https:\/\/lospoliticosveracruz.com.mx\/index.php?rest_route=\/wp\/v2\/posts\/31490","targetHints":{"allow":["GET"]}}],"collection":[{"href":"https:\/\/lospoliticosveracruz.com.mx\/index.php?rest_route=\/wp\/v2\/posts"}],"about":[{"href":"https:\/\/lospoliticosveracruz.com.mx\/index.php?rest_route=\/wp\/v2\/types\/post"}],"author":[{"embeddable":true,"href":"https:\/\/lospoliticosveracruz.com.mx\/index.php?rest_route=\/wp\/v2\/users\/2"}],"replies":[{"embeddable":true,"href":"https:\/\/lospoliticosveracruz.com.mx\/index.php?rest_route=%2Fwp%2Fv2%2Fcomments&post=31490"}],"version-history":[{"count":1,"href":"https:\/\/lospoliticosveracruz.com.mx\/index.php?rest_route=\/wp\/v2\/posts\/31490\/revisions"}],"predecessor-version":[{"id":31491,"href":"https:\/\/lospoliticosveracruz.com.mx\/index.php?rest_route=\/wp\/v2\/posts\/31490\/revisions\/31491"}],"wp:attachment":[{"href":"https:\/\/lospoliticosveracruz.com.mx\/index.php?rest_route=%2Fwp%2Fv2%2Fmedia&parent=31490"}],"wp:term":[{"taxonomy":"category","embeddable":true,"href":"https:\/\/lospoliticosveracruz.com.mx\/index.php?rest_route=%2Fwp%2Fv2%2Fcategories&post=31490"},{"taxonomy":"post_tag","embeddable":true,"href":"https:\/\/lospoliticosveracruz.com.mx\/index.php?rest_route=%2Fwp%2Fv2%2Ftags&post=31490"}],"curies":[{"name":"wp","href":"https:\/\/api.w.org\/{rel}","templated":true}]}}