{"id":3175,"date":"2014-01-17T13:27:00","date_gmt":"2014-01-17T13:27:00","guid":{"rendered":"http:\/\/www.lospoliticosveracruz.com.mx\/?p=3175"},"modified":"2014-10-10T03:01:04","modified_gmt":"2014-10-10T03:01:04","slug":"mi-reino-por-una-torta-de-la-rielera","status":"publish","type":"post","link":"https:\/\/lospoliticosveracruz.com.mx\/?p=3175","title":{"rendered":"Mi reino por una torta\u2026 de La Rielera"},"content":{"rendered":"<p><b>Roberto Morales Ayala<\/b><\/p>\n<div><i>Zona Franca<\/i><\/p>\n<p>Esto es serio aunque no lo parezca. Y es que tan grave es usar las aeronaves del gobierno de Veracruz para paseos familiares, como enviar un helic\u00f3ptero oficial, de alt\u00edsimo costo, por unas tortas de La Rielera, un expendio de comida popular, en la C\u00f3rdoba que vio crecer al hoy gobernador Javier Duarte de Ochoa.<br \/>Duarte enfrenta su en\u00e9simo esc\u00e1ndalo \u2014y por supuesto, no ser\u00e1 el \u00faltimo\u2014 al saberse que uno de los helic\u00f3pteros, un Bell Trexton, modelo 430, blanco con las insignias del gobierno de Veracruz, matr\u00edcula XC-VER, era usado por uno de los pilotos para darle su pase\u00edto a la familia.<a name='more'><\/a><br \/>El asunto lo document\u00f3 la revista Proceso. No\u00e9 Zavaleta, su corresponsal, refiri\u00f3 que fue el mismo piloto de la aeronave, Alex Wartenveller, quien subi\u00f3 a su cuenta de la red social Facebook la fotograf\u00eda de su hijo sentado en el espacio de copiloto del helic\u00f3tpero del gobierno de Veracruz. En el paseo particip\u00f3 su esposa, Ana S\u00e1nchez Caraza.<br \/> El pase\u00edto lo remat\u00f3 con una expresi\u00f3n por dem\u00e1s expl\u00edcita: \u201cEspero que les haya gustado la vuelta que dimos en helic\u00f3ptero\u201d.<br \/>El hecho ocurri\u00f3 el domingo 12 y el comentario en Facebook, seg\u00fan la informaci\u00f3n de Proceso, se dio horas despu\u00e9s.<br \/>Las fotograf\u00edas y los detalles del viaje familiar del piloto Alex Wartenveller, refiere Proceso, fueron filtradas a los periodistas por empleados menores del \u00e1rea de aeron\u00e1utica del gobierno veracruzano. La fuentes hacen responsables de esas irregularidades a funcionarios de la Secretar\u00eda de Infraestructura y Obras P\u00fablicas, entre ellos Gabriel Alejandro S\u00e1nchez Dom\u00ednguez, director general de Aeron\u00e1utica y Miguel Pablo Sastr\u00e9, jefe de departamento de Control de Vuelos.<br \/>O sea, los vuelos familiares en aeronaves del gobierno veracruzano, son cosa com\u00fan. Lo sabe todo mundo. Tambi\u00e9n los emplean para env\u00edos de millones en efectivo con sospechoso destino, como aquellos 25 millones de pesos en efectivo que fueron inmovilizados por la polic\u00eda federal, que se volvieron la comidilla de la sociedad, que da por sentado que ese dinero era para algo il\u00edcito y no para acciones de gobierno.<br \/>&nbsp;Por supuesto, ante semejante bochorno, el gobierno inici\u00f3 una triste defensa. Envi\u00f3 a Alejandro Morales Reyes, responsable del \u00e1rea de aeron\u00e1utica, a decir que el helic\u00f3ptero Bell Trexton, modelo 430, matr\u00edcula XE-VER (la informaci\u00f3n de Proceso citaba la matr\u00edcula XC-VER), no tuvo actividad el domingo a que se hace referencia; no realiz\u00f3 ning\u00fan vuelo y permaneci\u00f3 en los hangares del aeropuerto El Lencero, a unos kil\u00f3metros de Xalapa, la capital veracruzana. Eso dice la postura oficial.<br \/>Dijo que la persona a la que se hace referencia (Alex Wartenveller) no trabaja en a Direcci\u00f3n de Aeron\u00e1utica del gobierno de Veracruz y que \u201cla foto de referencia fue tomada con la nave en tierra y en ning\u00fan momento se utiliz\u00f3 para un vuelo particular, lo cual consta en las bit\u00e1coras oficiales en las que hay un puntual registro del movimiento y uso de las aeronaves\u201d.<br \/>Con el agua en el cuello, y con el esc\u00e1ndalo arrastr\u00e1ndolo, Javier Duarte quiso apagar el incendio ech\u00e1ndole gasolina. La simple aclaraci\u00f3n del gobierno, v\u00eda el funcionario Alejandro Morales Reyes, es similar a disparar una bala y dar en el pie del gobernador.<br \/> Si Alex Wartenveller no trabaja para el gobierno de Veracruz, cualquiera se pregunta qu\u00e9 hac\u00eda su hijo sentado en el espacio del copiloto en el helic\u00f3ptero de referencia, seg\u00fan apareci\u00f3 en la red social Facebook cuando coment\u00f3 que hab\u00eda llevado a la familia a un paseo por la nubes y que rematar\u00eda con un concreto: \u201cEspero que les haya gustado la vuelta que dimos en helic\u00f3ptero\u201d.<br \/> Pero m\u00e1s all\u00e1 de que el esc\u00e1ndalo del helic\u00f3ptero Bell Trexton del gobierno estatal se vea como lo que es: la distracci\u00f3n de veh\u00edculos oficiales en asuntos triviales, est\u00e1 el desv\u00edo de recursos oficiales y por consiguiente, un obvio peculado.<br \/> Wartenveller es la pieza clave. Si no trabaja para el gobierno veracruzano, es evidente que por alguna raz\u00f3n dispone de las aeronaves oficiales.<br \/>&nbsp;La otra vertiente de la informaci\u00f3n de Proceso que tuvo un aspecto tan explosivo como chusco, fue saber que el gobernador de Veracruz, tan atado a sus antojos, env\u00eda los helic\u00f3pteros oficiales a la ciudad de C\u00f3rdoba a cumplir con una tarea tan prioritaria como es la compra de tamales para el demandante gusto del mandatario.<br \/>\u201cColumnistas de Veracruz han consignado que las aeronaves del gobierno de Duarte tambi\u00e9n han sido utilizadas para complacer los gustos gastron\u00f3micos del pol\u00edtico priista, quien desde palacio de gobierno ha encargado en varias ocasiones que le traigan tortas del expendio \u2018La Rielera\u2019, ubicado en su ciudad natal C\u00f3rdoba\u201d, dice la informaci\u00f3n de No\u00e9 Zavaleta.<br \/>&nbsp;Su apetito es de sobra conocido por los veracruzanos, sobre todo por quienes trabajan en su gobierno.<br \/>Ten\u00eda dos meses en el gobierno de Veracruz cuando exaltaba las tortas de \u201cLa Rielera\u201d. En enero de 2011, el periodista Delfino Hern\u00e1ndez Jim\u00e9nez, en su columna Balc\u00f3n Central lo relataba as\u00ed: \u201cPero por si se duda de la sencillez del gobernador Duarte de Ochoa, ah\u00ed les va un peque\u00f1o ejemplo: en su llegada a C\u00f3rdoba record\u00f3 el buen sabor de las ricas tortas de La Rielera en Pe\u00f1uela\u201d.<br \/>&nbsp;Lo que nadie imaginaba entonces era que los helic\u00f3pteros del gobierno de Veracruz servir\u00edan a la postre para volar, aterrizar en C\u00f3rdoba, enviar al personal al puesto de tortas, adquirir las delicias de \u201cLa Rielera\u201d, emprender el regreso y arribar de nuevo a Xalapa. Ah\u00ed estaba el antojadizo Javier Duarte \u00e1vido de degustar su muy particular manjar.<br \/> Por eso ahora lo comparan con Moctezuma, que seg\u00fan rese\u00f1\u00f3 Bernal D\u00edaz del Castillo, exig\u00eda desayunar pescado fresco, capturado en las playas del Golfo de M\u00e9xico, en el Veracruz de hoy. En relevos, los tamemes recorr\u00edan los m\u00e1s de 300 kil\u00f3metros para que el emperador azteca colmara sus antojos.<br \/>Caprichos cualquiera los tiene. Pero los del gobernador de Veracruz son verdaderas excentricidades, pues el gasto que genera el vuelo de una aeronave es estratosf\u00e9rico. Se paga el combustible, se paga el personal, se genera un desgaste que obliga a un mantenimiento preventivo, se paga el uso de aeropuerto, los servicios de emergencia y todo aquello que implica una erogaci\u00f3n b\u00e1rbara, millonaria.<br \/>&nbsp;Y mientras Javier Duarte anda en boca de medio M\u00e9xico por el esc\u00e1ndalo de los helic\u00f3pteros, vuelven a reclamarle los proveedores de autom\u00f3viles el pago de 12 millones de pesos por concepto de veh\u00edculos que usa su grupo cercano y que el gobierno de Veracruz no ha liquidado. <br \/>Qu\u00e9 grave que el gobernador se olvide de sus obligaciones y, en cambio, use los helic\u00f3pteros para que le compren tortas en \u201cLa Rielera\u201d de C\u00f3rdoba.<br \/>Mi reino por una torta, dir\u00eda el virrey de Veracruz.<\/p>\n<p>(<a href=\"mailto:romoaya@gmail.com)(@moralesrobert\">romoaya@gmail.com)(@moralesrobert<\/a>)<\/div>\n","protected":false},"excerpt":{"rendered":"<p>Roberto Morales Ayala Zona Franca Esto es serio aunque no lo parezca. Y es que tan grave es usar las aeronaves del gobierno de Veracruz para paseos familiares, como enviar un helic\u00f3ptero oficial, de alt\u00edsimo costo, por unas tortas de La Rielera, un expendio de comida popular, en la C\u00f3rdoba que vio crecer al hoy [&hellip;]<\/p>\n","protected":false},"author":1,"featured_media":0,"comment_status":"open","ping_status":"open","sticky":false,"template":"","format":"standard","meta":{"_jetpack_newsletter_access":"","_jetpack_dont_email_post_to_subs":false,"_jetpack_newsletter_tier_id":0,"_jetpack_memberships_contains_paywalled_content":false,"_jetpack_memberships_contains_paid_content":false,"footnotes":""},"categories":[1],"tags":[],"class_list":["post-3175","post","type-post","status-publish","format-standard","hentry","category-sin-categoria"],"jetpack_featured_media_url":"","jetpack_sharing_enabled":true,"jetpack_shortlink":"https:\/\/wp.me\/p4Qcd3-Pd","_links":{"self":[{"href":"https:\/\/lospoliticosveracruz.com.mx\/index.php?rest_route=\/wp\/v2\/posts\/3175","targetHints":{"allow":["GET"]}}],"collection":[{"href":"https:\/\/lospoliticosveracruz.com.mx\/index.php?rest_route=\/wp\/v2\/posts"}],"about":[{"href":"https:\/\/lospoliticosveracruz.com.mx\/index.php?rest_route=\/wp\/v2\/types\/post"}],"author":[{"embeddable":true,"href":"https:\/\/lospoliticosveracruz.com.mx\/index.php?rest_route=\/wp\/v2\/users\/1"}],"replies":[{"embeddable":true,"href":"https:\/\/lospoliticosveracruz.com.mx\/index.php?rest_route=%2Fwp%2Fv2%2Fcomments&post=3175"}],"version-history":[{"count":0,"href":"https:\/\/lospoliticosveracruz.com.mx\/index.php?rest_route=\/wp\/v2\/posts\/3175\/revisions"}],"wp:attachment":[{"href":"https:\/\/lospoliticosveracruz.com.mx\/index.php?rest_route=%2Fwp%2Fv2%2Fmedia&parent=3175"}],"wp:term":[{"taxonomy":"category","embeddable":true,"href":"https:\/\/lospoliticosveracruz.com.mx\/index.php?rest_route=%2Fwp%2Fv2%2Fcategories&post=3175"},{"taxonomy":"post_tag","embeddable":true,"href":"https:\/\/lospoliticosveracruz.com.mx\/index.php?rest_route=%2Fwp%2Fv2%2Ftags&post=3175"}],"curies":[{"name":"wp","href":"https:\/\/api.w.org\/{rel}","templated":true}]}}