{"id":3176,"date":"2014-01-17T03:12:00","date_gmt":"2014-01-17T03:12:00","guid":{"rendered":"http:\/\/www.lospoliticosveracruz.com.mx\/?p=3176"},"modified":"2014-10-10T03:01:04","modified_gmt":"2014-10-10T03:01:04","slug":"el-cambio-de-jacqueline","status":"publish","type":"post","link":"https:\/\/lospoliticosveracruz.com.mx\/?p=3176","title":{"rendered":"El cambio de Jacqueline"},"content":{"rendered":"<p><b>Salvador Mu\u00f1oz<\/b><br \/><i>Los Pol\u00edticos<\/i><\/p>\n<p>Su anuncio sacudi\u00f3 a varios en Palacio de Gobierno, menos a uno\u2026 la chiquita Jacqueline Garc\u00eda Hern\u00e1ndez se pasaba del PRI a Nueva Alianza, uni\u00e9ndose a la bancada albiazul turquesa de Eduardo S\u00e1nchez Mac\u00edas, Juan Ren\u00e9 Chiunti y Miguel \u00c1ngel Sedas Castro.<br \/>Quiz\u00e1s constern\u00f3 porque es m\u00e1s habitual en nuestro Congreso local, que un diputado se pase al PRI \u00a1pero no que abandone al PRI!<br \/>Hubo quienes hablaron de rupturas o divisi\u00f3n\u2026 pero nada\u2026 el Maestro Juan Nicol\u00e1s Callejas Arroyo tom\u00f3 el asunto como lo que es: La decisi\u00f3n de una mujer que tiene el coraz\u00f3n en Nueva Alianza y que le ganan los colores, pero no por ello, deja de recordar que en las elecciones que la llevan a donde hoy est\u00e1, hubo una coalici\u00f3n que se traduce en compromiso, tanto con el partido como con los veracruzanos.<a name='more'><\/a><br \/>II<br \/>No deja de ser interesante la reforma que aprob\u00f3 ayer el Congreso local que establece que s\u00f3lo las personas de 18 a\u00f1os en adelante podr\u00e1n contraer matrimonio. As\u00ed, se impedir\u00e1 matrimonios DE y CON menores y sus consecuencias, ya que se trata de una estrategia de fomento a la protecci\u00f3n de los derechos humanos.<br \/>Por lo regular, los padres obligan a los hijos que salen con su \u201cDomingo 7\u201d a contraer matrimonio aunque tengan 16 \u00f3 17 a\u00f1os. Esto, si hablamos en condiciones urbanas; en t\u00e9rminos rurales, se complica m\u00e1s el asunto. Una asociaci\u00f3n civil llamada \u201cIntermedios\u201d, el a\u00f1o pasado, aseguraba tener localizados nueve municipios donde se dan matrimonios forzados que est\u00e1n ajenos a los embarazos de adolescentes que se dan en las urbes.<br \/>Los municipios son San Andr\u00e9s Tuxtla, Hueyapan de Ocampo, Soledad Atzompa, Tehuipango, Atlahuilco, entre otros.<br \/>Desconozco si haya un matrimonio amparado por la ley en estos casos donde \u201cel pedimento de mano\u201d se da con un trueque: \u201cTe doy una vaca, unos costales de semilas o dinero, a cambio de casarme con tu hija\u201d.<br \/>Para las j\u00f3venes de estos lugares no deja de ser esta pr\u00e1ctica parte de sus usos y costumbres\u2026 por supuesto, el conocimiento de los derechos humanos y otras ideas simplemente no existen para ellas que ven de cierto modo, que ya ayudaron a su familia con su \u201cmatrimonio\u201d.<br \/>La reforma de M\u00f3nica Robles y Ciro F\u00e9lix Porras es un paso\u2026 faltan muchos que dar\u2026<\/p>\n<p>III<br \/>Jacqueline  Garc\u00eda Hern\u00e1ndez nunca ha negado la cruz de su parroquia. Su cub\u00edculo es f\u00e1cilmente de distinguir\u2026 hay quienes juegan la broma para ubicarlo: \u201cVas a la planta baja, a mano derecha, \u00a1en el sal\u00f3n de belleza!\u201d<br \/>Y es que las oficinas se distinguen por los colores de Nueva Alianza: blanco y azul turquesa. Al interior, el toque femenino es evidente. Buen gusto, elegante sin caer en lo exc\u00e9ntrico. Pero hab\u00eda algo que siempre distorsionaba en ese ambiente: La placa fuera de su oficina que la encasillaba como diputada del PRI. Uno la ve\u00eda, entraba y al ver los colores, volv\u00eda a salir para confirmar si era del PRI o de Nueva Alianza\u2026 hoy, ya no hay dudas: Jacqueline  Garc\u00eda Hern\u00e1ndez es diputada de Nueva Alianza y si con su cambio sacudi\u00f3 a varios en Palacio, hubo a uno que no\u2026<\/p>\n<p>IV<br \/>Los n\u00fameros que da Marcela Aguilera son para preocupar: A la fecha, de los 212 municipios que hay en la entidad, s\u00f3lo 60 han nombrado a su titular de Acceso a la Informaci\u00f3n, de los cuales s\u00f3lo 27 se han acreditado ante el IVAI.<br \/>Quiz\u00e1s a muchos veracruzanos no les interese ello y otros ni idean tengan de qu\u00e9 trata el asunto, lo que preocupa es que siendo los ediles los m\u00e1s interesados en la transparencia de su trabajo, se opaquen.<br \/>Ojal\u00e1 que el exhorto que haga la diputada Marcela Aguilera a los 209 ayuntamientos y a los tres concejos municipales para que, a la brevedad, nombren a sus titulares de las Unidades Municipales de Acceso a la Informaci\u00f3n, tenga efecto.<br \/>La idea es que ayuntamientos y concejos instalen portales de transparencia y\/o mesas o tableros de informaci\u00f3n a los que, como sujetos obligados de la ley, se encuentran comprometidos.<br \/>Esta propuesta tambi\u00e9n contempla el exhorto para que las unidades de acceso a la informaci\u00f3n municipal se vinculen a la Comisi\u00f3n Permanente de Transparencia y Acceso a la Informaci\u00f3n del Congreso de Veracruz y al Instituto Veracruzano de Acceso a la Informaci\u00f3n (IVAI), para instrumentar estrategias conjuntas que permitan la puntual observancia de la ley.<\/p>\n<p>V<br \/>Enrique Jackson, pol\u00edtico de largo y retorcido colmillo, dice que es mejor un Diputado Institucional que Incondicional. La raz\u00f3n, porque el primero act\u00faa conforme a los principios de su partido y en pro de sus representados. El segundo, no act\u00faa\u2026 espera instrucciones. \u00c9ste, no ayuda ni al partido, ni al Congreso, ni al Gobierno ni a s\u00ed mismo.<br \/>La decisi\u00f3n de Jacqueline Garc\u00eda Hern\u00e1ndez de integrarse a la bancada de Nueva Alianza no altera en nada la esencia por la que llega como diputada plurinominal del PRI: Hay compromiso con el tricolor, hay puntos afines en sus convicciones y principios y se tiene un punto en com\u00fan entre ambos partidos: los veracruzanos.<br \/>Por eso, cuando en Palacio de Gobierno a varios sorprendi\u00f3 la decisi\u00f3n de Jacqueline Hern\u00e1ndez, hubo uno al que tal cambio ni siquiera inmut\u00f3: A Javier Duarte de Ochoa\u2026 por una simple raz\u00f3n: Como primer priista del estado, el paso del PRI a Nueva Alianza por parte de la diputada Garc\u00eda Hern\u00e1ndez, era parte de un pacto acordado al momento en que se hizo la coalici\u00f3n PRI-Nueva Alianza.<\/p>\n","protected":false},"excerpt":{"rendered":"<p>Salvador Mu\u00f1ozLos Pol\u00edticos Su anuncio sacudi\u00f3 a varios en Palacio de Gobierno, menos a uno\u2026 la chiquita Jacqueline Garc\u00eda Hern\u00e1ndez se pasaba del PRI a Nueva Alianza, uni\u00e9ndose a la bancada albiazul turquesa de Eduardo S\u00e1nchez Mac\u00edas, Juan Ren\u00e9 Chiunti y Miguel \u00c1ngel Sedas Castro.Quiz\u00e1s constern\u00f3 porque es m\u00e1s habitual en nuestro Congreso local, que [&hellip;]<\/p>\n","protected":false},"author":1,"featured_media":0,"comment_status":"open","ping_status":"open","sticky":false,"template":"","format":"standard","meta":{"_jetpack_newsletter_access":"","_jetpack_dont_email_post_to_subs":false,"_jetpack_newsletter_tier_id":0,"_jetpack_memberships_contains_paywalled_content":false,"_jetpack_memberships_contains_paid_content":false,"footnotes":""},"categories":[1],"tags":[],"class_list":["post-3176","post","type-post","status-publish","format-standard","hentry","category-sin-categoria"],"jetpack_featured_media_url":"","jetpack_sharing_enabled":true,"jetpack_shortlink":"https:\/\/wp.me\/p4Qcd3-Pe","_links":{"self":[{"href":"https:\/\/lospoliticosveracruz.com.mx\/index.php?rest_route=\/wp\/v2\/posts\/3176","targetHints":{"allow":["GET"]}}],"collection":[{"href":"https:\/\/lospoliticosveracruz.com.mx\/index.php?rest_route=\/wp\/v2\/posts"}],"about":[{"href":"https:\/\/lospoliticosveracruz.com.mx\/index.php?rest_route=\/wp\/v2\/types\/post"}],"author":[{"embeddable":true,"href":"https:\/\/lospoliticosveracruz.com.mx\/index.php?rest_route=\/wp\/v2\/users\/1"}],"replies":[{"embeddable":true,"href":"https:\/\/lospoliticosveracruz.com.mx\/index.php?rest_route=%2Fwp%2Fv2%2Fcomments&post=3176"}],"version-history":[{"count":0,"href":"https:\/\/lospoliticosveracruz.com.mx\/index.php?rest_route=\/wp\/v2\/posts\/3176\/revisions"}],"wp:attachment":[{"href":"https:\/\/lospoliticosveracruz.com.mx\/index.php?rest_route=%2Fwp%2Fv2%2Fmedia&parent=3176"}],"wp:term":[{"taxonomy":"category","embeddable":true,"href":"https:\/\/lospoliticosveracruz.com.mx\/index.php?rest_route=%2Fwp%2Fv2%2Fcategories&post=3176"},{"taxonomy":"post_tag","embeddable":true,"href":"https:\/\/lospoliticosveracruz.com.mx\/index.php?rest_route=%2Fwp%2Fv2%2Ftags&post=3176"}],"curies":[{"name":"wp","href":"https:\/\/api.w.org\/{rel}","templated":true}]}}