{"id":3177,"date":"2014-01-17T03:02:00","date_gmt":"2014-01-17T03:02:00","guid":{"rendered":"http:\/\/www.lospoliticosveracruz.com.mx\/?p=3177"},"modified":"2014-10-10T03:01:04","modified_gmt":"2014-10-10T03:01:04","slug":"elizabeth-con-legisladores","status":"publish","type":"post","link":"https:\/\/lospoliticosveracruz.com.mx\/?p=3177","title":{"rendered":"Elizabeth, con legisladores"},"content":{"rendered":"<blockquote><p>* DEA se reuni\u00f3 con narcos<br \/>* Reparan carretera Misantla<\/p><\/blockquote>\n<p><b>Jos\u00e9 Ortiz Medina<\/b><br \/><i>En Corto&#8230; sin Cortes<\/i><\/p>\n<p>GRAN CONSENSO ha generado Elizabeth Morales con la militancia. La ex alcaldesa de Xalapa y aspirante a la Presidencia del CDE del PRI ha sostenido reuniones con varios sectores del partido. As\u00ed, por ejemplo, Elizabeth sostuvo ayer un fruct\u00edfero encuentro con diputados locales. En un sal\u00f3n del Congreso Local, los legisladores pri\u00edstas fueron encabezados por Juan Nicol\u00e1s Callejas Arroyo, Anil\u00fa Ingram Vallines, el vocero de la fracci\u00f3n tricolor en el Congreso Local, Tonatiuh Pola Estrada, as\u00ed como el resto de los diputados de filiaci\u00f3n pri\u00edsta.<a name='more'><\/a><\/p>\n<div>LA BUENA noticia es que como parte de las acciones anunciadas para el mantenimiento de la red carretera estatal para este 2014, la Secretar\u00eda de Infraestructura y Obras P\u00fablicas inici\u00f3 ayer la rehabilitaci\u00f3n del camino Banderilla-Misantla, en tramos aislados de Chiconquiaco a Misantla, principalmente el comprendido de la curva com\u00fanmente conocida como la \u201cZ\u201d al kil\u00f3metro 9.<br \/>La dependencia inform\u00f3 que estos trabajos consisten principalmente en el desmonte y limpieza de cunetas, as\u00ed como los trabajos de reconstrucci\u00f3n de la carpeta asf\u00e1ltica y colocaci\u00f3n de se\u00f1alizaci\u00f3n horizontal, con lo que se busca dar las garant\u00edas de un traslado seguro a poblaci\u00f3n que diariamente transita por la zona.<br \/>Con estas acciones se beneficiar\u00e1 directamente la regi\u00f3n de Misantla; as\u00ed como a los municipios de Naolinco, Chiconquiaco, Yecuatla, Colipa, Juchique de Ferrer, Vega de Alatorre y Nautla.<\/p>\n<p>DESPU\u00c9S de darse a conocer la investigaci\u00f3n realizada por un diario de circulaci\u00f3n nacional, que documenta unas 50 reuniones de agentes de la DEA con narcotraficantes en M\u00e9xico, con base en declaraciones judiciales emitidas en Estados Unidos, la senadora Dolores Padierna afirm\u00f3 que las secretar\u00edas de Gobernaci\u00f3n y Relaciones Exteriores, y la Procuradur\u00eda General de la Rep\u00fablica deben dar cuenta al Senado de informaci\u00f3n detallada sobre dichos encuentros, as\u00ed como los alcances derivados de esos contactos. \u201cDesde que se dieron a conocer los cables de Wikileaks, las revelaciones sobre la injerencia ilegal de EU no han parado y continuar\u00e1n en tanto el Gobierno mexicano deje pasar, como si no existieran, las violaciones a la ley que ocurren con el pretexto de la cooperaci\u00f3n\u201d, dijo Padierna Luna.<\/p>\n<p>ERNESTO CORDERO advirti\u00f3 que la cercan\u00eda de Gustavo Madero con el Gobierno federal puede ser un factor que beneficie al actual l\u00edder nacional del PAN para reelegirse. \u201cEl gobierno se siente c\u00f3modo con Madero, de eso no hay duda. Lo que hay que hacer es: si efectivamente el presidente Madero convence a la militancia a la buena que \u00e9l debe continuar al frente del partido, adelante y bienvenido, pero sin ninguna ayuda de ning\u00fan tipo\u201d, puntualiz\u00f3.<br \/>Cordero Arroyo insisti\u00f3, por otra parte, en que el Comit\u00e9 Ejecutivo Nacional y el Consejo Nacional del PAN nombren a una comisi\u00f3n que investigue y transparente c\u00f3mo fueron repartidos los recursos del Presupuesto de Egresos de la Federaci\u00f3n para 2014.<\/p>\n<p>CON EL PROP\u00d3SITO de iniciar los trabajos que los ponga \u201cen un mismo canal\u201d en los terrenos legislativo y pol\u00edtico, las bancadas del PRD en el Senado y la C\u00e1mara de Diputados, as\u00ed como la dirigencia nacional del partido, se reunieron ayer por la ma\u00f1ana. El senador del sol azteca Luis S\u00e1nchez confirm\u00f3 que el encuentro busc\u00f3 generar sincron\u00eda y cohesi\u00f3n entre los legisladores perredistas, a fin de evitar diferencias en temas de la agenda y afrontar las reformas que vienen, sobre todo cuando hay pendientes, como las leyes secundarias de energ\u00eda y telecomunicaciones. Asimismo, adelant\u00f3 que el 31 de enero habr\u00e1 una Plenaria para alcanzar dicha unidad.<br \/>En el encuentro estuvieron el presidente del partido, Jes\u00fas Zambrano, los coordinadores en el Senado, Miguel Barbosa, y en la C\u00e1mara de Diputados, Silvano Aureoles, entre otros.<\/p>\n<p>COMO PARTE del compromiso de la administraci\u00f3n municipal para fomentar la cultura en la ciudad de Veracruz, el Ayuntamiento porte\u00f1o presidido por Ram\u00f3n Poo Gil, anunci\u00f3 la celebraci\u00f3n de las Fiestas Patronales de San Sebasti\u00e1n y el III Festival Mundial de Cine Extremo que se realizar\u00e1 del 17 al 24 de enero. En compa\u00f1\u00eda del p\u00e1rroco V\u00edctor Manuel D\u00edaz Mendoza, el cineasta Fabrizzio Prada y la subdirectora de Cultura Ivonne Moreno Uscanga, la Directora de Turismo y Cultura del ayuntamiento porte\u00f1o, Mar\u00eda del Rosario Arias P\u00e9rez, se\u00f1al\u00f3 que la celebraci\u00f3n contempla actividades culturales, religiosas, art\u00edsticas, que incluyen conciertos, muestras de danza y donaciones art\u00edsticas, as\u00ed como la presentaci\u00f3n de la sinf\u00f3nica juvenil de \u201cDaniel Ayala\u201d y la Escuela Municipal de Bellas Artes.<\/p>\n<p>COBRA FUERZA la versi\u00f3n de que Jos\u00e9 Tello Allende asumir\u00e1 la direcci\u00f3n general del Sistema de Agua y Saneamiento de la zona conurbada que comprende los municipios de Veracruz, Boca del R\u00edo y Medell\u00edn. Hace unos d\u00edas, Tello Allende, inform\u00f3 que por el momento no ha recibido ninguna invitaci\u00f3n para volver a dirigir el SAS, sin embargo \u2013apunt\u00f3\u2013 en caso de ser invitado s\u00ed aceptar\u00eda el reto. Se\u00f1al\u00f3 que \u201csi recibo la invitaci\u00f3n, ten por seguro que como ciudadano, con mucho gusto lo aceptar\u00eda yo, independientemente de que en dos ocasiones he estado, si es necesario aportar nuevamente, lo haremos\u201d. Destac\u00f3 que lo \u00fanico que sabe es lo que ha trascendido en los medios, pero por ahora no ha recibido ninguna invitaci\u00f3n formal.<\/p>\n<p>TAL Y COMO se hab\u00eda pronosticado, Francisco Javier Mu\u00f1oz Ruiz asumi\u00f3 la direcci\u00f3n de TV Azteca Veracruz, en sustituci\u00f3n de Gustavo Filobello. Como es sabido, Paco es hijo del ex gobernador Marco Antonio Mu\u00f1oz Turnbull. Mu\u00f1oz Ruiz  se desempe\u00f1\u00f3 hasta hace poco como coordinador de asesores del ex titular de Sefiplan Tom\u00e1s Ruiz Gonz\u00e1lez, fue delegado del Issste, dirigente estatal del Panal, entre otros cargos que ocup\u00f3 en la administraci\u00f3n p\u00fablica.<\/p><\/div>\n","protected":false},"excerpt":{"rendered":"<p>* DEA se reuni\u00f3 con narcos* Reparan carretera Misantla Jos\u00e9 Ortiz MedinaEn Corto&#8230; sin Cortes GRAN CONSENSO ha generado Elizabeth Morales con la militancia. La ex alcaldesa de Xalapa y aspirante a la Presidencia del CDE del PRI ha sostenido reuniones con varios sectores del partido. As\u00ed, por ejemplo, Elizabeth sostuvo ayer un fruct\u00edfero encuentro [&hellip;]<\/p>\n","protected":false},"author":1,"featured_media":0,"comment_status":"open","ping_status":"open","sticky":false,"template":"","format":"standard","meta":{"_jetpack_newsletter_access":"","_jetpack_dont_email_post_to_subs":false,"_jetpack_newsletter_tier_id":0,"_jetpack_memberships_contains_paywalled_content":false,"_jetpack_memberships_contains_paid_content":false,"footnotes":""},"categories":[1],"tags":[],"class_list":["post-3177","post","type-post","status-publish","format-standard","hentry","category-sin-categoria"],"jetpack_featured_media_url":"","jetpack_sharing_enabled":true,"jetpack_shortlink":"https:\/\/wp.me\/p4Qcd3-Pf","_links":{"self":[{"href":"https:\/\/lospoliticosveracruz.com.mx\/index.php?rest_route=\/wp\/v2\/posts\/3177","targetHints":{"allow":["GET"]}}],"collection":[{"href":"https:\/\/lospoliticosveracruz.com.mx\/index.php?rest_route=\/wp\/v2\/posts"}],"about":[{"href":"https:\/\/lospoliticosveracruz.com.mx\/index.php?rest_route=\/wp\/v2\/types\/post"}],"author":[{"embeddable":true,"href":"https:\/\/lospoliticosveracruz.com.mx\/index.php?rest_route=\/wp\/v2\/users\/1"}],"replies":[{"embeddable":true,"href":"https:\/\/lospoliticosveracruz.com.mx\/index.php?rest_route=%2Fwp%2Fv2%2Fcomments&post=3177"}],"version-history":[{"count":0,"href":"https:\/\/lospoliticosveracruz.com.mx\/index.php?rest_route=\/wp\/v2\/posts\/3177\/revisions"}],"wp:attachment":[{"href":"https:\/\/lospoliticosveracruz.com.mx\/index.php?rest_route=%2Fwp%2Fv2%2Fmedia&parent=3177"}],"wp:term":[{"taxonomy":"category","embeddable":true,"href":"https:\/\/lospoliticosveracruz.com.mx\/index.php?rest_route=%2Fwp%2Fv2%2Fcategories&post=3177"},{"taxonomy":"post_tag","embeddable":true,"href":"https:\/\/lospoliticosveracruz.com.mx\/index.php?rest_route=%2Fwp%2Fv2%2Ftags&post=3177"}],"curies":[{"name":"wp","href":"https:\/\/api.w.org\/{rel}","templated":true}]}}