{"id":32186,"date":"2017-04-12T18:34:01","date_gmt":"2017-04-12T23:34:01","guid":{"rendered":"http:\/\/www.lospoliticosveracruz.com.mx\/?p=32186"},"modified":"2017-04-12T18:34:01","modified_gmt":"2017-04-12T23:34:01","slug":"desde-la-universidad-que-nos-toca-hacer-por-los-derechos-de-las-mujeres","status":"publish","type":"post","link":"https:\/\/lospoliticosveracruz.com.mx\/?p=32186","title":{"rendered":"Desde la Universidad \u00bfqu\u00e9 nos toca hacer por los derechos de las mujeres?"},"content":{"rendered":"<p><strong>Harmida Rubio Guti\u00e9rrez<\/strong><\/p>\n<p><em>Mujeres que saben lat\u00edn<\/em><\/p>\n<p>&nbsp;<\/p>\n<p>Cuando estudiaba la carrera de arquitectura, siendo de las pocas mujeres en mi grupo, hab\u00eda maestros que nos dec\u00edan a nosotras que no sab\u00edan c\u00f3mo \u00edbamos a conseguir trabajo, si todos los contratos de obra se firmaban en las cantinas, y ah\u00ed no pod\u00edamos entrar. Tambi\u00e9n nos dec\u00edan que deb\u00edamos de preocuparnos m\u00e1s por c\u00f3mo vestirnos y c\u00f3mo vernos y no tanto por las entregas de los planos y las maquetas, por que al fin y al cabo nuestro destino era casarnos y tener hijos, no ser profesionistas.<\/p>\n<p>Hasta recuerdo que una vez un maestro, al que le fui a pedir asesor\u00eda de un proyecto, me dijo cuando le rebat\u00ed una de sus cr\u00edticas: a ver, aqu\u00ed no eres la hijita de pap\u00e1, aqu\u00ed el que sabe soy yo; \u00abinstruy\u00e9ndome\u00bb desde el prejuicio y el autoritarismo.<\/p>\n<p>Y as\u00ed, en aquella \u00e9poca, una y otra vez varios maestros nos hac\u00edan ver que la universidad no era nuestro lugar. Como muchas otras compa\u00f1eras, tambi\u00e9n sufr\u00ed acoso por parte de profesores, y muchas ocasiones comentarios groseros y violentos de mis compa\u00f1eros, a los que les parec\u00eda que una mujer que estudiara arquitectura, ten\u00eda que pagar as\u00ed el precio de su osad\u00eda.<\/p>\n<p>Pues bien, veinte a\u00f1os despu\u00e9s parece que las cosas no han cambiado mucho en las universidades, incluso se han subrayado la desigualdad y la violencia.<\/p>\n<p>La semana pasada fuimos testigos de las declaraciones descaradas, agresivas y est\u00fapidas que un profesor universitario emiti\u00f3 acerca del caso de Dafne, la chica veracruzana que fue agredida sexualmente por un grupo de delincuentes adinerados llamados los Porky&#8217;s. Marcelino Perell\u00f3 profesor de la UNAM, en el programa de radio del que era titular, coment\u00f3 que no era violaci\u00f3n cuando a una mujer no se le penetra con el pene, como si esto disminuyera la agresi\u00f3n; y adem\u00e1s trajo a la memoria aquel viejo mito tan da\u00f1ino: que las mujeres secretamente queremos ser violadas porque es la \u00fanica forma en la que sentimos placer sin culpa; entre otras \u00abjoyas\u00bb de frases por el estilo. D\u00edas despu\u00e9s, ante la reacci\u00f3n que hubo en medios y redes sociales, el se\u00f1or fue destituido de su espacio en Radio UNAM, pero \u00bfqu\u00e9 pasar\u00e1 en sus clases?<\/p>\n<p>Las mujeres estamos realmente hartas de que se valoren nuestros pensamientos, experiencias y percepciones de una forma tan banal, como si se estuviera hablando de cruzar la calle o algo dom\u00e9stico y sin importancia, cuando se habla de la invasi\u00f3n de nuestros cuerpos. Estamos hartas de que con toda ligereza y desfachatez alguien justifique la violencia sexual y encima nos eche la culpa; y a\u00fan m\u00e1s hartas estamos, y creo que ya ha llegado el momento de poner un l\u00edmite, de que estos comentarios sigan saliendo de las universidades y que no pase nada con quienes los emiten.<\/p>\n<p>Como bien lo dijo MIchelle Solano, una internauta que opin\u00f3 acerca del caso de Perell\u00f3: las mujeres con nuestros impuestos pagamos los sueldos de profesores de las universidades p\u00fablicas, y somos tambi\u00e9n en gran parte las que estudiamos en ellas. Entonces pienso \u00bfC\u00f3mo es posible que como Universidad sigamos permitiendo que las personas encargadas de la educaci\u00f3n superior, digan a los cuatro vientos que no es grave en este pa\u00eds que a una mujer se le toquete\u00e9, se le agreda sexualmente, se le haga hacer cosas que no quiere hacer, aunque sea menor de edad? \u00bfC\u00f3mo es posible que eso siga pasando en la universidad donde se supone que se cocinan las ideas que llevar\u00e1n a la sociedad a tener una mejor calidad de vida?<\/p>\n<p>Las universidades, como las ciudades, son el reflejo de su sociedad, eso dicen algunas teor\u00edas surgidas de la academia. Yo creo que s\u00ed, pero con sus matices. En este caso, reflejan una parte de la sociedad a la que no le importa que a las mujeres se nos siga matando, violando, agrediendo. Una parte de la sociedad que cree que ese no es su problema. Pero tambi\u00e9n son el reflejo de otra gran parte, mujeres y hombres, que se involucran en la lucha contra la violencia de g\u00e9nero, en las aulas, en los congresos, en los medios de difusi\u00f3n universitarios; y que proponen acciones d\u00eda a d\u00eda, para hacer de las universidades un espacio seguro y digno para las mujeres. Pero creo que hay una gran parte que se queda observando, que no dice nada y lo deja pasar.<\/p>\n<p>Este hecho deja ver lo mucho que hay que trabajar en las universidades para tener de verdad igualdad de g\u00e9nero, respeto, inclusi\u00f3n. Que no sea s\u00f3lo discurso, que sea real. Aprovechemos la coyuntura y hagamos un auto an\u00e1lisis, veamos qu\u00e9 se est\u00e1 difundiendo como pensamiento social e igualitario en las aulas, qu\u00e9 violencias se normalizan y qu\u00e9 discriminaciones siguen vivas y hagamos algo al respecto.<\/p>\n<p>En aquel tiempo en el que yo estudi\u00e9 la carrera, se justificaba a los maestros agresores y discriminadores diciendo que eran muy buenos ense\u00f1ando lo suyo, que eran grandes t\u00e9cnicos, que eran muy buenos profesionistas y transmit\u00edan muy bien el conocimiento. Yo no los recuerdo as\u00ed. Yo creo que no se puede ser buen maestro si difundes que la violencia es normal, y que se la busca quien la sufre. Eso no lo dice una buena persona, y precisamente son buenas personas las que se necesitan en las aulas. Creo que la \u00e9tica universitaria tambi\u00e9n se trata de estos asuntos. Si no, \u00bfqu\u00e9 estamos simulando como universidad? \u00bfNo es la universidad un espacio de esperanza en estos tiempos de violencia?<\/p>\n<p>Reflexionemos. Es el momento para hacer autocr\u00edtica y actuar.<\/p>\n","protected":false},"excerpt":{"rendered":"<p>Harmida Rubio Guti\u00e9rrez Mujeres que saben lat\u00edn &nbsp; Cuando estudiaba la carrera de arquitectura, siendo de las pocas mujeres en mi grupo, hab\u00eda maestros que nos dec\u00edan a nosotras que no sab\u00edan c\u00f3mo \u00edbamos a conseguir trabajo, si todos los contratos de obra se firmaban en las cantinas, y ah\u00ed no pod\u00edamos entrar. Tambi\u00e9n nos [&hellip;]<\/p>\n","protected":false},"author":2,"featured_media":0,"comment_status":"open","ping_status":"open","sticky":false,"template":"","format":"standard","meta":{"_jetpack_newsletter_access":"","_jetpack_dont_email_post_to_subs":false,"_jetpack_newsletter_tier_id":0,"_jetpack_memberships_contains_paywalled_content":false,"_jetpack_memberships_contains_paid_content":false,"footnotes":""},"categories":[70],"tags":[2647,7987,143],"class_list":["post-32186","post","type-post","status-publish","format-standard","hentry","category-de-opinion","tag-los-porkys","tag-marcelino-perello","tag-unam"],"jetpack_featured_media_url":"","jetpack_sharing_enabled":true,"jetpack_shortlink":"https:\/\/wp.me\/p4Qcd3-8n8","_links":{"self":[{"href":"https:\/\/lospoliticosveracruz.com.mx\/index.php?rest_route=\/wp\/v2\/posts\/32186","targetHints":{"allow":["GET"]}}],"collection":[{"href":"https:\/\/lospoliticosveracruz.com.mx\/index.php?rest_route=\/wp\/v2\/posts"}],"about":[{"href":"https:\/\/lospoliticosveracruz.com.mx\/index.php?rest_route=\/wp\/v2\/types\/post"}],"author":[{"embeddable":true,"href":"https:\/\/lospoliticosveracruz.com.mx\/index.php?rest_route=\/wp\/v2\/users\/2"}],"replies":[{"embeddable":true,"href":"https:\/\/lospoliticosveracruz.com.mx\/index.php?rest_route=%2Fwp%2Fv2%2Fcomments&post=32186"}],"version-history":[{"count":1,"href":"https:\/\/lospoliticosveracruz.com.mx\/index.php?rest_route=\/wp\/v2\/posts\/32186\/revisions"}],"predecessor-version":[{"id":32187,"href":"https:\/\/lospoliticosveracruz.com.mx\/index.php?rest_route=\/wp\/v2\/posts\/32186\/revisions\/32187"}],"wp:attachment":[{"href":"https:\/\/lospoliticosveracruz.com.mx\/index.php?rest_route=%2Fwp%2Fv2%2Fmedia&parent=32186"}],"wp:term":[{"taxonomy":"category","embeddable":true,"href":"https:\/\/lospoliticosveracruz.com.mx\/index.php?rest_route=%2Fwp%2Fv2%2Fcategories&post=32186"},{"taxonomy":"post_tag","embeddable":true,"href":"https:\/\/lospoliticosveracruz.com.mx\/index.php?rest_route=%2Fwp%2Fv2%2Ftags&post=32186"}],"curies":[{"name":"wp","href":"https:\/\/api.w.org\/{rel}","templated":true}]}}