{"id":32522,"date":"2017-04-19T11:09:42","date_gmt":"2017-04-19T16:09:42","guid":{"rendered":"http:\/\/www.lospoliticosveracruz.com.mx\/?p=32522"},"modified":"2017-04-19T11:09:42","modified_gmt":"2017-04-19T16:09:42","slug":"la-ruta-de-los-negocios-duarte-mansur-en-puebla","status":"publish","type":"post","link":"https:\/\/lospoliticosveracruz.com.mx\/?p=32522","title":{"rendered":"La ruta de los negocios\u00a0Duarte-Mansur en Puebla"},"content":{"rendered":"<p class=\"x_MsoNormal\">\n<p class=\"x_MsoNormal\"><strong>Jos\u00e9 Ortiz Medina<\/strong><\/p>\n<p class=\"x_MsoNormal\"><em>En Corto&#8230; Sin Cortes<\/em><\/p>\n<p class=\"x_MsoNormal\">\n<p class=\"x_MsoNormal\">Mucho muy interesante lo que expone su columna del diario 24 Horas Puebla el periodista Mario Alberto Mej\u00eda, quien revela nexos y una ruta de los negocios de la dupla Javier Duarte-Mois\u00e9s Mansur que llega al vecino estado de Puebla.<\/p>\n<p class=\"x_MsoNormal\">El periodista poblano se\u00f1ala que una hermana de \u201cMoi\u201d Mansur, Pita Mansur, es propietaria de dos razones sociales que habr\u00edan sido beneficiadas con contratos para eventos del gobierno de Duarte de Ochoa: Alquiladora y Eventos Celebra SA de CV y Carpas Casa Blanca de Puebla.<\/p>\n<p class=\"x_MsoNormal\">\u201cLas dos razones sociales conducen a la Florer\u00eda Celebra, ubicada en Teziutl\u00e1n Sur 96 A, colonia La Paz, C\u00f3digo Postal 72160. Durante el feliz gobierno del matrimonio Duarte-Mac\u00edas (feliz para ellos, infeliz para el\u00a0infelizaje), do\u00f1a Pita Mansur iba una y otra vez a Veracruz para coordinar que las carpas que todos los d\u00edas le contrataban estuvieran bien montadas. \u00bfY qu\u00e9 decir de las decenas de millones o billones o trillones de flores que adornaron los actos del binomio Duarte-Mansur? Do\u00f1a Pita surt\u00eda y decoraba todo con el excelente gusto que le caracteriza\u201d, escribe Mario Alberto Mej\u00eda en su espacio La Quinta Columna, en la entrega titulada \u201cLa hermana del prestanombres de Javier Duarte y sus negocios poblanos\u201d.<\/p>\n<p class=\"x_MsoNormal\">El periodista a\u00f1ade que \u201ctras la revelaci\u00f3n de la trama de la corrupci\u00f3n de los Duarte (\u2026) sobrevino la danza de las deslealtades. Y es que Mois\u00e9s Mansur traicion\u00f3 a Javier Duarte y le entreg\u00f3 a Miguel \u00c1ngel Yunes la ruta del dinero\u00a0<i>black<\/i>. Dicen las amigas de do\u00f1a Pita que ella entr\u00f3 en una severa crisis emocional y que dej\u00f3 de dormir y de comer. No pod\u00eda ser de otra manera, pues una de esas rutas de contratos inexplicables, exasperantes y absurdos conduce a la Florer\u00eda Celebra\u201d.<\/p>\n<p class=\"x_MsoNormal\">Y aporta otro dato interesante: \u201cUn cap\u00edtulo falta en esta trama. El hijo del matrimonio Escudero-Mansur fue secretario particular de Duarte durante varios a\u00f1os. Cuando el barco pirata empez\u00f3 a hundirse, nuestro h\u00e9roe renunci\u00f3. Y regres\u00f3 a Puebla. \u2018Nunca firm\u00f3 documentos\u2019, acotaron sus familiares. No era necesario. Por sus ojos pasaron negocios sucios, dinero\u00a0<i>black<\/i>, personajes siniestros y encuentros indecorosos. Sus o\u00eddos escucharon todo lo que un particular puede captar: conversaciones, gritos y susurros. (Todo aquello que vuelve c\u00f3mplice a quien forma parte \u2014ineludiblemente\u2014 de un grupo de la delincuencia organizada). Regres\u00f3 a Puebla queriendo escapar de la pesadilla. Y arranc\u00f3 un jugoso negocio\u201d.<\/p>\n<p class=\"x_MsoNormal\">\u00bfA qui\u00e9n se referir\u00e1 exactamente el periodista? Esta historia continuar\u00e1.<\/p>\n<p class=\"x_MsoNormal\">\u00a0<b>Las contradicciones del director de\u00a0<\/b><b>Seguridad Ciudadana de Boca<\/b><\/p>\n<p class=\"x_MsoNormal\">\u00a0Primer acto: a principios de abril en varios medios nacionales y locales se inform\u00f3 que tres funcionarios de la Direcci\u00f3n de Tr\u00e1nsito y Protecci\u00f3n Civil de Boca del R\u00edo fueron \u201clevantados\u201d por un comando en pleno bulevar tur\u00edstico de Miguel Alem\u00e1n, hechos que el propio Gobierno yunista reconoci\u00f3. Se detall\u00f3 que sujetos desconocidos interceptaron los veh\u00edculos del general Mart\u00edn Cordero Luque\u00f1o y dos subordinados, en dos eventos distintos.<\/p>\n<p class=\"x_MsoNormal\">Segundo acto: d\u00edas despu\u00e9s Cordero Luque\u00f1o contradijo al Gobierno del estado y sostuvo que no fue privado de la libertad. Se\u00f1al\u00f3 que lo \u00fanico que sucedi\u00f3 esa ma\u00f1ana fue que un veh\u00edculo les cerr\u00f3 el paso a \u00e9l y al subdirector de Tr\u00e1nsito por lo que decidieron retirarse en un taxi y dejar la camioneta de Protecci\u00f3n Civil abandonada.<\/p>\n<p class=\"x_MsoNormal\">En otro punto que se contradijo con el bolet\u00edn oficial es que asever\u00f3 que \u00fanicamente fueron dos personas, ya que \u00e9l y el subdirector iban juntos y no que fueron hechos distintos ni que estuvieron tres involucrados.<\/p>\n<p class=\"x_MsoNormal\">Tercer acto: el Gabinete de Seguridad del Gobierno de la Rep\u00fablica detuvo este martes a Juan Manuel \u201cN\u201d, quien es presunto integrante de un grupo delictivo que opera en la zona de Boca del R\u00edo y de quien existen elementos para presumir que el 5 de abril pasado coordin\u00f3 el secuestro del director de Seguridad Ciudadana del ayuntamiento de Boca del R\u00edo.<\/p>\n<p class=\"x_MsoNormal\">Estas contradicciones dejan mal parado al Gobierno estatal, y nos remite al \u201cmodus operandi\u201d\u00a0que una c\u00e9lula de la delincuencia organizada aplic\u00f3 el pasado 1 de febrero, cuando tres marinos del \u00e1rea de inteligencia fueron \u201clevantados\u201d.<\/p>\n<p class=\"x_MsoNormal\">Colof\u00f3n: Un simple cerr\u00f3n no es suficiente causa para abandonar una camioneta de Protecci\u00f3n Civil y tomar un taxi. Nos queda claro que el funcionario boquense s\u00ed fue levantado pero no lo quisieron aceptar de manera oficial. La detenci\u00f3n de Juan Manuel \u201cN\u201d les tira su contradictorio teatrito.<\/p>\n<p class=\"x_MsoNormal\">\u00a0<b>Le baja dos rayitas Miyuli<\/b><\/p>\n<p class=\"x_MsoNormal\">Luego de conocerse la enorme molestia que caus\u00f3 en Los Pinos la arribista postura del gobierno de Miguel \u00c1ngel Yunes Linares para intentar adjudicarse el m\u00e9rito de la detenci\u00f3n del ex gobernador pr\u00f3fugo Javier Duarte, el actual mandatario estatal tuvo que bajar la tensi\u00f3n con la administraci\u00f3n federal.<\/p>\n<p class=\"x_MsoNormal\">Tras conocerse que el Gabinete de Seguridad del Gobierno de la Rep\u00fablica detuvo a Juan Manuel \u201cN\u201d, presunto integrante de un grupo delictivo que opera en la zona de Boca del R\u00edo, que seg\u00fan esto manten\u00eda el control de una red conformada por polic\u00edas municipales y taxistas para cometer extorsiones, ni tardo ni perezoso, Yunes Linares se apresur\u00f3 para echarle flores al gobierno pe\u00f1ista a trav\u00e9s de un mensaje en Twitter: \u201cMi reconocimiento al Gabinete de Seguridad del @gobmx por este golpe a la delincuencia. Contribuye a la tranquilidad de los veracruzanos\u201d, escribi\u00f3.<\/p>\n<p class=\"x_MsoNormal\">Se ve que Miyuli no quiso ponerse a las \u201ctrompadas con Sans\u00f3n\u201d y prefiri\u00f3 llevar la fiesta en paz, a tres d\u00edas de que el presidente Enrique Pe\u00f1a Nieto pise tierras veracruzanas.<\/p>\n<p class=\"x_MsoNormal\">No vaya a ser que se activen otros procesos judiciales pendientes que tienen en la PGR.<\/p>\n<p>&nbsp;<\/p>\n","protected":false},"excerpt":{"rendered":"<p>Jos\u00e9 Ortiz Medina En Corto&#8230; Sin Cortes Mucho muy interesante lo que expone su columna del diario 24 Horas Puebla el periodista Mario Alberto Mej\u00eda, quien revela nexos y una ruta de los negocios de la dupla Javier Duarte-Mois\u00e9s Mansur que llega al vecino estado de Puebla. El periodista poblano se\u00f1ala que una hermana de [&hellip;]<\/p>\n","protected":false},"author":2,"featured_media":0,"comment_status":"open","ping_status":"open","sticky":false,"template":"","format":"standard","meta":{"_jetpack_newsletter_access":"","_jetpack_dont_email_post_to_subs":false,"_jetpack_newsletter_tier_id":0,"_jetpack_memberships_contains_paywalled_content":false,"_jetpack_memberships_contains_paid_content":false,"footnotes":""},"categories":[70],"tags":[8040,260,8037,6545,8038],"class_list":["post-32522","post","type-post","status-publish","format-standard","hentry","category-de-opinion","tag-carpas-casa-blanca-de-puebla","tag-javier-duarte-de-ochoa","tag-mario-alberto-mejia","tag-moises-mansur","tag-pita-mansur"],"jetpack_featured_media_url":"","jetpack_sharing_enabled":true,"jetpack_shortlink":"https:\/\/wp.me\/p4Qcd3-8sy","_links":{"self":[{"href":"https:\/\/lospoliticosveracruz.com.mx\/index.php?rest_route=\/wp\/v2\/posts\/32522","targetHints":{"allow":["GET"]}}],"collection":[{"href":"https:\/\/lospoliticosveracruz.com.mx\/index.php?rest_route=\/wp\/v2\/posts"}],"about":[{"href":"https:\/\/lospoliticosveracruz.com.mx\/index.php?rest_route=\/wp\/v2\/types\/post"}],"author":[{"embeddable":true,"href":"https:\/\/lospoliticosveracruz.com.mx\/index.php?rest_route=\/wp\/v2\/users\/2"}],"replies":[{"embeddable":true,"href":"https:\/\/lospoliticosveracruz.com.mx\/index.php?rest_route=%2Fwp%2Fv2%2Fcomments&post=32522"}],"version-history":[{"count":1,"href":"https:\/\/lospoliticosveracruz.com.mx\/index.php?rest_route=\/wp\/v2\/posts\/32522\/revisions"}],"predecessor-version":[{"id":32523,"href":"https:\/\/lospoliticosveracruz.com.mx\/index.php?rest_route=\/wp\/v2\/posts\/32522\/revisions\/32523"}],"wp:attachment":[{"href":"https:\/\/lospoliticosveracruz.com.mx\/index.php?rest_route=%2Fwp%2Fv2%2Fmedia&parent=32522"}],"wp:term":[{"taxonomy":"category","embeddable":true,"href":"https:\/\/lospoliticosveracruz.com.mx\/index.php?rest_route=%2Fwp%2Fv2%2Fcategories&post=32522"},{"taxonomy":"post_tag","embeddable":true,"href":"https:\/\/lospoliticosveracruz.com.mx\/index.php?rest_route=%2Fwp%2Fv2%2Ftags&post=32522"}],"curies":[{"name":"wp","href":"https:\/\/api.w.org\/{rel}","templated":true}]}}