{"id":32844,"date":"2017-04-24T10:55:31","date_gmt":"2017-04-24T15:55:31","guid":{"rendered":"http:\/\/www.lospoliticosveracruz.com.mx\/?p=32844"},"modified":"2017-04-24T10:55:31","modified_gmt":"2017-04-24T15:55:31","slug":"violencia-veracruzana-una-historia-de-terror","status":"publish","type":"post","link":"https:\/\/lospoliticosveracruz.com.mx\/?p=32844","title":{"rendered":"Violencia veracruzana, una historia de terror"},"content":{"rendered":"<p class=\"x_MsoNormal\"><strong>Luis Alberto Romero<\/strong><\/p>\n<p class=\"x_MsoNormal\"><em>Hora Cero<\/em><\/p>\n<p class=\"x_MsoNormal\">\n<p class=\"x_MsoNormal\"><u><\/u>\u00a0<u><\/u><\/p>\n<p class=\"x_MsoNormal\"><u><\/u>\u00a0<u><\/u><\/p>\n<p class=\"x_MsoNormal\">En Veracruz, el ambiente es de preocupaci\u00f3n y miedo ante el incremento de los delitos. No hay regi\u00f3n en el estado en la que la poblaci\u00f3n est\u00e9 tranquila; los homicidios y secuestros son noticias comunes en los medios y redes sociales.<u><\/u><u><\/u><\/p>\n<p class=\"x_MsoNormal\">En Mart\u00ednez de la Torre, por citar un ejemplo, las narraciones sobre hechos violentos son escalofriantes y se puede observar una creciente tensi\u00f3n social como consecuencia de los frecuentes asesinatos.<u><\/u><u><\/u><\/p>\n<p class=\"x_MsoNormal\">Hablo con reporteros locales, a quienes pregunto sobre el asunto de la inseguridad en la zona; se\u00f1alan que a diferencia de a\u00f1os anteriores, cuando las v\u00edctimas eran fuertes empresarios, o los propios delincuentes en luchas registradas entre bandas rivales, hoy se observan ataques contra integrantes de grupos sociales de condici\u00f3n econ\u00f3mica m\u00e1s bien modesta; en ese contexto ubican a los recientes asesinatos contra dos enfermeras de la zona; o el homicidio perpetrado contra un peque\u00f1o productor citr\u00edcola de la zona lim\u00edtrofe entre ese municipio y San Rafael. Son historias de terror cuyos detalles no son necesarios; basta decir que por la violencia extrema sobrepasan cualquier narraci\u00f3n de ficci\u00f3n.<u><\/u><u><\/u><\/p>\n<p class=\"x_MsoNormal\">Ese ambiente de preocupaci\u00f3n en Veracruz, de temor e inseguridad, es reflejo de la realidad de violencia que se observa en la entidad. La percepci\u00f3n social, en este caso, es alentada por una ola delictiva que se proyecta en la estad\u00edstica oficial.<u><\/u><u><\/u><\/p>\n<p class=\"x_MsoNormal\">El Secretariado Ejecutivo del Sistema Nacional de Seguridad P\u00fablica dio a conocer las estad\u00edsticas delictivas de marzo del presente a\u00f1o, que indican que la actividad delincuencial en Veracruz se ha disparado: el n\u00famero total de il\u00edcitos pas\u00f3 de 3 mil 837, en febrero, a m\u00e1s de 5 mil en el mes siguiente.<u><\/u><u><\/u><\/p>\n<p class=\"x_MsoNormal\">Los robos tambi\u00e9n aumentaron, al igual que los casos de abigeato, lesiones y delitos patrimoniales.<u><\/u><u><\/u><\/p>\n<p class=\"x_MsoNormal\">El homicidio doloso y la privaci\u00f3n ilegal de la libertad, que son los que m\u00e1s preocupaci\u00f3n general y los que m\u00e1s fortalecen la percepci\u00f3n de inseguridad entre la poblaci\u00f3n, tambi\u00e9n registraron un alza considerable.<u><\/u><u><\/u><\/p>\n<p class=\"x_MsoNormal\">Durante enero y febrero, de acuerdo con la informaci\u00f3n que maneja la Fiscal\u00eda estatal, se cometieron en Veracruz 102 y 109 homicidios dolosos, respectivamente; esa cifra se dispar\u00f3 de forma considerable en el tercer mes del a\u00f1o, cuando los n\u00fameros oficiales consignaron 161 casos; es decir, casi 55 por ciento m\u00e1s.<u><\/u><u><\/u><\/p>\n<p class=\"x_MsoNormal\">Lo mismo ocurri\u00f3 en la casilla de las lesiones dolosas: de 307 registradas durante febrero del presente a\u00f1o se pas\u00f3 a 423; el aumento en ese delito estuvo cerca del 40 por ciento.<u><\/u><u><\/u><\/p>\n<p class=\"x_MsoNormal\">Si durante enero y febrero se cometieron en Veracruz 15 y 13 secuestros, respectivamente, en marzo la situaci\u00f3n con relaci\u00f3n a ese il\u00edcito se complic\u00f3 a\u00fan m\u00e1s: 18 personas fueron privadas de su libertad, lo cual implica un incremento de casi 40 por ciento.<u><\/u><u><\/u><\/p>\n<p class=\"x_MsoNormal\">En total, el saldo del primer trimestre del a\u00f1o es de 372 homicidios dolosos y 46 secuestros.<u><\/u><u><\/u><\/p>\n<p class=\"x_MsoNormal\">Si a esa cifra sumamos los datos que corresponden al \u00faltimo mes de 2016, el primero de la administraci\u00f3n de Miguel \u00c1ngel Yunes Linares, el saldo en los cuatro meses iniciales del presente gobierno estatal veracruzano es de 504 asesinatos dolosos y 63 secuestros; esto es, m\u00e1s de cuatro homicidios dolosos cada d\u00eda; y un caso de privaci\u00f3n ilegal de la libertad cada dos d\u00edas.<u><\/u><u><\/u><\/p>\n<p class=\"x_MsoNormal\">Es, el de la inseguridad, un verdadero drama que enfrenta la sociedad veracruzana.<u><\/u><u><\/u><\/p>\n<p class=\"x_MsoNormal\"><u><\/u><b>Recursos federales para educaci\u00f3n<u><\/u><u><\/u><\/b><\/p>\n<p class=\"x_MsoNormal\">El pasado d\u00eda 20 del presente mes, el gobierno federal dio a conocer los t\u00e9rminos de un convenio que celebrar\u00e1 con el estado de Veracruz, mediante el cual asignar\u00e1 recursos por casi 327 millones de pesos en siete programas del rubro educativo.<u><\/u><u><\/u><\/p>\n<p class=\"x_MsoNormal\">La buena noticia es que el gobierno veracruzana recibir\u00e1, a partir de abril y en otras tres ministraciones \u2013julio, octubre y diciembre\u2013, un importante monto que ser\u00e1 destinado a la educaci\u00f3n b\u00e1sica.<u><\/u><u><\/u><\/p>\n<p class=\"x_MsoNormal\">Se trata de 32 millones 555 mil pesos\u00a0 del Programa de Fortalecimiento de la Calidad Educativa; 9 millones 957 mil pesos del Programa Nacional de Ingl\u00e9s; 3 millones 720 mil del Programa para la Inclusi\u00f3n y la Equidad Educativa; 6 millones 789 mil del Programa Nacional de Becas; 246 millones 459 mil del Programa de Escuelas de Tiempo Completo; y 16 millones 19 mil pesos del Programa Nacional de Convivencia Escolar.<u><\/u><u><\/u><\/p>\n<p class=\"x_MsoNormal\"><u><\/u>\u00a0<u><\/u><b>Guillermo Z\u00fa\u00f1iga, a dos a\u00f1os<u><\/u><u><\/u><\/b><\/p>\n<p class=\"x_MsoNormal\">Figuras como la del maestro Guillermo Z\u00fa\u00f1iga Mart\u00ednez se echan de menos en los tiempos pol\u00edticos que vivimos.<u><\/u><u><\/u><\/p>\n<p class=\"x_MsoNormal\">Hombre creador de instituciones educativas, responsable, congruente y de inteligencia clara. A dos a\u00f1os de su fallecimiento se le recuerda como la ant\u00edtesis de los gobernantes que caen en los excesos del \u201cpinche poder\u201d y arman un aut\u00e9ntico carnaval de ofensas a la sociedad.<u><\/u><u><\/u><\/p>\n<p class=\"x_MsoNormal\">Z\u00fa\u00f1iga Mart\u00ednez no era de esa clase, al contrario, su vida siempre estuvo dedicada al trabajo. En su legado se inscriben desde instituciones, textos e idearios, hasta su propia descendencia. Sus hijos Anil\u00fa, Guillermo y Am\u00e9rico han sido dignos herederos del prestigio del extinto ex alcalde. @luisromero85<\/p>\n","protected":false},"excerpt":{"rendered":"<p>Luis Alberto Romero Hora Cero \u00a0 \u00a0 En Veracruz, el ambiente es de preocupaci\u00f3n y miedo ante el incremento de los delitos. No hay regi\u00f3n en el estado en la que la poblaci\u00f3n est\u00e9 tranquila; los homicidios y secuestros son noticias comunes en los medios y redes sociales. En Mart\u00ednez de la Torre, por citar [&hellip;]<\/p>\n","protected":false},"author":2,"featured_media":0,"comment_status":"open","ping_status":"open","sticky":false,"template":"","format":"standard","meta":{"_jetpack_newsletter_access":"","_jetpack_dont_email_post_to_subs":false,"_jetpack_newsletter_tier_id":0,"_jetpack_memberships_contains_paywalled_content":false,"_jetpack_memberships_contains_paid_content":false,"footnotes":""},"categories":[70],"tags":[196,963,913,195],"class_list":["post-32844","post","type-post","status-publish","format-standard","hentry","category-de-opinion","tag-inseguridad","tag-martinez-de-la-torre","tag-miedo","tag-veracruz"],"jetpack_featured_media_url":"","jetpack_sharing_enabled":true,"jetpack_shortlink":"https:\/\/wp.me\/p4Qcd3-8xK","_links":{"self":[{"href":"https:\/\/lospoliticosveracruz.com.mx\/index.php?rest_route=\/wp\/v2\/posts\/32844","targetHints":{"allow":["GET"]}}],"collection":[{"href":"https:\/\/lospoliticosveracruz.com.mx\/index.php?rest_route=\/wp\/v2\/posts"}],"about":[{"href":"https:\/\/lospoliticosveracruz.com.mx\/index.php?rest_route=\/wp\/v2\/types\/post"}],"author":[{"embeddable":true,"href":"https:\/\/lospoliticosveracruz.com.mx\/index.php?rest_route=\/wp\/v2\/users\/2"}],"replies":[{"embeddable":true,"href":"https:\/\/lospoliticosveracruz.com.mx\/index.php?rest_route=%2Fwp%2Fv2%2Fcomments&post=32844"}],"version-history":[{"count":1,"href":"https:\/\/lospoliticosveracruz.com.mx\/index.php?rest_route=\/wp\/v2\/posts\/32844\/revisions"}],"predecessor-version":[{"id":32845,"href":"https:\/\/lospoliticosveracruz.com.mx\/index.php?rest_route=\/wp\/v2\/posts\/32844\/revisions\/32845"}],"wp:attachment":[{"href":"https:\/\/lospoliticosveracruz.com.mx\/index.php?rest_route=%2Fwp%2Fv2%2Fmedia&parent=32844"}],"wp:term":[{"taxonomy":"category","embeddable":true,"href":"https:\/\/lospoliticosveracruz.com.mx\/index.php?rest_route=%2Fwp%2Fv2%2Fcategories&post=32844"},{"taxonomy":"post_tag","embeddable":true,"href":"https:\/\/lospoliticosveracruz.com.mx\/index.php?rest_route=%2Fwp%2Fv2%2Ftags&post=32844"}],"curies":[{"name":"wp","href":"https:\/\/api.w.org\/{rel}","templated":true}]}}