{"id":32928,"date":"2017-04-25T10:37:08","date_gmt":"2017-04-25T15:37:08","guid":{"rendered":"http:\/\/www.lospoliticosveracruz.com.mx\/?p=32928"},"modified":"2017-04-25T10:37:08","modified_gmt":"2017-04-25T15:37:08","slug":"mujeres-por-el-senado","status":"publish","type":"post","link":"https:\/\/lospoliticosveracruz.com.mx\/?p=32928","title":{"rendered":"Mujeres por el Senado"},"content":{"rendered":"<p class=\"x_MsoNormal\"><b><\/b><strong>Luis Alberto Romero<\/strong><u><\/u><u><\/u><\/p>\n<p class=\"x_MsoNormal\"><em>Hora Cero<\/em><\/p>\n<p class=\"x_MsoNormal\">\n<p class=\"x_MsoNormal\"><u><\/u>\u00a0<u><\/u><\/p>\n<p class=\"x_MsoNormal\">Al interior de los partidos pol\u00edticos ya se analizan los perfiles de quienes buscar\u00e1n el pr\u00f3ximo a\u00f1o una curul en el Senado de la Rep\u00fablica, espacio en el que Veracruz hoy tiene a dos priistas y un panista, Jos\u00e9 Francisco Yunes Zorrilla y H\u00e9ctor Yunes Landa, as\u00ed como Mar\u00eda del Rosario Guzm\u00e1n Avil\u00e9s, suplente de Fernando Yunes M\u00e1rquez.<u><\/u><u><\/u><\/p>\n<p class=\"x_MsoNormal\">De acuerdo con los cambios en las leyes en materia de paridad de g\u00e9nero, los partidos deber\u00e1n postular a mujeres en al menos una de las dos f\u00f3rmulas.<u><\/u><u><\/u><\/p>\n<p class=\"x_MsoNormal\">En esa carrera por llegar a la C\u00e1mara Alta no falta quien encarte a la ex alcaldesa de Xalapa, Elizabeth Morales Garc\u00eda, quien habr\u00eda pasado de Profeco a la delegaci\u00f3n del ISSSTE con la aparente finalidad de ubicarse en una mejor posici\u00f3n para buscar el Senado.<u><\/u><u><\/u><\/p>\n<p class=\"x_MsoNormal\">Morales Garc\u00eda ya gan\u00f3 dos elecciones; sin embargo, en su \u00faltima experiencia electoral, cuando busc\u00f3 la diputaci\u00f3n federal por el distrito de Xalapa, fue enviada al tercer lugar sin alcanzar siquiera la mitad de los votos de Morena.<u><\/u><u><\/u><\/p>\n<p class=\"x_MsoNormal\">La delegada del Issste podr\u00eda encontrarse en la interna con otra mujer que tambi\u00e9n encabeza una delegaci\u00f3n del gobierno federal, Anil\u00fa Ingram Vallines, de Sedesol, lo que anticipa no s\u00f3lo una lucha de pron\u00f3stico reservado entre ellas, sino sonre todo entre sus respectivos padrinos pol\u00edticos.<u><\/u><u><\/u><\/p>\n<p class=\"x_MsoNormal\">Otra carta que se ha mencionado en el PRI es la lideresa del sindicato del Cobaev, \u00c9rika Ayala R\u00edos; sin embargo, haber rendido protesta como senadora, tras la licencia de H\u00e9ctor Yunes Landa, deja fuera de la contienda de 2018 a la dirigente sindical.<u><\/u><u><\/u><\/p>\n<p class=\"x_MsoNormal\">Mientras tanto, en Acci\u00f3n Nacional se da como un hecho la postulaci\u00f3n del actual titular de la SIOP, Julen Rementer\u00eda del Puerto; sin embargo, en el panismo no existe una figura femenina que pueda considerarse perfilada desde hoy: algunas voces al interior del blanquiazul ubican a la legisladora Mariana Dunyaska Garc\u00eda, aunque tambi\u00e9n hay quien menciona a Mar\u00eda del Carmen Pont\u00f3n Villa, a Teresita Zuccolotto\u00a0 e incluso a la diputada Cinthya Lobato Calder\u00f3n, a pesar de su falta de protagonismo en el Congreso local.<u><\/u><u><\/u><\/p>\n<p class=\"x_MsoNormal\">Por otro lado, si el PRD participa en alianza con Acci\u00f3n Nacional en las elecciones federales de 2018; la segunda f\u00f3rmula de dicha coalici\u00f3n tendr\u00eda que ser reservada para una mujer perredista y es ah\u00ed donde podr\u00eda fortalecerse el nombre de la actual coordinadora de la bancada del Sol Azteca en la Legislatura veracruzana, Yazm\u00edn Copete Zapot.<u><\/u><u><\/u><\/p>\n<p class=\"x_MsoNormal\">En Morena las cosas est\u00e1n m\u00e1s claras en cuanto a la mujer que ser\u00eda ubicada como candidata al Senado. En esa fuerza pol\u00edtica, la actual diputada Roc\u00edo Nahle Garc\u00eda llegar\u00eda sin problemas a dicha posici\u00f3n, no en la segunda, sino en la primera f\u00f3rmula, con lo cual pr\u00e1cticamente asegurar\u00eda su presencia en la pr\u00f3xima C\u00e1mara Alta.<u><\/u><u><\/u><\/p>\n<p class=\"x_MsoNormal\">Lo interesante en Morena, a prop\u00f3sito, no ser\u00e1 la candidatura de Roc\u00edo Nahle, sino la suplencia de esa f\u00f3rmula, que tendr\u00eda que ser reservada para una mujer. El punto radica en que de ganar L\u00f3pez Obrador la contienda presidencial, la actual representante del distrito de Coatzacoalcos podr\u00eda ser llamada al gabinete, en tanto que la suplente ser\u00eda llamada a ocupar una curul en la C\u00e1mara Alta; ah\u00ed es donde podr\u00eda surgir la figura de la ex diputada M\u00f3nica Robles.<u><\/u><u><\/u><\/p>\n<p class=\"x_MsoNormal\">Hoy, cuando falta m\u00e1s de un a\u00f1o para esa jornada electoral, todo parece indicar que Veracruz tendr\u00e1 uno o dos senadores panistas y uno o dos de Morena, en tanto que el PRI corre una vez m\u00e1s el riesgo de perder su representaci\u00f3n veracruzana en el Senado de la Rep\u00fablica. @luisromero85<\/p>\n","protected":false},"excerpt":{"rendered":"<p>Luis Alberto Romero Hora Cero \u00a0 Al interior de los partidos pol\u00edticos ya se analizan los perfiles de quienes buscar\u00e1n el pr\u00f3ximo a\u00f1o una curul en el Senado de la Rep\u00fablica, espacio en el que Veracruz hoy tiene a dos priistas y un panista, Jos\u00e9 Francisco Yunes Zorrilla y H\u00e9ctor Yunes Landa, as\u00ed como Mar\u00eda [&hellip;]<\/p>\n","protected":false},"author":2,"featured_media":0,"comment_status":"open","ping_status":"open","sticky":false,"template":"","format":"standard","meta":{"_jetpack_newsletter_access":"","_jetpack_dont_email_post_to_subs":false,"_jetpack_newsletter_tier_id":0,"_jetpack_memberships_contains_paywalled_content":false,"_jetpack_memberships_contains_paid_content":false,"footnotes":""},"categories":[70],"tags":[1872,405,3525,7387,4241,859],"class_list":["post-32928","post","type-post","status-publish","format-standard","hentry","category-de-opinion","tag-anilu-ingram-vallines","tag-elizabeth-morales-garcia","tag-erika-ayala-rios","tag-mariana-dunyaska-garcia","tag-paridad-de-genero","tag-senadores"],"jetpack_featured_media_url":"","jetpack_sharing_enabled":true,"jetpack_shortlink":"https:\/\/wp.me\/p4Qcd3-8z6","_links":{"self":[{"href":"https:\/\/lospoliticosveracruz.com.mx\/index.php?rest_route=\/wp\/v2\/posts\/32928","targetHints":{"allow":["GET"]}}],"collection":[{"href":"https:\/\/lospoliticosveracruz.com.mx\/index.php?rest_route=\/wp\/v2\/posts"}],"about":[{"href":"https:\/\/lospoliticosveracruz.com.mx\/index.php?rest_route=\/wp\/v2\/types\/post"}],"author":[{"embeddable":true,"href":"https:\/\/lospoliticosveracruz.com.mx\/index.php?rest_route=\/wp\/v2\/users\/2"}],"replies":[{"embeddable":true,"href":"https:\/\/lospoliticosveracruz.com.mx\/index.php?rest_route=%2Fwp%2Fv2%2Fcomments&post=32928"}],"version-history":[{"count":2,"href":"https:\/\/lospoliticosveracruz.com.mx\/index.php?rest_route=\/wp\/v2\/posts\/32928\/revisions"}],"predecessor-version":[{"id":32938,"href":"https:\/\/lospoliticosveracruz.com.mx\/index.php?rest_route=\/wp\/v2\/posts\/32928\/revisions\/32938"}],"wp:attachment":[{"href":"https:\/\/lospoliticosveracruz.com.mx\/index.php?rest_route=%2Fwp%2Fv2%2Fmedia&parent=32928"}],"wp:term":[{"taxonomy":"category","embeddable":true,"href":"https:\/\/lospoliticosveracruz.com.mx\/index.php?rest_route=%2Fwp%2Fv2%2Fcategories&post=32928"},{"taxonomy":"post_tag","embeddable":true,"href":"https:\/\/lospoliticosveracruz.com.mx\/index.php?rest_route=%2Fwp%2Fv2%2Ftags&post=32928"}],"curies":[{"name":"wp","href":"https:\/\/api.w.org\/{rel}","templated":true}]}}