{"id":33838,"date":"2017-05-22T09:45:29","date_gmt":"2017-05-22T14:45:29","guid":{"rendered":"http:\/\/www.lospoliticosveracruz.com.mx\/?p=33838"},"modified":"2017-05-22T09:45:29","modified_gmt":"2017-05-22T14:45:29","slug":"juego-e-ilusion-de-perpetuidad-tendencias","status":"publish","type":"post","link":"https:\/\/lospoliticosveracruz.com.mx\/?p=33838","title":{"rendered":"Juego e ilusi\u00f3n de perpetuidad. Tendencias"},"content":{"rendered":"<p class=\"x_m_-7080677081563883713Standard\" style=\"text-align: left;\" align=\"center\"><strong><span lang=\"ES-MX\">Ricardo V\u00e1zquez Salazar<\/span><\/strong><\/p>\n<p class=\"x_m_-7080677081563883713Standard\" style=\"text-align: left;\" align=\"center\"><em><span lang=\"ES-MX\">Esfera Pol\u00edtica<\/span><\/em><\/p>\n<p class=\"x_m_-7080677081563883713Standard\" style=\"text-align: left;\" align=\"center\">\n<p class=\"x_m_-7080677081563883713Standard\" style=\"text-align: left;\" align=\"center\">\n<p class=\"x_m_-7080677081563883713Textbody\" style=\"text-align: left;\" align=\"center\"><b><\/b><span lang=\"ES-MX\">Dos sacudidas se percibieron en Xalapa el pasado s\u00e1bado: la primera fue un movimiento tel\u00farico de 5.6 grados que se registr\u00f3 a las 12:58 horas con epicentro en Cintalapa, Chiapas. El segundo temblor se present\u00f3 12 horas despu\u00e9s, alrededor de las 12:50 de la noche, momento en que Gina Dom\u00ednguez Col\u00edo arribaba al Cereso de Pacho Viejo, sismo pol\u00edtico que retumb\u00f3 con mayor intensidad las paredes que resguardan a los sujetos en libertad, que integran la extensa lista de c\u00f3mplices de Javier Duarte de Ochoa. \u00a0\u00a0<\/span><\/p>\n<p class=\"x_MsoNormal\" style=\"text-align: left;\"><span lang=\"ES-MX\">Los comentarios en estos d\u00edas giran en torno a que si Javier Duarte est\u00e1 inconforme por tener que dormir en una plancha de concreto en el penal Matamoros en Guatemala; sin ventilador, extra\u00f1ando su PlayStation 4 con el que se divert\u00eda largas horas jugando a ser invencible, pensando que las consecuencias de sus excesos ser\u00edan tambi\u00e9n virtuales; o que si a Gina Dom\u00ednguez no le dieron ni chance de darse un brochazo en el rostro al momento de ser detenida y la hicieron aparecer en las im\u00e1genes al natural, sin Photoshop, tal cual es, quien lleg\u00f3 a ilusionarse que su papel de vicegobernadora ser\u00eda perpetuo.<\/span><\/p>\n<p class=\"x_MsoNormal\" style=\"text-align: left;\"><span lang=\"ES-MX\">Cinco semanas despu\u00e9s de que Duarte de Ochoa cay\u00f3 tras las rejas, el pasado s\u00e1bado le correspondi\u00f3 a su ex vocera, una m\u00e1s de la banda de maleantes que destrozaron Veracruz, pasa a formar parte de los recluidos en Pacho Viejo, quienes permanecen a la expectativa de ver en qu\u00e9 momento ingresen a hacerles compa\u00f1\u00eda, si los pr\u00f3ximos ser\u00e1n los corruptos criminales del sector Salud, que en la iniquidad algunos andan en plena campa\u00f1a en busca de una alcald\u00eda; o los de Educaci\u00f3n o de cualquier otra \u00e1rea estatal.<\/span><\/p>\n<p class=\"x_MsoNormal\" style=\"text-align: left;\"><span lang=\"ES-MX\">Ahora falta ver qu\u00e9 suceder\u00e1 con sus cuantiosas inversiones y sus c\u00f3mplices.<\/span><\/p>\n<p class=\"x_MsoNormal\" style=\"text-align: left;\"><span lang=\"ES-MX\">A escasos 13 d\u00edas de que se lleven a cabo las elecciones para alcald\u00edas, las campa\u00f1as est\u00e1n en la cima, aunque hay algunas en pleno cisma; en el proceso electoral se empieza a ver con claridad tendencias favorables hacia algunos candidatos, otros en menor grado. Los hay quienes no levantan, ni levantar\u00e1n en los pocos d\u00edas que restan. \u00a0<\/span><\/p>\n<p class=\"x_MsoNormal\" style=\"text-align: left;\"><span lang=\"ES-MX\">En Veracruz puerto se da por hecho la victoria del ex senador Fernando Yunes M\u00e1rquez, candidato de la alianza PAN-PRD. La ventaja que Yunes M\u00e1rquez les saca a sus contendientes es bastante amplia, no es por una cabeza, es por un cuerpo.<\/span><\/p>\n<p class=\"x_MsoNormal\" style=\"text-align: left;\"><span lang=\"ES-MX\">A\u00fan que las preferencias electorales le favorecen, Fernando se conduce con cautela, hace compromisos en primer lugar sobre la problem\u00e1tica y necesidades prioritarias que afectan a la poblaci\u00f3n jarocha, pero tambi\u00e9n, su sensibilidad lo ha conducido a asumir la responsabilidad de proteger a los animales de la ciudad, como sucedi\u00f3 este domingo en que habl\u00f3 de las propuestas que tiene pensadas para las mascotas, con la creaci\u00f3n de Centros de Atenci\u00f3n y Rehabilitaci\u00f3n Animal, CARA, en los que \u00a0se prestar\u00e1 el servicio de hospedaje y cuidado temporal de los animales de compa\u00f1\u00eda, conjuntamente con campa\u00f1as permanentes de vacunaci\u00f3n y desparasitaci\u00f3n a las mascotas inscritas en un padr\u00f3n para este caso, servicios que se otorgar\u00edan con una cuota m\u00ednima de recuperaci\u00f3n.<\/span><\/p>\n<p class=\"x_MsoNormal\" style=\"text-align: left;\"><span lang=\"ES-MX\">En Xalapa contin\u00faa avanzando Alejandro Montano Guzm\u00e1n, candidato de la alianza Verde-PRI. Su prudencia, madurez y lado humano, as\u00ed como su vasta experiencia en materia de seguridad \u2013imprescindible en estos tiempos- le han generado cada d\u00eda un mayor n\u00famero de adeptos entre los xalape\u00f1os.<\/span><\/p>\n<p class=\"x_MsoNormal\" style=\"text-align: left;\"><span lang=\"ES-MX\">Montano no pierde de vista que en esta ocasi\u00f3n le toc\u00f3 remar contracorriente, por el desastroso pasado reciente que ocasionaron sus correligionarios;\u00a0con ese pesado lastre, Montano no se amilana y va con todo para lograr obtener la alcald\u00eda de la capital del estado.<\/span><\/p>\n<p class=\"x_MsoNormal\" style=\"text-align: left;\"><span lang=\"ES-MX\">Este domingo estuvo en Xalapa Enrique Ochoa Reza, dirigente nacional del PRI, su visita fue exprofeso para darle todo el apoyo a Alejandro Montano. Ochoa hizo un llamado a unir fuerzas en torno a Montano, a sumar talentos.<\/span><\/p>\n<p class=\"x_MsoNormal\" style=\"text-align: left;\"><span lang=\"ES-MX\">El dirigente nacional del partido tricolor en un lapsus de sensatez afirm\u00f3: \u201cNo podemos tapar el sol con un dedo; tenemos que establecer un compromiso con toda la sociedad en contra de la corrupci\u00f3n y la impunidad\u00bb. \u00a0 \u00a0 \u00a0 \u00a0 \u00a0 \u00a0<\/span><\/p>\n<p style=\"text-align: left;\"><a href=\"mailto:rvazquez002@yahoo.com.mx\" target=\"_blank\" rel=\"noopener noreferrer\"><span lang=\"ES-MX\">rvazquez002@yahoo.com.mx<\/span><\/a><\/p>\n","protected":false},"excerpt":{"rendered":"<p>Ricardo V\u00e1zquez Salazar Esfera Pol\u00edtica Dos sacudidas se percibieron en Xalapa el pasado s\u00e1bado: la primera fue un movimiento tel\u00farico de 5.6 grados que se registr\u00f3 a las 12:58 horas con epicentro en Cintalapa, Chiapas. El segundo temblor se present\u00f3 12 horas despu\u00e9s, alrededor de las 12:50 de la noche, momento en que Gina Dom\u00ednguez [&hellip;]<\/p>\n","protected":false},"author":2,"featured_media":0,"comment_status":"open","ping_status":"open","sticky":false,"template":"","format":"standard","meta":{"_jetpack_newsletter_access":"","_jetpack_dont_email_post_to_subs":false,"_jetpack_newsletter_tier_id":0,"_jetpack_memberships_contains_paywalled_content":false,"_jetpack_memberships_contains_paid_content":false,"footnotes":""},"categories":[70],"tags":[344,8370,818,3502,162,3590],"class_list":["post-33838","post","type-post","status-publish","format-standard","hentry","category-de-opinion","tag-alejandro-montano-guzman","tag-enrique-ocho-reza","tag-fernando-yunes-marquez","tag-gina-dominguez-colio","tag-javier-duarte","tag-pacho-viejo"],"jetpack_featured_media_url":"","jetpack_sharing_enabled":true,"jetpack_shortlink":"https:\/\/wp.me\/p4Qcd3-8NM","_links":{"self":[{"href":"https:\/\/lospoliticosveracruz.com.mx\/index.php?rest_route=\/wp\/v2\/posts\/33838","targetHints":{"allow":["GET"]}}],"collection":[{"href":"https:\/\/lospoliticosveracruz.com.mx\/index.php?rest_route=\/wp\/v2\/posts"}],"about":[{"href":"https:\/\/lospoliticosveracruz.com.mx\/index.php?rest_route=\/wp\/v2\/types\/post"}],"author":[{"embeddable":true,"href":"https:\/\/lospoliticosveracruz.com.mx\/index.php?rest_route=\/wp\/v2\/users\/2"}],"replies":[{"embeddable":true,"href":"https:\/\/lospoliticosveracruz.com.mx\/index.php?rest_route=%2Fwp%2Fv2%2Fcomments&post=33838"}],"version-history":[{"count":1,"href":"https:\/\/lospoliticosveracruz.com.mx\/index.php?rest_route=\/wp\/v2\/posts\/33838\/revisions"}],"predecessor-version":[{"id":33839,"href":"https:\/\/lospoliticosveracruz.com.mx\/index.php?rest_route=\/wp\/v2\/posts\/33838\/revisions\/33839"}],"wp:attachment":[{"href":"https:\/\/lospoliticosveracruz.com.mx\/index.php?rest_route=%2Fwp%2Fv2%2Fmedia&parent=33838"}],"wp:term":[{"taxonomy":"category","embeddable":true,"href":"https:\/\/lospoliticosveracruz.com.mx\/index.php?rest_route=%2Fwp%2Fv2%2Fcategories&post=33838"},{"taxonomy":"post_tag","embeddable":true,"href":"https:\/\/lospoliticosveracruz.com.mx\/index.php?rest_route=%2Fwp%2Fv2%2Ftags&post=33838"}],"curies":[{"name":"wp","href":"https:\/\/api.w.org\/{rel}","templated":true}]}}