{"id":34078,"date":"2017-05-31T11:11:51","date_gmt":"2017-05-31T16:11:51","guid":{"rendered":"http:\/\/www.lospoliticosveracruz.com.mx\/?p=34078"},"modified":"2017-05-31T11:14:02","modified_gmt":"2017-05-31T16:14:02","slug":"denuncia-ante-la-fge-que-duerme-el-sueno-de-los-justos","status":"publish","type":"post","link":"https:\/\/lospoliticosveracruz.com.mx\/?p=34078","title":{"rendered":"Denuncia ante la\u00a0FGE\u00a0que duerme el sue\u00f1o de los justos"},"content":{"rendered":"<p class=\"x_m_-4582283429039957178MsoNoSpacing\"><b><\/b><strong>Luis Alberto Romero<\/strong><u><\/u><u><\/u><\/p>\n<p class=\"x_m_-4582283429039957178MsoNoSpacing\"><em>Hora Cero<\/em><\/p>\n<p class=\"x_m_-4582283429039957178MsoNoSpacing\">Vecinos del fraccionamiento Monte Magno, Monte Novo y Las Cumbres, en esta ciudad capital, denuncian a este columnista que se han venido incrementado los robos a casa-habitaci\u00f3n\u00a0en esa zona.<u><\/u><u><\/u><\/p>\n<p class=\"x_m_-4582283429039957178MsoNoSpacing\">Comentan que en lo que va del a\u00f1o, se llevan contabilizados m\u00e1s de 250, y que han pedido a las autoridades estatales, responsables de la seguridad en el municipio, que implemente\u00a0acciones contundentes para detener esta ola de robos que afectan su patrimonio y tranquilidad.<u><\/u><u><\/u><\/p>\n<p class=\"x_m_-4582283429039957178MsoNoSpacing\">Tambi\u00e9n, nos dicen, han pedido a la Fiscal\u00eda General del Estado (FGE) que act\u00fae en contra de los invasores del predio El Olmo, porque desde ah\u00ed, expresan, se han detectado movimientos\u00a0extra\u00f1os de personas que se internan a las zonas habitacionales mencionadas.<u><\/u><u><\/u><\/p>\n<p class=\"x_m_-4582283429039957178MsoNoSpacing\">En efecto, al corroborar la informaci\u00f3n proporcionada por los vecinos, descubrimos que existe ante la FGE una denuncia del Ayuntamiento de Xalapa interpuesta en 2014 e integrada\u00a0en la carpeta de investigaci\u00f3n n\u00famero UIPJ\/DXI\/90\/315\/2014, ante la Fiscal\u00eda novena de la unidad integral de Procuraci\u00f3n de Justicia del XI distrito judicial de Xalapa.<u><\/u><u><\/u><\/p>\n<p class=\"x_m_-4582283429039957178MsoNoSpacing\">Este predio, identificado como lote 8, ubicado en la calle Jazm\u00edn, de la Colonia El Olmo, colinda en efecto con el Fraccionamiento Monte Magno, en la secci\u00f3n Monte Novo y fue invadidoindebidamente por un l\u00edder de la agrupaci\u00f3n denominada UGOCP, de nombre\u00a0Eleno\u00a0Hern\u00e1ndez Hern\u00e1ndez.<u><\/u><u><\/u><\/p>\n<p class=\"x_m_-4582283429039957178MsoNoSpacing\">Los vecinos, nos cuentan, se han acercado a las autoridades estatales y municipales, para pedir auxilio, para pedir protecci\u00f3n, seguridad y para que se aceleren\u00a0las investigaciones en contra de estos invasores, que desde su dicho, son los responsables de esta ola de robos.<u><\/u><u><\/u><\/p>\n<p class=\"x_m_-4582283429039957178MsoNoSpacing\">Este martes, mientras un aguacero torrencial hac\u00eda de las suyas en\u00a0Xalapa, el alcalde\u00a0Am\u00e9rico\u00a0Z\u00fa\u00f1iga\u00a0<wbr \/>Mart\u00ednez y el\u00a0Fiscal\u00a0Regional, Jos\u00e9 Alfredo G\u00f3mez Reyes, escucharon a los vecinos de esta zona de\u00a0Xalapa, en la Sala de Cabildo municipal.<u><\/u><u><\/u><\/p>\n<p class=\"x_m_-4582283429039957178MsoNoSpacing\">Ah\u00ed, acompa\u00f1ados de los regidores Daniel Fern\u00e1ndez Carri\u00f3n, Lino Jim\u00e9nez G\u00f3mez y Rogelio Jes\u00fas\u00a0\u00c1lvarez\u00a0Arroyo, as\u00ed como de representantes de la Gendarmer\u00eda Nacional\u00a0y la SSP, el alcalde\u00a0Am\u00e9rico\u00a0Z\u00fa\u00f1iga\u00a0reiter\u00f3 su compromiso con la legalidad y explic\u00f3 que el Ayuntamiento de\u00a0Xalapa\u00a0mantiene desde octubre de 2014 una denuncia contra quien resulte responsable por los\u00a0delitos de fraccionamiento indebido en El Olmo.<u><\/u><u><\/u><\/p>\n<p class=\"x_m_-4582283429039957178MsoNoSpacing\">Dej\u00f3 en claro que es falso que el Ayuntamiento de\u00a0Xalapa\u00a0est\u00e9 regularizando esa \u201cinvasi\u00f3n\u201d y pidi\u00f3 al Fiscal Regional llevar el mensaje de estos ciudadanos\u00a0xalape\u00f1os\u00a0al Fiscal General Jorge Winckler Ortiz, de que se act\u00fae y se libere este espacio, ocupado ilegalmente.<u><\/u><u><\/u><\/p>\n<p class=\"x_m_-4582283429039957178MsoNoSpacing\">Dijo que el Ayuntamiento no tiene alcances en materia de equipo de seguridad p\u00fablica, no tiene polic\u00eda, pero cuando se identifica un delito si tiene la obligaci\u00f3n\u00a0de denunciarlo y es lo que ha hecho con la invasi\u00f3n de El Olmo y con otras 8 invasiones m\u00e1s en diferentes puntos de la ciudad.<u><\/u><u><\/u><\/p>\n<p class=\"x_m_-4582283429039957178MsoNoSpacing\">Aclar\u00f3 que la administraci\u00f3n municipal no ha regularizado los asentamientos ah\u00ed establecidos; todo lo contrario, se ha estado en contacto permanente con la Fiscal\u00eda\u00a0para ofrecerles la informaci\u00f3n que sea necesaria para que por fin proceda la denuncia y se lleve a cabo el desalojo de esta \u00e1rea de preservaci\u00f3n ecol\u00f3gica productiva, la cual no es viable para ser\u00a0habitada.<u><\/u><u><\/u><\/p>\n<p class=\"x_m_-4582283429039957178MsoNoSpacing\">No hay que olvidar que hace algunos meses, al detectarse cinco tomas clandestinas de agua, que pretend\u00edan surtir a los invasores de El Olmo, la\u00a0CMAS, con apoyo de\u00a0la SSP, acudi\u00f3 a la zona para clausurarlas y los trabajadores fueron agredidos por los invasores.<u><\/u><u><\/u><\/p>\n<p class=\"x_m_-4582283429039957178MsoNoSpacing\">De estos hechos existe tambi\u00e9n la denuncia correspondiente.<u><\/u><u><\/u><\/p>\n<p class=\"x_m_-4582283429039957178MsoNoSpacing\">Ayer, al atender a los\u00a0xalape\u00f1os\u00a0de esta parte de la ciudad, el alcalde y los representantes de la Fiscal\u00eda y de la Secretar\u00eda de Seguridad P\u00fablica acordaron la\u00a0revisi\u00f3n y mejora del alumbrado en Las Cumbres, el chapeo de diversas \u00e1reas verdes para evitar que sean usadas como escondites y el reforzamiento del\u00a0patrullaje.<u><\/u><u><\/u><\/p>\n<p class=\"x_m_-4582283429039957178MsoNoSpacing\">Se pidi\u00f3 a los vecinos que, en caso de ser v\u00edctimas de un delito, presenten las denuncias correspondientes para que los culpables puedan ser procesados.<u><\/u><u><\/u><\/p>\n<p class=\"x_m_-4582283429039957178MsoNoSpacing\">Est\u00e1 bien que nos pidan a reporteros o columnistas que\u00a0transmitamos\u00a0a las autoridades sus inquietudes, pero en el caso de delitos, es necesario que acudan a las\u00a0instancias de procuraci\u00f3n de justicia y denuncien, para que as\u00ed se act\u00fae de inmediato y se regrese la tranquilidad a toda esta importante zona de la capital.\u00a0@luisromero85<\/p>\n","protected":false},"excerpt":{"rendered":"<p>Luis Alberto Romero Hora Cero Vecinos del fraccionamiento Monte Magno, Monte Novo y Las Cumbres, en esta ciudad capital, denuncian a este columnista que se han venido incrementado los robos a casa-habitaci\u00f3n\u00a0en esa zona. Comentan que en lo que va del a\u00f1o, se llevan contabilizados m\u00e1s de 250, y que han pedido a las autoridades [&hellip;]<\/p>\n","protected":false},"author":2,"featured_media":0,"comment_status":"open","ping_status":"open","sticky":false,"template":"","format":"standard","meta":{"_jetpack_newsletter_access":"","_jetpack_dont_email_post_to_subs":false,"_jetpack_newsletter_tier_id":0,"_jetpack_memberships_contains_paywalled_content":false,"_jetpack_memberships_contains_paid_content":false,"footnotes":""},"categories":[70],"tags":[4021,4116,196,8461,8459,8460,505],"class_list":["post-34078","post","type-post","status-publish","format-standard","hentry","category-de-opinion","tag-el-olmo","tag-fiscalia-general-del-estado","tag-inseguridad","tag-las-cumbres","tag-monte-magno","tag-monte-novo","tag-robos"],"jetpack_featured_media_url":"","jetpack_sharing_enabled":true,"jetpack_shortlink":"https:\/\/wp.me\/p4Qcd3-8RE","_links":{"self":[{"href":"https:\/\/lospoliticosveracruz.com.mx\/index.php?rest_route=\/wp\/v2\/posts\/34078","targetHints":{"allow":["GET"]}}],"collection":[{"href":"https:\/\/lospoliticosveracruz.com.mx\/index.php?rest_route=\/wp\/v2\/posts"}],"about":[{"href":"https:\/\/lospoliticosveracruz.com.mx\/index.php?rest_route=\/wp\/v2\/types\/post"}],"author":[{"embeddable":true,"href":"https:\/\/lospoliticosveracruz.com.mx\/index.php?rest_route=\/wp\/v2\/users\/2"}],"replies":[{"embeddable":true,"href":"https:\/\/lospoliticosveracruz.com.mx\/index.php?rest_route=%2Fwp%2Fv2%2Fcomments&post=34078"}],"version-history":[{"count":3,"href":"https:\/\/lospoliticosveracruz.com.mx\/index.php?rest_route=\/wp\/v2\/posts\/34078\/revisions"}],"predecessor-version":[{"id":34081,"href":"https:\/\/lospoliticosveracruz.com.mx\/index.php?rest_route=\/wp\/v2\/posts\/34078\/revisions\/34081"}],"wp:attachment":[{"href":"https:\/\/lospoliticosveracruz.com.mx\/index.php?rest_route=%2Fwp%2Fv2%2Fmedia&parent=34078"}],"wp:term":[{"taxonomy":"category","embeddable":true,"href":"https:\/\/lospoliticosveracruz.com.mx\/index.php?rest_route=%2Fwp%2Fv2%2Fcategories&post=34078"},{"taxonomy":"post_tag","embeddable":true,"href":"https:\/\/lospoliticosveracruz.com.mx\/index.php?rest_route=%2Fwp%2Fv2%2Ftags&post=34078"}],"curies":[{"name":"wp","href":"https:\/\/api.w.org\/{rel}","templated":true}]}}