{"id":34173,"date":"2017-06-04T21:33:34","date_gmt":"2017-06-05T02:33:34","guid":{"rendered":"http:\/\/www.lospoliticosveracruz.com.mx\/?p=34173"},"modified":"2017-06-04T21:33:34","modified_gmt":"2017-06-05T02:33:34","slug":"mujeres-y-elecciones","status":"publish","type":"post","link":"https:\/\/lospoliticosveracruz.com.mx\/?p=34173","title":{"rendered":"Mujeres y elecciones"},"content":{"rendered":"<p><strong>Brenda Caballero<\/strong><\/p>\n<p><em>N\u00fameros Rojos<\/em><\/p>\n<p>&nbsp;<br \/>\n\u201c\u00a1Hay una mujer!\u201d, dijo sorprendido. \u201c\u00bfQu\u00e9 hace aqu\u00ed? \u00a1S\u00e1quela! \u00bfC\u00f3mo trae a una mujer a la C\u00e1mara del Consejo?\u201d. Nervioso, trat\u00f3 de persuadirla para que salieran del recinto, sin embargo, Diana, indignada, dijo un par de palabras que escandalizaron a los varones que negociaban el armisticio a costa de la muerte de inocentes.<br \/>\nEran tiempos de la primera guerra mundial y no se permit\u00eda la voz a la mujeres, mucho menos en decisiones pol\u00edticas. Las mujeres, solamente de acompa\u00f1antes, pero con la esperanza de ser escuchadas alg\u00fan d\u00eda como lo dice Etta Candy: \u201cSi usamos nuestros principios, as\u00ed conseguiremos el voto\u201d.<br \/>\nSi usted ya vio la pel\u00edcula Mujer Maravilla, reconocer\u00e1 este pasaje que verdaderamente es inspirador para las mujeres, a pesar de que en pol\u00edtica el avance de las f\u00e9minas ha sido muy lento y casi obligado con la llamada famosa \u201cCuota de G\u00e9nero\u201d.<br \/>\n\u00bfQu\u00e9 pasar\u00eda si no existiera la famosa cuota? Sencillamente tendr\u00edamos menos mujeres en cargos p\u00fablicos y estar\u00edamos como hace cien a\u00f1os: sin voz ni voto.<br \/>\nAunque algo es digno de una investigaci\u00f3n \u00bfPor qu\u00e9 si somos m\u00e1s mujeres en M\u00e9xico y en la lista nominal, no tenemos el poder como las Amazonas de Themyscira, tierra de la Mujer Maravilla?<br \/>\nPosiblemente suene idealista y hasta absurda mi comparaci\u00f3n, pero a trav\u00e9s de los a\u00f1os parece que muchas de nosotras preferimos el poder que ejercen los hombres, ante la posibilidad de tenerlo nosotras mismas.<br \/>\nAclaro que no estoy en contra de los varones, al contrario, tampoco espero vivir en un matriarcado, simplemente esperar\u00eda m\u00e1s sororidad entre las mujeres y lograr un equilibrio para salir del machismo pol\u00edtico.<br \/>\nEl d\u00eda de ayer hubo elecciones en cuatro estados: Nayarit, Coahuila, Estado de M\u00e9xico y por supuesto Veracruz. En los tres primeros estaba en juego la gubernatura. Y adivine: \u00a1Ninguna mujer ganadora! Seguiremos \u00fanicamente con Claudia Pavlovich Arellano al frente del estado de Sonora.<br \/>\nEn el caso de las elecciones a diputados, las mujeres tienen mayor probabilidad de acceder a una curul debido a la cuota de g\u00e9nero, sin embargo no se logra a\u00fan el equilibrio&#8230; siguen los hombres al frente.<br \/>\nEn Veracruz se disputaron las alcald\u00edas, sindicaturas y regidur\u00edas de 212 municipios. Actualmente es muy marcada la inequidad de g\u00e9nero, ya que de los 212 alcaldes, s\u00f3lo 26 son mujeres, lo que representa un 12 por ciento del total.<br \/>\nEn estas elecciones \u00bfaumentar\u00e1 el n\u00famero de mujeres alcaldesas?<br \/>\nRecordemos que de 1457 candidatos registrados, 707 son mujeres, algo as\u00ed como el 49 por ciento del total. Cifra bastante alentadora para mi g\u00e9nero. Cifra de la que realmente estar\u00eda orgullosa, si no fuera porque muchas de estas candidatas son esposas, hermanas, familiares de los alcaldes en turno o de los caciques que ejercen el control en el municipio; mujeres que son colocadas \u00fanicamente para que los varones sigan conservando y ejerciendo el poder a trav\u00e9s de ellas.<br \/>\nHan pasado cien a\u00f1os y no hemos avanzado mucho; tan solo se ha maquillado la equidad de g\u00e9nero en la pol\u00edtica, con mujeres que han decidido poner la cara ante la ciudadan\u00eda por cuota de g\u00e9nero y dejar que el machismo contin\u00fae gobernando.<br \/>\n\u00a1Y yo que quer\u00eda salvar el mundo!, parafraseando a la Mujer Maravilla&#8230;<\/p>\n<p>&nbsp;<br \/>\ncaballero_brenda@hotmail.com<br \/>\n@NumerosRojos_BC<\/p>\n","protected":false},"excerpt":{"rendered":"<p>Brenda Caballero N\u00fameros Rojos &nbsp; \u201c\u00a1Hay una mujer!\u201d, dijo sorprendido. \u201c\u00bfQu\u00e9 hace aqu\u00ed? \u00a1S\u00e1quela! \u00bfC\u00f3mo trae a una mujer a la C\u00e1mara del Consejo?\u201d. Nervioso, trat\u00f3 de persuadirla para que salieran del recinto, sin embargo, Diana, indignada, dijo un par de palabras que escandalizaron a los varones que negociaban el armisticio a costa de la [&hellip;]<\/p>\n","protected":false},"author":2,"featured_media":0,"comment_status":"open","ping_status":"open","sticky":false,"template":"","format":"standard","meta":{"_jetpack_newsletter_access":"","_jetpack_dont_email_post_to_subs":false,"_jetpack_newsletter_tier_id":0,"_jetpack_memberships_contains_paywalled_content":false,"_jetpack_memberships_contains_paid_content":false,"footnotes":""},"categories":[70],"tags":[2538,721,8515,8514,2305,1290],"class_list":["post-34173","post","type-post","status-publish","format-standard","hentry","category-de-opinion","tag-cuota-de-genero","tag-elecciones","tag-etta-candy","tag-mujer-maravilla","tag-mujeres","tag-politica"],"jetpack_featured_media_url":"","jetpack_sharing_enabled":true,"jetpack_shortlink":"https:\/\/wp.me\/p4Qcd3-8Tb","_links":{"self":[{"href":"https:\/\/lospoliticosveracruz.com.mx\/index.php?rest_route=\/wp\/v2\/posts\/34173","targetHints":{"allow":["GET"]}}],"collection":[{"href":"https:\/\/lospoliticosveracruz.com.mx\/index.php?rest_route=\/wp\/v2\/posts"}],"about":[{"href":"https:\/\/lospoliticosveracruz.com.mx\/index.php?rest_route=\/wp\/v2\/types\/post"}],"author":[{"embeddable":true,"href":"https:\/\/lospoliticosveracruz.com.mx\/index.php?rest_route=\/wp\/v2\/users\/2"}],"replies":[{"embeddable":true,"href":"https:\/\/lospoliticosveracruz.com.mx\/index.php?rest_route=%2Fwp%2Fv2%2Fcomments&post=34173"}],"version-history":[{"count":2,"href":"https:\/\/lospoliticosveracruz.com.mx\/index.php?rest_route=\/wp\/v2\/posts\/34173\/revisions"}],"predecessor-version":[{"id":34233,"href":"https:\/\/lospoliticosveracruz.com.mx\/index.php?rest_route=\/wp\/v2\/posts\/34173\/revisions\/34233"}],"wp:attachment":[{"href":"https:\/\/lospoliticosveracruz.com.mx\/index.php?rest_route=%2Fwp%2Fv2%2Fmedia&parent=34173"}],"wp:term":[{"taxonomy":"category","embeddable":true,"href":"https:\/\/lospoliticosveracruz.com.mx\/index.php?rest_route=%2Fwp%2Fv2%2Fcategories&post=34173"},{"taxonomy":"post_tag","embeddable":true,"href":"https:\/\/lospoliticosveracruz.com.mx\/index.php?rest_route=%2Fwp%2Fv2%2Ftags&post=34173"}],"curies":[{"name":"wp","href":"https:\/\/api.w.org\/{rel}","templated":true}]}}