{"id":34231,"date":"2017-06-04T21:18:27","date_gmt":"2017-06-05T02:18:27","guid":{"rendered":"http:\/\/www.lospoliticosveracruz.com.mx\/?p=34231"},"modified":"2017-06-04T21:18:27","modified_gmt":"2017-06-05T02:18:27","slug":"inseguridad","status":"publish","type":"post","link":"https:\/\/lospoliticosveracruz.com.mx\/?p=34231","title":{"rendered":"Inseguridad"},"content":{"rendered":"<p><strong>Cecilia Mu\u00f1oz<\/strong><\/p>\n<p><em>Polisemia<\/em><\/p>\n<p>&nbsp;<\/p>\n<p>&nbsp;<\/p>\n<p>Comentan la noticia con inter\u00e9s moment\u00e1neo. Tienen los ojos bien abiertos, pero no durar\u00e1. En unas horas la olvidar\u00e1n. \u201cLo mataron\u201d, dicen. Una persona, narradora nata, describe los resultados del crimen, admitiendo desconocer qu\u00e9 lo origin\u00f3: \u00bfri\u00f1a, lucha territorial, intento de asalto?<\/p>\n<p>Lo que no falta, sin embargo, es el detalle de la sangre, la tardanza de la ambulancia, el rictus en el rostro, el c\u00edrculo de gente alrededor, probablemente in\u00fatil (ni un doctor, ni una enfermera, podr\u00edamos apostar). Y la fotograf\u00eda malhecha que centra su atenci\u00f3n en la manta \u2013que no alcanza a cubrir la muerte extendi\u00e9ndose\u2013 y olvida los espacios a su alrededor.<\/p>\n<p>Las justificaciones no faltan. \u201cEs un sitio inseguro\u201d, afirman con tranquilidad, ajenos, resguardados. \u201cInseguro\u201d, como caminar al borde de un precipicio o dejar los contactos descubiertos en una casa con un beb\u00e9 muy curioso. \u201cInseguro, ya sabes, te matan si te resistes\u201d.<\/p>\n<p>A menudo decimos \u201cinseguro\u201d por no decir \u201cdeshumano\u201d. Y no es la reprimenda eclesi\u00e1stica ni el oportunismo del candidato en turno que vocifera que la sociedad ha perdido valores (nunca dicen cu\u00e1les valores, por cierto), sino un peque\u00f1o lamento. \u201cTe matan si te resistes\u201d. Sabemos que es cierto, \u00bfpero por qu\u00e9? Queremos ser buenos comprendiendo la necesidad del que roba, imagin\u00e1ndonos ni\u00f1os con hambre, familiares enfermos\u2026 pero debe ser dif\u00edcil creerlo cuando ante ti se alzan tres o m\u00e1s hombres amenazadores que te despojan de todo lo que traes puesto.<\/p>\n<p>Queremos ser buenos comprendiendo la necesidad del que roba, aunque sospechemos que de necesidad tiene poco\u2026 \u00bfpero del que mata? \u00bfQu\u00e9 lleva a un ser humano a<\/p>\n<p>traspasar la carne de otro? \u00bfCu\u00e1l es el arrojo, cu\u00e1l es la ira que lo mueve, cu\u00e1l es la mirada que devuelve y cu\u00e1l es la noche en la que concilia el sue\u00f1o?<\/p>\n<p>En la fotograf\u00eda, la manta es protagonista. En sus extremos, los posibles caminos de huida. Y me parece que esa tierra es la que est\u00e1 m\u00e1s mancillada que la cubierta de sangre.<\/p>\n<p>Correo: polisemia@outlook.es<\/p>\n<p>Twitter: polisemia_CM<\/p>\n","protected":false},"excerpt":{"rendered":"<p>Cecilia Mu\u00f1oz Polisemia &nbsp; &nbsp; Comentan la noticia con inter\u00e9s moment\u00e1neo. Tienen los ojos bien abiertos, pero no durar\u00e1. En unas horas la olvidar\u00e1n. \u201cLo mataron\u201d, dicen. Una persona, narradora nata, describe los resultados del crimen, admitiendo desconocer qu\u00e9 lo origin\u00f3: \u00bfri\u00f1a, lucha territorial, intento de asalto? Lo que no falta, sin embargo, es el [&hellip;]<\/p>\n","protected":false},"author":2,"featured_media":0,"comment_status":"open","ping_status":"open","sticky":false,"template":"","format":"standard","meta":{"_jetpack_newsletter_access":"","_jetpack_dont_email_post_to_subs":false,"_jetpack_newsletter_tier_id":0,"_jetpack_memberships_contains_paywalled_content":false,"_jetpack_memberships_contains_paid_content":false,"footnotes":""},"categories":[70],"tags":[196],"class_list":["post-34231","post","type-post","status-publish","format-standard","hentry","category-de-opinion","tag-inseguridad"],"jetpack_featured_media_url":"","jetpack_sharing_enabled":true,"jetpack_shortlink":"https:\/\/wp.me\/p4Qcd3-8U7","_links":{"self":[{"href":"https:\/\/lospoliticosveracruz.com.mx\/index.php?rest_route=\/wp\/v2\/posts\/34231","targetHints":{"allow":["GET"]}}],"collection":[{"href":"https:\/\/lospoliticosveracruz.com.mx\/index.php?rest_route=\/wp\/v2\/posts"}],"about":[{"href":"https:\/\/lospoliticosveracruz.com.mx\/index.php?rest_route=\/wp\/v2\/types\/post"}],"author":[{"embeddable":true,"href":"https:\/\/lospoliticosveracruz.com.mx\/index.php?rest_route=\/wp\/v2\/users\/2"}],"replies":[{"embeddable":true,"href":"https:\/\/lospoliticosveracruz.com.mx\/index.php?rest_route=%2Fwp%2Fv2%2Fcomments&post=34231"}],"version-history":[{"count":1,"href":"https:\/\/lospoliticosveracruz.com.mx\/index.php?rest_route=\/wp\/v2\/posts\/34231\/revisions"}],"predecessor-version":[{"id":34232,"href":"https:\/\/lospoliticosveracruz.com.mx\/index.php?rest_route=\/wp\/v2\/posts\/34231\/revisions\/34232"}],"wp:attachment":[{"href":"https:\/\/lospoliticosveracruz.com.mx\/index.php?rest_route=%2Fwp%2Fv2%2Fmedia&parent=34231"}],"wp:term":[{"taxonomy":"category","embeddable":true,"href":"https:\/\/lospoliticosveracruz.com.mx\/index.php?rest_route=%2Fwp%2Fv2%2Fcategories&post=34231"},{"taxonomy":"post_tag","embeddable":true,"href":"https:\/\/lospoliticosveracruz.com.mx\/index.php?rest_route=%2Fwp%2Fv2%2Ftags&post=34231"}],"curies":[{"name":"wp","href":"https:\/\/api.w.org\/{rel}","templated":true}]}}