{"id":34251,"date":"2017-06-05T10:17:16","date_gmt":"2017-06-05T15:17:16","guid":{"rendered":"http:\/\/www.lospoliticosveracruz.com.mx\/?p=34251"},"modified":"2017-06-05T10:17:16","modified_gmt":"2017-06-05T15:17:16","slug":"hector-yunes-el-nuevo-intento","status":"publish","type":"post","link":"https:\/\/lospoliticosveracruz.com.mx\/?p=34251","title":{"rendered":"H\u00e9ctor Yunes, el nuevo intento"},"content":{"rendered":"<div class=\"x_gmail_quote\">\n<div dir=\"ltr\">\n<div id=\"x_m_3891883010215526475divtagdefaultwrapper\" dir=\"ltr\">\n<p class=\"x_m_3891883010215526475MsoNoSpacing\"><strong>Luis Alberto Romero<\/strong><\/p>\n<p class=\"x_m_3891883010215526475MsoNoSpacing\"><em>Hora cero<\/em><\/p>\n<p class=\"x_m_3891883010215526475MsoNoSpacing\">\n<p class=\"x_m_3891883010215526475MsoNoSpacing\"><u><\/u>\u00a0<u><\/u><\/p>\n<p class=\"x_m_3891883010215526475MsoNoSpacing\">\n<p class=\"x_m_3891883010215526475MsoNoSpacing\">H\u00e9ctor Yunes Landa, ex candidato de PRI-Verde a la gubernatura del estado en 2016, no quita el dedo del rengl\u00f3n: aparecer\u00e1 s\u00ed o s\u00ed en las boletas electorales de 2018 en busca de un cargo que hasta hoy se le ha negado.<u><\/u><u><\/u><\/p>\n<p class=\"x_m_3891883010215526475MsoNoSpacing\">Ante la pregunta sobre si participar\u00e1 en el pr\u00f3ximo proceso estatal con o sin el apoyo del Partido Revolucionario Institucional, el senador veracruzano enfatiza: ser\u00e1 por el PRI.<u><\/u><u><\/u><\/p>\n<p class=\"x_m_3891883010215526475MsoNoSpacing\">Yunes Landa ha centrado su discurso de los d\u00edas recientes en una fuerte cr\u00edtica al Partido Acci\u00f3n Nacional y, sobre todo, al actual mandatario estatal, Miguel \u00c1ngel Yunes Linares. Este domingo, por ejemplo, acus\u00f3 que el proceso electoral municipal del presente a\u00f1o es el m\u00e1s violento en la historia de Veracruz y responsabiliz\u00f3 por ello a la presente administraci\u00f3n.<u><\/u><u><\/u><\/p>\n<p class=\"x_m_3891883010215526475MsoNoSpacing\">No s\u00f3lo eso, tambi\u00e9n subray\u00f3 que el secretario de Seguridad P\u00fablica en el gabinete de Yunes Linares, Jaime T\u00e9llez Mari\u00e9, es un operador electoral y no un especialista en el tema de la seguridad ni un mando castrense.<u><\/u><u><\/u><\/p>\n<p class=\"x_m_3891883010215526475MsoNoSpacing\">Con ese discurso, apelando al supuesto descontento social contra el actual gobierno veracruzano, H\u00e9ctor Yunes anuncia que volver\u00e1 a buscar la gubernatura; lo intentar\u00e1 por tercera ocasi\u00f3n: en 2010 contendi\u00f3 en el proceso interno contra Javier Duarte, alfil del entonces gobernador Fidel Herrera, con el resultado que ya conocemos: Yunes Landa no fue candidato.<u><\/u><u><\/u><\/p>\n<p class=\"x_m_3891883010215526475MsoNoSpacing\">Dos a\u00f1os despu\u00e9s, en 2012, apareci\u00f3 en la boleta como segunda f\u00f3rmula del PRI en busca del Senado de la Rep\u00fablica. Jos\u00e9 Francisco Yunes y \u00e9l ganaron esa contienda y ello les perfil\u00f3 como las cartas fuertes para la sucesi\u00f3n de 2016.<u><\/u><u><\/u><\/p>\n<p class=\"x_m_3891883010215526475MsoNoSpacing\">Ya como candidato, en a\u00f1o pasado, H\u00e9ctor Yunes midi\u00f3 fuerzas con Miguel \u00c1ngel Yunes Linares, de la alianza PAN-PRD, perdiendo la elecci\u00f3n por algo as\u00ed como 126 mil sufragios, poco m\u00e1s de 4 puntos porcentuales. Ese fue el segundo descalabro de Yunes Landa en un proceso electoral constitucional; antes busc\u00f3 sin \u00e9xito una diputaci\u00f3n por el distrito de La Antigua.<u><\/u><u><\/u><\/p>\n<p class=\"x_m_3891883010215526475MsoNoSpacing\">En retrospectiva, H\u00e9ctor Yunes lamenta que la salida de Javier Duarte del gobierno estatal se haya concretado hasta octubre de 2016, y no dos a\u00f1os antes, en 2014, cuando hubiera dado tiempo de recomponer el rumbo en Veracruz; si desde Los Pinos hubieran quitado al entonces gobernador, que ya ten\u00eda serias acusaciones, se habr\u00edan ganado las elecciones. Eso, sin embargo, no ocurri\u00f3.<u><\/u><u><\/u><\/p>\n<p class=\"x_m_3891883010215526475MsoNoSpacing\">Hoy, el de Soledad de Doblado anuncia su regreso a la escena pol\u00edtica en busca de una nueva aventura electoral; m\u00e1s bien dice que nunca se fue y que se ha mantenido en campa\u00f1a permanente; que trabaja en el fortalecimiento de su estructura pol\u00edtica; que ser\u00e1 candidato una vez m\u00e1s; y que en esta ocasi\u00f3n ganar\u00e1 la contienda.<u><\/u><u><\/u><\/p>\n<p class=\"x_m_3891883010215526475MsoNoSpacing\">Asimismo, se muestra confiado sobre la decisi\u00f3n que habr\u00e1n de tomar quienes mandan en su partido en torno a la selecci\u00f3n del abanderado al gobierno del estado el pr\u00f3ximo a\u00f1o; Dice H\u00e9ctor Yunes que si logra mantenerse en la punta entre los priistas que aspiran a la candidatura, el PRI terminar\u00e1 por postularlo dado que la elecci\u00f3n estatal tendr\u00e1 mucho peso en la sucesi\u00f3n presidencial.<u><\/u><u><\/u><\/p>\n<p class=\"x_m_3891883010215526475MsoNoSpacing\">Como sea, Yunes Landa no deja de ser factor al interior del priismo; probablemente se le puede criticar su discurso, pero no su obstinaci\u00f3n. Por tercera vez buscar\u00e1 la candidatura al gobierno estatal el pr\u00f3ximo a\u00f1o, aunque los resultados obtenidos por \u00e9l y por su partido sean lamentables en los \u00faltimos dos procesos. \u00bfLa tercera ser\u00e1 la vencida?<\/p>\n<p class=\"x_m_3891883010215526475MsoNoSpacing\"><b>PRI adelanta judicializaci\u00f3n del proceso<u><\/u><u><\/u><\/b><\/p>\n<p class=\"x_m_3891883010215526475MsoNoSpacing\">El dirigente estatal del PRI, Renato Alarc\u00f3n Guevara, declar\u00f3 que su partido judicializar\u00e1 la elecci\u00f3n local veracruzana \u201cs\u00f3lo si es necesario\u201d.<u><\/u><u><\/u><\/p>\n<p class=\"x_m_3891883010215526475MsoNoSpacing\">Subray\u00f3 el dirigente partidista que las presuntas irregularidades detectadas en las elecciones municipales de \u00c1lamo, Cosoleacaque, Coxquihui, Cuitl\u00e1huac, Ignacio de la Llave, Mixtla de Altamirano, P\u00e1nuco, Papantla, San Rafael y Zozocolco podr\u00edan hacer que el proceso se vaya a los tribunales.<u><\/u><u><\/u><\/p>\n<p class=\"x_m_3891883010215526475MsoNoSpacing\">Violencia, agresi\u00f3n y uso de programas sociales fueron, dijo Alarc\u00f3n Guevara, el com\u00fan denominador del proceso veracruzano. Lo que parece no recordar es c\u00f3mo gan\u00f3 el PRI las elecciones en los tiempos de Fidel Herrera y Javier Duarte.<\/p>\n<p class=\"x_m_3891883010215526475MsoNoSpacing\">@luisromero85<u><\/u><u><\/u><\/p>\n<\/div>\n<\/div>\n<\/div>\n<p>&nbsp;<\/p>\n","protected":false},"excerpt":{"rendered":"<p>Luis Alberto Romero Hora cero \u00a0 H\u00e9ctor Yunes Landa, ex candidato de PRI-Verde a la gubernatura del estado en 2016, no quita el dedo del rengl\u00f3n: aparecer\u00e1 s\u00ed o s\u00ed en las boletas electorales de 2018 en busca de un cargo que hasta hoy se le ha negado. Ante la pregunta sobre si participar\u00e1 en [&hellip;]<\/p>\n","protected":false},"author":2,"featured_media":0,"comment_status":"open","ping_status":"open","sticky":false,"template":"","format":"standard","meta":{"_jetpack_newsletter_access":"","_jetpack_dont_email_post_to_subs":false,"_jetpack_newsletter_tier_id":0,"_jetpack_memberships_contains_paywalled_content":false,"_jetpack_memberships_contains_paid_content":false,"footnotes":""},"categories":[70],"tags":[348,3046,428,251],"class_list":["post-34251","post","type-post","status-publish","format-standard","hentry","category-de-opinion","tag-hector-yunes-landa","tag-jaime-tellez-marie","tag-miguel-angel-yunes-linares","tag-pri"],"jetpack_featured_media_url":"","jetpack_sharing_enabled":true,"jetpack_shortlink":"https:\/\/wp.me\/p4Qcd3-8Ur","_links":{"self":[{"href":"https:\/\/lospoliticosveracruz.com.mx\/index.php?rest_route=\/wp\/v2\/posts\/34251","targetHints":{"allow":["GET"]}}],"collection":[{"href":"https:\/\/lospoliticosveracruz.com.mx\/index.php?rest_route=\/wp\/v2\/posts"}],"about":[{"href":"https:\/\/lospoliticosveracruz.com.mx\/index.php?rest_route=\/wp\/v2\/types\/post"}],"author":[{"embeddable":true,"href":"https:\/\/lospoliticosveracruz.com.mx\/index.php?rest_route=\/wp\/v2\/users\/2"}],"replies":[{"embeddable":true,"href":"https:\/\/lospoliticosveracruz.com.mx\/index.php?rest_route=%2Fwp%2Fv2%2Fcomments&post=34251"}],"version-history":[{"count":1,"href":"https:\/\/lospoliticosveracruz.com.mx\/index.php?rest_route=\/wp\/v2\/posts\/34251\/revisions"}],"predecessor-version":[{"id":34252,"href":"https:\/\/lospoliticosveracruz.com.mx\/index.php?rest_route=\/wp\/v2\/posts\/34251\/revisions\/34252"}],"wp:attachment":[{"href":"https:\/\/lospoliticosveracruz.com.mx\/index.php?rest_route=%2Fwp%2Fv2%2Fmedia&parent=34251"}],"wp:term":[{"taxonomy":"category","embeddable":true,"href":"https:\/\/lospoliticosveracruz.com.mx\/index.php?rest_route=%2Fwp%2Fv2%2Fcategories&post=34251"},{"taxonomy":"post_tag","embeddable":true,"href":"https:\/\/lospoliticosveracruz.com.mx\/index.php?rest_route=%2Fwp%2Fv2%2Ftags&post=34251"}],"curies":[{"name":"wp","href":"https:\/\/api.w.org\/{rel}","templated":true}]}}