{"id":34253,"date":"2017-06-05T10:24:42","date_gmt":"2017-06-05T15:24:42","guid":{"rendered":"http:\/\/www.lospoliticosveracruz.com.mx\/?p=34253"},"modified":"2017-06-05T10:24:42","modified_gmt":"2017-06-05T15:24:42","slug":"elecciones-2017-de-las-mas-desaseadas","status":"publish","type":"post","link":"https:\/\/lospoliticosveracruz.com.mx\/?p=34253","title":{"rendered":"Elecciones 2017, de las m\u00e1s desaseadas"},"content":{"rendered":"<p><strong>Claudia Guerrero Mart\u00ednez<\/strong><\/p>\n<p><em>Entre lo ut\u00f3pico y lo verdadero<\/em><\/p>\n<p>&nbsp;<\/p>\n<p>&nbsp;<\/p>\n<p>Este domingo 4 de junio ser\u00e1 recordado. Desde el inicio del d\u00eda, se observ\u00f3 una manifestaci\u00f3n de empleados y simpatizantes del candidato del PRI a la Alcald\u00eda de Xalapa, Alejandro Montano Guzm\u00e1n, realiz\u00e1ndole a su casa de campa\u00f1a el lanzamiento de huevos y gritos, por la falta de pago del mes que dur\u00f3 su campa\u00f1a electoral.<\/p>\n<p>Luego, la noticia de que Sara Ladr\u00f3n de Guevara, Rectora de la Universidad Veracruzana, era funcionaria de casilla 2030 , ubicada en Murillo Vidal, en Xalapa, cuando como funcionaria de un \u00f3rgano educativo que percibe presupuesto del Gobierno del Estado, est\u00e1 imposibilitada para serlo, seg\u00fan consta en el art\u00edculo 179, secci\u00f3n V de la Ley Electoral vigente, que dicta: \u201cNo ser servidor p\u00fablico de los Poderes Ejecutivo o Judicial de la Federaci\u00f3n o Estado o de alg\u00fan Ayuntamiento, que se encuentre facultado para disponer de recursos materiales, financieros o humanos, ni tener cargo de direcci\u00f3n partidista de cualquier jerarqu\u00eda\u201d. Y a la Rectora, simplemente le vali\u00f3&#8230;<\/p>\n<p>Despu\u00e9s, se observa en un video casero agresiones por parte de Christian L\u00f3pez, Secretario del Ayuntamiento de Orizaba, quien golpea a ciudadanos frente a una casilla instalada en ese municipio y estar involucrado personal adscrito a la Secretaria de Gobierno&#8230; Adem\u00e1s, m\u00e1s videos de las largas filas de taxis estacionados, aguardando para el traslado de acarreados y simpatizantes presuntamente a favor de la candidata del PAN-PRD a la Alcald\u00eda de Xalapa, Ana Miriam Ferr\u00e1ez Centeno, quien asegur\u00f3 a los medios de comunicaci\u00f3n ser una guerra sucia y de descr\u00e9dito. De igual manera, fluy\u00f3 informaci\u00f3n, de la declinaci\u00f3n de Nicanor Moreira Ruiz, candidato de Nueva Alianza a la Presidencia Municipal por Xalapa a favor de Ana Miriam, informaci\u00f3n completamente falsa y con intenci\u00f3n de confundir al electorado.<\/p>\n<p>O audios en los que el candidato de Nueva Alianza por la Alcald\u00eda de Alto Lucero, Javier Castillo Viveros, amenazaba a todo aquel que votara por otro partido y no sea el suyo&#8230; Peor, en las redes sociales, Jos\u00e9 Abella, empresario y aspirante a periodista, escribi\u00f3 en sus redes sociales, con base a un meme que lo involucra con la candidata del PAN-PRD a la Presidencia por C\u00f3rdoba, Leticia L\u00f3pez de estar aliado con la panista, por lo que escribi\u00f3 en su cuenta: \u201cY ora nos ponen en coalici\u00f3n con PAN y PRD? Na\u00b4m\u00e1s que me entere qui\u00e9n anda haciendo estos Memes y le mando a los Zetas a darle una tabliza para que se (le) quite\u201d&#8230;<\/p>\n<p>Golpes y amenazas en Naolinco, encabezados por el candidato del PRI a la Alcald\u00eda, H\u00e9ctor Garc\u00eda Barradas, en contra del hermano del tambi\u00e9n candidato del PAN-PRD, documentadas en fotograf\u00edas que nos hicieron llegar, oportunamente.<\/p>\n<p>Hubo candidatos, quienes med\u00edan su derrota anunciada, para denunciar atentados y hasta amenazas de muerte, para no salir tan mal en esta elecci\u00f3n local&#8230; Hasta amenazas de bomba en la zona Conurbada Veracruz-Boca del R\u00edo&#8230; Otros, hasta votan en otro municipio, como fue el caso de Fidel Kuri Grajales, candidato del PRI a la Alcald\u00eda de Veracruz y emiti\u00f3 su sufragio en Orizaba, con todo el cinismo que le caracteriza a este due\u00f1o del equipo, no del nombre, Tiburones Rojos de Veracruz&#8230; S\u00f3lo en Veracruz se ven estas barbaridades&#8230;.<\/p>\n<p>Esto publicamos en una nota: Fidel Kuri emiti\u00f3 su voto, minutos antes en la casilla ubicada en Orizaba, Veracruz, en el Distrito Federal: 15 Distrito Local: 20 Secci\u00f3n: 2745, ubicada en la Av. Salvador D\u00edaz Mir\u00f3n Sur 21, sin n\u00famero, Colonia Benito Ju\u00e1rez, con el C\u00f3digo Postal 94390, en la Escuela Secundaria General Margarita Maza de Ju\u00e1rez, entre la calle 20 de noviembre y Primero de mayo, frente al Oratorio San Felipe Neri.<\/p>\n<p>Cabe destacar, no ser ilegal, pero tampoco es \u00e9tico, pues siendo candidato por la Alianza PRI-Verde, no emitiera su sufragio en el municipio donde busca el voto de los ciudadanos. Los fuertes rumores de una negociaci\u00f3n para ser candidato, es darle dos permisos para la instalaci\u00f3n de casinos, as\u00ed como otros acuerdos con el PRI Nacional.<\/p>\n<p>Una contienda llena de anomal\u00edas y abstencionismo, mostrando el hartazgo de los ciudadanos, quienes no estuvieron de acuerdo con muchos candidatos. Y los partidos pol\u00edticos, tendr\u00e1n que analizar esta elecci\u00f3n, para en un futuro cuidar los perfiles de muchos, quienes eran impresentables.<\/p>\n<p>Los resultados los veremos hoy lunes, cuando el OPLE muestre mediante el PREP, los votos de cada candidato de los diferentes partidos pol en los 212 municipios.<\/p>\n<p>Dudas y comentarios: claudiaguerreromtz@gmail.com<\/p>\n<p>Visite: www.claudiaguerrero.mx y www.periodicoveraz.com<\/p>\n<p>Twitter: @cguerreromtz<\/p>\n","protected":false},"excerpt":{"rendered":"<p>Claudia Guerrero Mart\u00ednez Entre lo ut\u00f3pico y lo verdadero &nbsp; &nbsp; Este domingo 4 de junio ser\u00e1 recordado. Desde el inicio del d\u00eda, se observ\u00f3 una manifestaci\u00f3n de empleados y simpatizantes del candidato del PRI a la Alcald\u00eda de Xalapa, Alejandro Montano Guzm\u00e1n, realiz\u00e1ndole a su casa de campa\u00f1a el lanzamiento de huevos y gritos, [&hellip;]<\/p>\n","protected":false},"author":2,"featured_media":0,"comment_status":"open","ping_status":"open","sticky":false,"template":"","format":"standard","meta":{"_jetpack_newsletter_access":"","_jetpack_dont_email_post_to_subs":false,"_jetpack_newsletter_tier_id":0,"_jetpack_memberships_contains_paywalled_content":false,"_jetpack_memberships_contains_paid_content":false,"footnotes":""},"categories":[70],"tags":[344,4733,8517,8518,1639,755],"class_list":["post-34253","post","type-post","status-publish","format-standard","hentry","category-de-opinion","tag-alejandro-montano-guzman","tag-alto-lucero","tag-christian-lopez","tag-javier-castillo-viveros","tag-orizaba","tag-sara-ladron-de-guevara"],"jetpack_featured_media_url":"","jetpack_sharing_enabled":true,"jetpack_shortlink":"https:\/\/wp.me\/p4Qcd3-8Ut","_links":{"self":[{"href":"https:\/\/lospoliticosveracruz.com.mx\/index.php?rest_route=\/wp\/v2\/posts\/34253","targetHints":{"allow":["GET"]}}],"collection":[{"href":"https:\/\/lospoliticosveracruz.com.mx\/index.php?rest_route=\/wp\/v2\/posts"}],"about":[{"href":"https:\/\/lospoliticosveracruz.com.mx\/index.php?rest_route=\/wp\/v2\/types\/post"}],"author":[{"embeddable":true,"href":"https:\/\/lospoliticosveracruz.com.mx\/index.php?rest_route=\/wp\/v2\/users\/2"}],"replies":[{"embeddable":true,"href":"https:\/\/lospoliticosveracruz.com.mx\/index.php?rest_route=%2Fwp%2Fv2%2Fcomments&post=34253"}],"version-history":[{"count":1,"href":"https:\/\/lospoliticosveracruz.com.mx\/index.php?rest_route=\/wp\/v2\/posts\/34253\/revisions"}],"predecessor-version":[{"id":34254,"href":"https:\/\/lospoliticosveracruz.com.mx\/index.php?rest_route=\/wp\/v2\/posts\/34253\/revisions\/34254"}],"wp:attachment":[{"href":"https:\/\/lospoliticosveracruz.com.mx\/index.php?rest_route=%2Fwp%2Fv2%2Fmedia&parent=34253"}],"wp:term":[{"taxonomy":"category","embeddable":true,"href":"https:\/\/lospoliticosveracruz.com.mx\/index.php?rest_route=%2Fwp%2Fv2%2Fcategories&post=34253"},{"taxonomy":"post_tag","embeddable":true,"href":"https:\/\/lospoliticosveracruz.com.mx\/index.php?rest_route=%2Fwp%2Fv2%2Ftags&post=34253"}],"curies":[{"name":"wp","href":"https:\/\/api.w.org\/{rel}","templated":true}]}}