{"id":34280,"date":"2017-06-05T22:14:59","date_gmt":"2017-06-06T03:14:59","guid":{"rendered":"http:\/\/www.lospoliticosveracruz.com.mx\/?p=34280"},"modified":"2017-06-05T22:16:57","modified_gmt":"2017-06-06T03:16:57","slug":"pepe-2018","status":"publish","type":"post","link":"https:\/\/lospoliticosveracruz.com.mx\/?p=34280","title":{"rendered":"Pepe 2018"},"content":{"rendered":"<p dir=\"ltr\"><strong>Salvador Mu\u00f1oz<\/strong><\/p>\n<p dir=\"ltr\"><em>Los Pol\u00edticos<\/em><\/p>\n<p dir=\"ltr\">\n<p dir=\"ltr\">\n<p dir=\"ltr\">Le pregunto si en sus escenarios, al igual que en los de H\u00e9ctor, incluso el mismo Miguel \u00c1ngel, tienen contemplado que as\u00ed como hay una animadversi\u00f3n en este momento para el PRI, este mal humor social pueda impregnar al apellido Yunes, m\u00e1s cuando en las \u00faltimas dos elecciones para Gobernador (2010 y 2016) ha participado este apellido y es posible, muy posible, que en el 2018, lo tengamos otra vez en tres personalidades en la disputa por la candidatura en sus respectivos partidos. Me responde que hay un aproximado de dos mil Yunes en un estado de 8 millones de veracruzanos, pero en su caso, si bien est\u00e1 orgulloso de su apellido, tambi\u00e9n hablan 20 a\u00f1os de trabajo\u2026 y s\u00ed, Pepe Yunes Zorrilla tiene en claro algo: va con todo para lograr la candidatura de su partido por la gubernatura de Veracruz.<\/p>\n<p dir=\"ltr\">II<\/p>\n<p dir=\"ltr\">La reuni\u00f3n es con el Grupo de los 10, y fiel a su estilo, es puntual a la cita. No as\u00ed algunos compa\u00f1eros. Uno, en especial llega muy avanzada la pl\u00e1tica. Le digo al Senador:<\/p>\n<p dir=\"ltr\">\u2013Viene llegando \u201cFulano\u201d, si te pregunta algo, dile que ya te cuestionaron de eso\u2026<\/p>\n<p dir=\"ltr\">Y continuamos en la charla\u2026 no hab\u00edan pasado ni quince minutos \u00a1y zaz! \u201cFulano\u201d hac\u00eda una pregunta a lo que el Senador respondi\u00f3:<\/p>\n<p dir=\"ltr\">\u2013Ese tema ya lo tratamos hace rato, pero Salvador te puede responder, pues \u00e9l me hizo la misma pregunta\u2026<\/p>\n<p dir=\"ltr\">\u00a1Pela los ojos \u201cFulano\u201d! Rompo a las risas y se da cuenta que le hicimos la broma\u2026 por supuesto, Pepe Yunes descarga en m\u00ed toda la responsabilidad. Se r\u00ede, incluso compara al PRI con el Am\u00e9rica, su (nuestro) equipo favorito, y hasta del compromiso casi \u201ca huevo\u201d (para estar a tono con el siguiente tema) de que ten\u00eda que ganar Perote, donde \u201cno me siento cacique ni due\u00f1o\u201d.<\/p>\n<p dir=\"ltr\">III<\/p>\n<p dir=\"ltr\">Es imposible eludir el tema de los \u201chuevos tibios\u201d de Tava Ortega Arteaga. Dice que para \u00e9l, no importa si lo dijo o no la ex diputada, eso no lo agravia, sino le llama la atenci\u00f3n esa intenci\u00f3n o percepci\u00f3n que hay alrededor de esta frase para con su forma de ser y hacer pol\u00edtica. Cuenta que este asunto, el de la tibieza o prudencia, viene desde que le pidieron \u201cmadrear\u201d a un Yunes cuando se trat\u00f3 un punto de acuerdo en el Senado sobre actos de corrupci\u00f3n en la administraci\u00f3n del Gobierno estatal y se neg\u00f3. \u201cCuando me tenga que madrear, lo har\u00e9, pero jam\u00e1s por encargo\u201d, deja en claro.<\/p>\n<p dir=\"ltr\">IV<\/p>\n<p dir=\"ltr\">Pepe Yunes precisa: \u201cVoy a buscar la candidatura para este 2018\u201d. \u00bfY H\u00e9ctor? Eso es algo que ni el chole\u00f1o ni el de Perote tendr\u00e1n que resolver, sino que se tendr\u00e1 que ver y sopesar varios factores, siendo el principal, quien garantice el triunfo. No debe lugar para un punto de quiebra, sino que as\u00ed como lo hicieron en 2016, se tendr\u00e1n que poner de acuerdo, \u201cal final, tenemos que ir juntos\u201d, aunque cita que las intenciones de H\u00e9ctor no las ve ni como \u201ctraiciones ni deslealtades\u201d&#8230;<\/p>\n<p dir=\"ltr\">Igual responde a ese rollo que se manej\u00f3 de que en la pasada contienda por la gubernatura no se meti\u00f3 a apoyar a H\u00e9ctor y la responde muy simple: \u201cel primer interesado en que ganara Yunes Landa era yo\u201d&#8230; pues as\u00ed, de facto ser\u00eda candidato a la Gubernatura en este 2018.<\/p>\n<p dir=\"ltr\">Por supuesto, Pepe no va a iniciar alguna campa\u00f1a en especial, sino simplemente va a \u201chacer lo que vengo haciendo\u2026 trabajar\u201d; \u00bfen qu\u00e9? en apoyos y gesti\u00f3n de recursos aun con el riesgo de que haya ciudadanos que no vinculen algunas obras con su labor de gestor\u00eda, aunque dice que al menos en los recursos carreteros s\u00ed hay socializaci\u00f3n con los beneficiarios.<\/p>\n<p dir=\"ltr\">V<\/p>\n<p dir=\"ltr\">Platicamos de los resultados del PRI\u2026 dice que en Perote le qued\u00f3 en claro que a veces no hay que tener a todos, sino a los que hay que tener. No tiene empacho en decir que estuvo al pendiente de su distrito y entreg\u00f3 buenas cuentas. Percibe un malestar social en contra del PRI y conoce los riesgos de \u00e9ste\u2026 la hoy Ciudad de M\u00e9xico es el mejor ejemplo de ello\u2026 recuerda que cuando fue diputado federal abord\u00f3 un taxi y empez\u00f3 un di\u00e1logo con el ruletero sobre pol\u00edtica. Estaban los esc\u00e1ndalos de Carlos Ahumada con Bejarano, Rosario Robles e Imaz. Sin saber que llevaba a un diputado y menos del PRI, platicaban de la honestidad de unos y la corrupci\u00f3n de otros, hasta que de plano el taxista le dijo: \u201c\u00bfQu\u00e9 me est\u00e1 diciendo? \u00bfQue nos roba el PRD? \u00a1Pues que nos roben los del PRD, menos los del PRI!\u201d<\/p>\n<p dir=\"ltr\">El DF, hoy Ciudad de M\u00e9xico, mantiene desde hace a\u00f1os, una animadversi\u00f3n al PRI que espera Pepe Yunes que esta historia no se mantenga tanto tiempo en Veracruz\u2026<\/p>\n<p dir=\"ltr\"><strong>El PRI a\u00fan respira<\/strong><\/p>\n<p dir=\"ltr\">Tras la derrota del PRI el a\u00f1o pasado, se augur\u00f3 en esta contienda reciente su destrucci\u00f3n total\u2026 los n\u00fameros que arroja lo dejan con vida. Hablan de que al menos su voto duro se conserva lo que le permite ara\u00f1ar un segundo lugar (muy re\u00f1ido con Morena, que es tercero) en la preferencia electoral.<\/p>\n<p dir=\"ltr\">Al menos Renato Alarc\u00f3n y Lorena Mart\u00ednez, presidente y delegada del CEN del PRI, pueden contar que \u201csobrevivieron\u201d al caos vaticinado y dejan en claro algo: hay priistas que est\u00e1n convencidos de su partido y que est\u00e1n dispuestos a encabezar la renovaci\u00f3n del mismo. Los casi 600 mil votos que logra el PRI es un ejemplo de que se dio un primer paso al interior del mismo partido.<\/p>\n<p dir=\"ltr\">Quiz\u00e1s no era tanto \u201cQue resurja Veracruz\u201d, sino que \u201cSobreviva el PRI\u201d&#8230; no s\u00e9 si hoy ya toc\u00f3 fondo el PRI en esta contienda o le falte a\u00fan la prueba final: 2018, pero eso ya ser\u00e1 otra historia que no sabemos si le toque a Renato Alarc\u00f3n y Lorena Mart\u00ednez enfrentar de nuevo\u2026 al menos ambos pueden decir al CEN del PRI: misi\u00f3n cumplida. A\u00fan respiramos.<\/p>\n<p dir=\"ltr\"><a href=\"mailto:smcainito@gmail.com\" target=\"_blank\" rel=\"noopener noreferrer\">smcainito@gmail.com<\/a><\/p>\n","protected":false},"excerpt":{"rendered":"<p>Salvador Mu\u00f1oz Los Pol\u00edticos Le pregunto si en sus escenarios, al igual que en los de H\u00e9ctor, incluso el mismo Miguel \u00c1ngel, tienen contemplado que as\u00ed como hay una animadversi\u00f3n en este momento para el PRI, este mal humor social pueda impregnar al apellido Yunes, m\u00e1s cuando en las \u00faltimas dos elecciones para Gobernador (2010 [&hellip;]<\/p>\n","protected":false},"author":2,"featured_media":0,"comment_status":"open","ping_status":"open","sticky":false,"template":"","format":"standard","meta":{"_jetpack_newsletter_access":"","_jetpack_dont_email_post_to_subs":false,"_jetpack_newsletter_tier_id":0,"_jetpack_memberships_contains_paywalled_content":false,"_jetpack_memberships_contains_paid_content":false,"footnotes":""},"categories":[70],"tags":[7469,1443,246,148],"class_list":["post-34280","post","type-post","status-publish","format-standard","hentry","category-de-opinion","tag-grupo-de-los-10","tag-octavia-ortega-arteaga","tag-pepe-yunes-zorrilla","tag-perote"],"jetpack_featured_media_url":"","jetpack_sharing_enabled":true,"jetpack_shortlink":"https:\/\/wp.me\/p4Qcd3-8UU","_links":{"self":[{"href":"https:\/\/lospoliticosveracruz.com.mx\/index.php?rest_route=\/wp\/v2\/posts\/34280","targetHints":{"allow":["GET"]}}],"collection":[{"href":"https:\/\/lospoliticosveracruz.com.mx\/index.php?rest_route=\/wp\/v2\/posts"}],"about":[{"href":"https:\/\/lospoliticosveracruz.com.mx\/index.php?rest_route=\/wp\/v2\/types\/post"}],"author":[{"embeddable":true,"href":"https:\/\/lospoliticosveracruz.com.mx\/index.php?rest_route=\/wp\/v2\/users\/2"}],"replies":[{"embeddable":true,"href":"https:\/\/lospoliticosveracruz.com.mx\/index.php?rest_route=%2Fwp%2Fv2%2Fcomments&post=34280"}],"version-history":[{"count":3,"href":"https:\/\/lospoliticosveracruz.com.mx\/index.php?rest_route=\/wp\/v2\/posts\/34280\/revisions"}],"predecessor-version":[{"id":34283,"href":"https:\/\/lospoliticosveracruz.com.mx\/index.php?rest_route=\/wp\/v2\/posts\/34280\/revisions\/34283"}],"wp:attachment":[{"href":"https:\/\/lospoliticosveracruz.com.mx\/index.php?rest_route=%2Fwp%2Fv2%2Fmedia&parent=34280"}],"wp:term":[{"taxonomy":"category","embeddable":true,"href":"https:\/\/lospoliticosveracruz.com.mx\/index.php?rest_route=%2Fwp%2Fv2%2Fcategories&post=34280"},{"taxonomy":"post_tag","embeddable":true,"href":"https:\/\/lospoliticosveracruz.com.mx\/index.php?rest_route=%2Fwp%2Fv2%2Ftags&post=34280"}],"curies":[{"name":"wp","href":"https:\/\/api.w.org\/{rel}","templated":true}]}}