{"id":34324,"date":"2017-06-11T21:18:52","date_gmt":"2017-06-12T02:18:52","guid":{"rendered":"http:\/\/www.lospoliticosveracruz.com.mx\/?p=34324"},"modified":"2017-06-11T21:18:52","modified_gmt":"2017-06-12T02:18:52","slug":"las-matematicas-del-poder","status":"publish","type":"post","link":"https:\/\/lospoliticosveracruz.com.mx\/?p=34324","title":{"rendered":"Las matem\u00e1ticas del poder"},"content":{"rendered":"<p><strong>Salvador Mu\u00f1oz<\/strong><\/p>\n<p><em>Los Pol\u00edticos<\/em><\/p>\n<p>&nbsp;<br \/>\nCuando a finales del siglo pasado, el PRI perdi\u00f3 107 alcald\u00edas, fue el esc\u00e1ndalo. \u00bfPor qu\u00e9? Porque en lugar de festejar el avance de la democracia, nos regodeamos con el fracaso del partido en el poder. \u00a1Ah! Perd\u00f3n&#8230; La derrota tuvo nombre, apellido y padre: Miguel \u00c1ngel Yunes Linares.<br \/>\nEn t\u00e9rminos de las Matem\u00e1ticas del Poder, efectivamente, en ese tiempo, Yunes Linares pierde 107 de un total de 212 municipios y se enfatiza la derrota porque \u00e9l era parte del Sistema que en esos momentos gobernaba en Veracruz bajo la batuta de Patricio Chirinos Calero.<br \/>\nEs curioso, pero en 2010, cuando Jorge Carvallo Delf\u00edn es dirigente del PRI, pierde 122 alcald\u00edas de las 212, es decir, quince m\u00e1s que las de Yunes Linares, esto, en la transici\u00f3n del poder de Fidel Herrera a Javier Duarte de Ochoa. \u00a1Ah! Pero como se gan\u00f3 la Gubernatura, poco ruido se le hizo al nuevo r\u00e9cord en derrotas y hasta la fecha, hay quienes insisten en ver las 107 derrotas de 1997 como las peores del priismo.<br \/>\nTres a\u00f1os despu\u00e9s, Yunes Linares es desbancado del nada honroso segundo lugar en derrotas, para dar paso a Chilly Willy, quien en 2013 pierde en 119 municipios&#8230; pero como se viv\u00edan tiempos de jauja al lado del duartismo, esas derrotas no hicieron mella ni en la memoria de quienes insisten en seguir achac\u00e1ndole la peor derrota electoral en municipales del PRI a Yunes Linares.<br \/>\nHoy, las Matem\u00e1ticas del Poder, seg\u00fan yo, insisto, le dan su justo lugar a Renato Alarc\u00f3n Guevara, dirigente del PRI. Ya sin tener al Sistema en el Poder como aliado, de 93 alcald\u00edas que tiene el PRI como partido de oposici\u00f3n, logra el triunfo en 44 alcald\u00edas (tres, s\u00f3lo bajo las siglas del partido; 41, en alianza con el PVEM); es decir pierde realmente 49 municipios. \u00a1Eso es optimismo, chingao!<br \/>\nEn 2010, el PAN obtuvo 90 alcald\u00edas, aunque siendo sinceros, por s\u00ed solo obtuvo 37 y 53 en alianza con el Panal.<br \/>\nEse mismo a\u00f1o, el PRI por s\u00ed solo obtuvo siete triunfos y 83 en alianza con PVEM y el desaparecido PRV. \u00bfYa observaron que la tendencia al final del sexenio de Fidel Herrera, al menos en municipios, era igual para abajo como en este reciente proceso municipal?<br \/>\nPRD, PT y Convergencia ganar\u00edan en 37 municipios.<br \/>\nEn 2013, el PAN solo, obtiene 45 alcald\u00edas, es decir, ocho m\u00e1s que en el proceso electoral aunque si se le resta el total que obtuvo con la alianza Panal, en ese proceso perdi\u00f3 la mitad de lo obtenido en el anterior.<br \/>\nEn tanto, el PRD obtiene 32 triunfos, ya sin alianza. Convergencia logra 17 y PT, 5. Es decir la izquierda por s\u00ed sola, obtiene 54 alcald\u00edas en 2013, o sea, 17 m\u00e1s que en el 2010.<br \/>\nEs de inter\u00e9s observar que se estaba a mediados del Duartismo, ya con el poder asentado.<br \/>\nAhora, tras el triunfo de la Gubernatura por el PAN en alianza con el PRD, en esta su contienda como Sistema en el Poder, llega a 106 alcald\u00edas que si comparamos con las 127 que tuvo en 2010 junto con las del PRD (que en esa ocasi\u00f3n fue en alianza peor con izquierdas), podr\u00edamos decir que perdi\u00f3 en comparaci\u00f3n a hace seis a\u00f1os, 21 alcald\u00edas.<br \/>\nAhora que si comparamos los resultados actuales con el 2013 (cuando junto con el PRD sin ser aliados suman en conjunto 77 triunfos), podr\u00edamos decir que hubo un avance de m\u00e1s 29 alcald\u00edas.<br \/>\nInsisto: Hay que observar el fin del sexenio del 2010 y ya el duartismo, a medio sexenio, en el 2013&#8230; quiz\u00e1s el hecho de ser Poder igual influya mucho cuando a la hora de las elecciones se trata y nuestra democracia siga siendo un pinche espejismo.<br \/>\nsmcainito@gmail.com<\/p>\n","protected":false},"excerpt":{"rendered":"<p>Salvador Mu\u00f1oz Los Pol\u00edticos &nbsp; Cuando a finales del siglo pasado, el PRI perdi\u00f3 107 alcald\u00edas, fue el esc\u00e1ndalo. \u00bfPor qu\u00e9? Porque en lugar de festejar el avance de la democracia, nos regodeamos con el fracaso del partido en el poder. \u00a1Ah! Perd\u00f3n&#8230; La derrota tuvo nombre, apellido y padre: Miguel \u00c1ngel Yunes Linares. En [&hellip;]<\/p>\n","protected":false},"author":2,"featured_media":0,"comment_status":"open","ping_status":"open","sticky":false,"template":"","format":"standard","meta":{"_jetpack_newsletter_access":"","_jetpack_dont_email_post_to_subs":false,"_jetpack_newsletter_tier_id":0,"_jetpack_memberships_contains_paywalled_content":false,"_jetpack_memberships_contains_paid_content":false,"footnotes":""},"categories":[70],"tags":[851,8554,428,251],"class_list":["post-34324","post","type-post","status-publish","format-standard","hentry","category-de-opinion","tag-jorge-carvallo-delfin","tag-matematicas-del-poder","tag-miguel-angel-yunes-linares","tag-pri"],"jetpack_featured_media_url":"","jetpack_sharing_enabled":true,"jetpack_shortlink":"https:\/\/wp.me\/p4Qcd3-8VC","_links":{"self":[{"href":"https:\/\/lospoliticosveracruz.com.mx\/index.php?rest_route=\/wp\/v2\/posts\/34324","targetHints":{"allow":["GET"]}}],"collection":[{"href":"https:\/\/lospoliticosveracruz.com.mx\/index.php?rest_route=\/wp\/v2\/posts"}],"about":[{"href":"https:\/\/lospoliticosveracruz.com.mx\/index.php?rest_route=\/wp\/v2\/types\/post"}],"author":[{"embeddable":true,"href":"https:\/\/lospoliticosveracruz.com.mx\/index.php?rest_route=\/wp\/v2\/users\/2"}],"replies":[{"embeddable":true,"href":"https:\/\/lospoliticosveracruz.com.mx\/index.php?rest_route=%2Fwp%2Fv2%2Fcomments&post=34324"}],"version-history":[{"count":2,"href":"https:\/\/lospoliticosveracruz.com.mx\/index.php?rest_route=\/wp\/v2\/posts\/34324\/revisions"}],"predecessor-version":[{"id":34394,"href":"https:\/\/lospoliticosveracruz.com.mx\/index.php?rest_route=\/wp\/v2\/posts\/34324\/revisions\/34394"}],"wp:attachment":[{"href":"https:\/\/lospoliticosveracruz.com.mx\/index.php?rest_route=%2Fwp%2Fv2%2Fmedia&parent=34324"}],"wp:term":[{"taxonomy":"category","embeddable":true,"href":"https:\/\/lospoliticosveracruz.com.mx\/index.php?rest_route=%2Fwp%2Fv2%2Fcategories&post=34324"},{"taxonomy":"post_tag","embeddable":true,"href":"https:\/\/lospoliticosveracruz.com.mx\/index.php?rest_route=%2Fwp%2Fv2%2Ftags&post=34324"}],"curies":[{"name":"wp","href":"https:\/\/api.w.org\/{rel}","templated":true}]}}