{"id":34449,"date":"2017-06-14T09:45:15","date_gmt":"2017-06-14T14:45:15","guid":{"rendered":"http:\/\/www.lospoliticosveracruz.com.mx\/?p=34449"},"modified":"2017-06-14T09:45:15","modified_gmt":"2017-06-14T14:45:15","slug":"lamentable-espectaculo-en-el-legislativo","status":"publish","type":"post","link":"https:\/\/lospoliticosveracruz.com.mx\/?p=34449","title":{"rendered":"Lamentable espect\u00e1culo en el Legislativo"},"content":{"rendered":"<p class=\"x_m_2156631719940924882MsoNoSpacing\"><b>Luis Alberto Romero<\/b><\/p>\n<p class=\"x_m_2156631719940924882MsoNoSpacing\"><em>Hora Cero<\/em><\/p>\n<p class=\"x_m_2156631719940924882MsoNoSpacing\"><b><\/b><u><\/u>\u00a0<u><\/u><\/p>\n<p class=\"x_m_2156631719940924882MsoNoSpacing\">Un nuevo cap\u00edtulo de la novela que se vive en el Poder Legislativo de Veracruz se verific\u00f3 este martes: luego de la denuncia de la diputada Cinthya Lobato Calder\u00f3n sobre presuntas irregularidades en el manejo de los recursos del Congreso Local, se inform\u00f3 que el coordinador de la bancada panista y presidente de la Junta de Coordinaci\u00f3n Pol\u00edtica, Sergio Hern\u00e1ndez, comparecer\u00e1 este mi\u00e9rcoles ante la Fiscal\u00eda General del Estado.<u><\/u><u><\/u><\/p>\n<p class=\"x_m_2156631719940924882MsoNoSpacing\">Recordamos que el pasado 8 de junio fue filtrado a los medios un audio de una discusi\u00f3n entre ambos legisladores panistas; fue una acusaci\u00f3n de la diputada Lobato contra su coordinador de bancada, a quien reprocha la falta de transparencia en el manejo de los recursos que recibe la fracci\u00f3n del blanquiazul en la Legislatura del Estado, algo as\u00ed como\u00a0 un mill\u00f3n 600\u00a0 mil pesos mensuales.<u><\/u><u><\/u><\/p>\n<p class=\"x_m_2156631719940924882MsoNoSpacing\">Incluso, la legisladora panista habr\u00eda se\u00f1alado que el dinero que recibe la bancada es usado para supuestas francachelas del coordinador y de uno de sus incondicionales, el ex diputado Carlos Fuentes Urrutia, actual secretario de Administraci\u00f3n y Finanzas en la Legislatura estatal.<u><\/u><u><\/u><\/p>\n<p class=\"x_m_2156631719940924882MsoNoSpacing\">El tema, sin embargo, no qued\u00f3 en una filtraci\u00f3n a los medios: el pasado lunes 12, Cinthya Lobato acudi\u00f3 a la Fiscal\u00eda General del Estado, instancia ante la que dijo que no ten\u00eda por qu\u00e9 explicar sus dichos, y mucho menos comparecer. Afirm\u00f3, adem\u00e1s, que la Fiscal\u00eda Especializada en Delitos Electorales y en Atenci\u00f3n a Denuncias contra Periodistas, que fue la que le cit\u00f3, carece de competencia en el caso.<u><\/u><u><\/u><\/p>\n<p class=\"x_m_2156631719940924882MsoNoSpacing\">Como sea, la instancia estatal de procuraci\u00f3n de justicia cit\u00f3 al diputado Sergio Hern\u00e1ndez a comparecer en torno a las acusaciones de Lobato Calder\u00f3n. El presidente de la Jucopo visitar\u00e1 la Fiscal\u00eda este mi\u00e9rcoles por la tarde, en tanto que Carlos <i>Chico<\/i> Fuentes amag\u00f3 con una denuncia contra la legisladora.<u><\/u><u><\/u><\/p>\n<p class=\"x_m_2156631719940924882MsoNoSpacing\">Luego de sus acusaciones, Cinthya Lobato est\u00e1 cada vez m\u00e1s lejos del PAN y se dice que su salida de la bancada albiazul es inminente. Lo cierto es que el espect\u00e1culo que se registra en el Poder Legislativo de Veracruz es, por decir lo menos, lamentable.<u><\/u><u><\/u><\/p>\n<p class=\"x_m_2156631719940924882MsoNoSpacing\"><u><\/u><\/p>\n<p class=\"x_m_2156631719940924882MsoNoSpacing\"><b>La Olimpiada del Cobaev<u><\/u><u><\/u><\/b><\/p>\n<p class=\"x_m_2156631719940924882MsoNoSpacing\">Del 7 al 9 del presente mes, el Colegio de Bachilleres del Estado de Veracruz, Cobaev, celebr\u00f3 la edici\u00f3n 25 de su Olimpiada Estatal, un encuentro de estudiantes que compitieron en 79 disciplinas de diferentes ramas\u00a0 del conocimiento.<u><\/u><u><\/u><\/p>\n<p class=\"x_m_2156631719940924882MsoNoSpacing\">En la etapa estatal participaron mil 885 estudiantes que representan a las 8 regiones y a los 71 planteles del Cobaev en la entidad.<u><\/u><u><\/u><\/p>\n<p class=\"x_m_2156631719940924882MsoNoSpacing\">En abril, dicha dependencia de la Secretar\u00eda de Educaci\u00f3n de Veracruz organiz\u00f3 la etapa regional, en la que compitieron m\u00e1s de 10 mil alumnos de los diferentes grados.<u><\/u><u><\/u><\/p>\n<p class=\"x_m_2156631719940924882MsoNoSpacing\">De norte a sur, todas las regiones y los planteles del Cobaev estuvieron representados en un encuentro que busca promover la sana convivencia, y fomentar arte, cultura, ciencia y deporte, nos coment\u00f3 el director de la instituci\u00f3n, Abel P\u00e9rez Arciniega.<u><\/u><u><\/u><\/p>\n<p class=\"x_m_2156631719940924882MsoNoSpacing\">Lo importante de este tipo de eventos es que no s\u00f3lo se concentra en las diferentes \u00e1reas del conocimiento, sino que promueve valores de integraci\u00f3n, deseos de superaci\u00f3n de los j\u00f3venes y sentido de pertenencia.<u><\/u><u><\/u><\/p>\n<p class=\"x_m_2156631719940924882MsoNoSpacing\">Una prueba del \u00e9xito de estos encuentros que realiza la SEV, a trav\u00e9s del Cobaev, es que de las Olimpiadas Estatales han surgido j\u00f3venes que destacan en el entorno nacional e internacional. Por ejemplo, los estudiantes Adri\u00e1n Gasca Tehuintle, Jos\u00e9 Oziel Peralta Cruz y Joshua Abid Ju\u00e1rez D\u00edaz participaron con \u00e9xito en la fase nacional de la olimpiada,\u00a0 ganando el derecho a representar al Cobaev, al estado de Veracruz, y a nuestro pa\u00eds en la pr\u00f3xima justa internacional, lo cual es relevante porque se env\u00eda un mensaje en el sentido de que a pesar de las complicaciones financieras del gobierno de la entidad, y de los problemas derivados de un entorno de inseguridad y pobreza, hay acciones enfocadas al bienestar de las nuevas generaciones de veracruzanos, a trav\u00e9s de la educaci\u00f3n y el fomento a las artes y la cultura.<\/p>\n<p class=\"x_m_2156631719940924882MsoNoSpacing\">\n<p class=\"x_m_2156631719940924882MsoNoSpacing\">@luisromero85<\/p>\n","protected":false},"excerpt":{"rendered":"<p>Luis Alberto Romero Hora Cero \u00a0 Un nuevo cap\u00edtulo de la novela que se vive en el Poder Legislativo de Veracruz se verific\u00f3 este martes: luego de la denuncia de la diputada Cinthya Lobato Calder\u00f3n sobre presuntas irregularidades en el manejo de los recursos del Congreso Local, se inform\u00f3 que el coordinador de la bancada [&hellip;]<\/p>\n","protected":false},"author":2,"featured_media":0,"comment_status":"open","ping_status":"open","sticky":false,"template":"","format":"standard","meta":{"_jetpack_newsletter_access":"","_jetpack_dont_email_post_to_subs":false,"_jetpack_newsletter_tier_id":0,"_jetpack_memberships_contains_paywalled_content":false,"_jetpack_memberships_contains_paid_content":false,"footnotes":""},"categories":[70],"tags":[993,2166,266,6142],"class_list":["post-34449","post","type-post","status-publish","format-standard","hentry","category-de-opinion","tag-cinthya-lobato","tag-cobaev","tag-pan","tag-sergio-hernandez"],"jetpack_featured_media_url":"","jetpack_sharing_enabled":true,"jetpack_shortlink":"https:\/\/wp.me\/p4Qcd3-8XD","_links":{"self":[{"href":"https:\/\/lospoliticosveracruz.com.mx\/index.php?rest_route=\/wp\/v2\/posts\/34449","targetHints":{"allow":["GET"]}}],"collection":[{"href":"https:\/\/lospoliticosveracruz.com.mx\/index.php?rest_route=\/wp\/v2\/posts"}],"about":[{"href":"https:\/\/lospoliticosveracruz.com.mx\/index.php?rest_route=\/wp\/v2\/types\/post"}],"author":[{"embeddable":true,"href":"https:\/\/lospoliticosveracruz.com.mx\/index.php?rest_route=\/wp\/v2\/users\/2"}],"replies":[{"embeddable":true,"href":"https:\/\/lospoliticosveracruz.com.mx\/index.php?rest_route=%2Fwp%2Fv2%2Fcomments&post=34449"}],"version-history":[{"count":1,"href":"https:\/\/lospoliticosveracruz.com.mx\/index.php?rest_route=\/wp\/v2\/posts\/34449\/revisions"}],"predecessor-version":[{"id":34450,"href":"https:\/\/lospoliticosveracruz.com.mx\/index.php?rest_route=\/wp\/v2\/posts\/34449\/revisions\/34450"}],"wp:attachment":[{"href":"https:\/\/lospoliticosveracruz.com.mx\/index.php?rest_route=%2Fwp%2Fv2%2Fmedia&parent=34449"}],"wp:term":[{"taxonomy":"category","embeddable":true,"href":"https:\/\/lospoliticosveracruz.com.mx\/index.php?rest_route=%2Fwp%2Fv2%2Fcategories&post=34449"},{"taxonomy":"post_tag","embeddable":true,"href":"https:\/\/lospoliticosveracruz.com.mx\/index.php?rest_route=%2Fwp%2Fv2%2Ftags&post=34449"}],"curies":[{"name":"wp","href":"https:\/\/api.w.org\/{rel}","templated":true}]}}