{"id":34502,"date":"2017-06-16T08:28:37","date_gmt":"2017-06-16T13:28:37","guid":{"rendered":"http:\/\/www.lospoliticosveracruz.com.mx\/?p=34502"},"modified":"2017-06-16T08:28:37","modified_gmt":"2017-06-16T13:28:37","slug":"la-dirigencia-del-pri","status":"publish","type":"post","link":"https:\/\/lospoliticosveracruz.com.mx\/?p=34502","title":{"rendered":"La dirigencia del PRI"},"content":{"rendered":"<p dir=\"ltr\"><strong>Salvador Mu\u00f1oz<\/strong><\/p>\n<p dir=\"ltr\"><em>Los Pol\u00edticos<\/em><\/p>\n<p dir=\"ltr\">\n<p dir=\"ltr\">\n<p dir=\"ltr\">Cuestiona un amigo mi negativa a que se incorpore Am\u00e9rico Z\u00fa\u00f1iga Mart\u00ednez a la dirigencia estatal del PRI. S\u00f3lo le digo que no es el momento. Le recuerdo que Am\u00e9rico llega a la alcald\u00eda dejando el cargo de diputado local y que lejos de que se enriquezca su curriculum pasando de Enr\u00edquez a Ruiz Cortines, lo empa\u00f1a pues ser\u00eda la segunda ocasi\u00f3n que un cargo de representaci\u00f3n popular abandonar\u00eda \u00a1y con lo encarecidos que est\u00e1n los votos hoy en d\u00eda para el PRI!<\/p>\n<p dir=\"ltr\">Ahora, le vuelvo a insistir, est\u00e1 identificado con el senador Pepe Yunes Zorrilla, quien ya alz\u00f3 la mano para contender y si Am\u00e9rico llegara al PRI, la balanza estar\u00eda inclinada. Por supuesto, no estoy en contra de que se entronice en el CDE, es m\u00e1s, hay quienes lo ven como potencial candidato a la Senadur\u00eda por todo el andamiaje y engranaje que ha hecho durante su gesti\u00f3n como edil tanto en Veracruz como fuera del Estado al ser presidente de la Federaci\u00f3n Nacional de Municipios de M\u00e9xico\u2026 si fueran las elecciones en este momento, quiz\u00e1s tuviera margen para competir en una buena lid, pero en 2018, cuando sus aliados locales igual ya salieron, dif\u00edcilmente creo que le alcance y curioso, no tanto por su desempe\u00f1o como alcalde donde la constante ha sido obra tras obra, apostando incluso a aqu\u00e9llas que no se ven, que no lucen, pero el \u201cmal humor social\u201d (dixit Pe\u00f1a Nieto) en contra del Sistema en el Gobierno como del PRI, lo alcanz\u00f3.<\/p>\n<p dir=\"ltr\">Para m\u00e1s, hay quienes vaticinan que Am\u00e9rico pase a la historia como ser el \u00faltimo alcalde del PRI durante mucho tiempo\u2026 \u00a1ojo! Y eso la Izquierda debe tomarlo muy pero muy en serio porque tanto en lo micro como en lo macro, la lecci\u00f3n ya est\u00e1 escrita: Al PRI, en Xalapa, le bast\u00f3 siete a\u00f1os para regresar al poder municipal. Al PRI, en el pa\u00eds, le bastaron dos sexenios. La prueba m\u00e1s interesante que ha de completar en su momento, en su tiempo, en su justa dimensi\u00f3n esta columna, ser\u00e1 en el \u00e1mbito estatal donde hasta el momento, no hay estad\u00edstica.<\/p>\n<p dir=\"ltr\">Por supuesto, cada quien en su municipio ha de llevar sus registros\u2026 yo hablo por Xalapa.<\/p>\n<p dir=\"ltr\">Desconozco si Renato Alarc\u00f3n deba o no seguir al frente del PRI, aunque sus m\u00e1s f\u00e9rreos cr\u00edticos, de acuerdo a los resultados, piden que se vaya. Primero, hay que aclarar y a la vez preguntar: \u00bfDe verdad alguien esperaba un resultado diferente al que obtuvo el PRI con su aliado PVEM apenas hace unas semanas? Entonces, si es por los resultados, quien pide la cabeza de Renato es un iluso.<\/p>\n<p dir=\"ltr\">Adem\u00e1s, en enero 2018, se supone que se debe convocar para elegir a una nueva presidencia en el PRI, pero como va a haber un proceso electoral ya en movimiento, o se da ya el cambio por otro \u201cprovisional\u201d o como lo llamen, o se aguantan a esperar los tiempos, las elecciones y los resultados\u2026 aunque\u2026<\/p>\n<p dir=\"ltr\">Si es cierto lo que se dice de que en menos de 90 d\u00edas han de cantarle Las Golondrinas a Enrique Ochoa Reza, las cosas pueden cambiar\u2026<\/p>\n<p dir=\"ltr\">Por cierto, Ochoa Reza s\u00ed tiene p\u00e9simos resultados (el Estado de M\u00e9xico y Coahuila no son triunfos, tienen otro nombre), por mantener esa larga distancia con el sentir de un candidato a elecci\u00f3n popular, fuera para Gobernador, diputado o alcalde. Jam\u00e1s pudo hacer click con la militancia y mucho menos con sus ungidos por una simple raz\u00f3n: no entiende lo que es buscar un cargo de elecci\u00f3n popular por nunca haberlo vivido en carne propia. \u00a1Ups! \u00bfEstar\u00e1 en las mismas condiciones Renato?<\/p>\n<p dir=\"ltr\">Bueno, pero si es cierta la especie y se va Ochoa Reza y llega Jos\u00e9 Reyes Baeza Terrazas, actual director general del Issste, y no Pepe Calzada Rovirosa (H\u00e9ctor Yunes hace \u201cchanguitos\u201d porque llegue el titular de Sagarpa), habr\u00eda que recordar que conoce a Renato Alarc\u00f3n desde que \u00e9ste asumi\u00f3 la delegaci\u00f3n del Issste y en una de \u00e9sas, si se llega a cumplir este supuesto, creo que ambos, tanto Jos\u00e9 Reyes como Renato, se sentir\u00edan bastante c\u00f3modos para armar una estrategia mejor que la hecha en la pasada elecci\u00f3n\u2026<\/p>\n<p dir=\"ltr\">\u00a1Ojo! Porque Renato no es el \u00fanico que se lleva, conoce, y ha trabajado con Jos\u00e9 Reyes Baeza Terrazas\u2026 tambi\u00e9n est\u00e1 la actual delegada del Issste, a quien tambi\u00e9n colocan como potencial candidata a la Senadur\u00eda en una competencia leal con Anil\u00fa Ingram, la delegada de Sedesol.<\/p>\n<p dir=\"ltr\">Del otro var\u00f3n que apuntalan para la Senadur\u00eda, junto con Am\u00e9rico, ya hablaremos otro d\u00eda, porque el espacio nos gan\u00f3\u2026 espero comprenda Juan Carlos Molina Palacios.<\/p>\n<p dir=\"ltr\">\n<p dir=\"ltr\"><a href=\"mailto:smcainito@gmail.com\" target=\"_blank\" rel=\"noopener noreferrer\">smcainito@gmail.com<\/a><\/p>\n","protected":false},"excerpt":{"rendered":"<p>Salvador Mu\u00f1oz Los Pol\u00edticos Cuestiona un amigo mi negativa a que se incorpore Am\u00e9rico Z\u00fa\u00f1iga Mart\u00ednez a la dirigencia estatal del PRI. S\u00f3lo le digo que no es el momento. Le recuerdo que Am\u00e9rico llega a la alcald\u00eda dejando el cargo de diputado local y que lejos de que se enriquezca su curriculum pasando de [&hellip;]<\/p>\n","protected":false},"author":2,"featured_media":0,"comment_status":"open","ping_status":"open","sticky":false,"template":"","format":"standard","meta":{"_jetpack_newsletter_access":"","_jetpack_dont_email_post_to_subs":false,"_jetpack_newsletter_tier_id":0,"_jetpack_memberships_contains_paywalled_content":false,"_jetpack_memberships_contains_paid_content":false,"footnotes":""},"categories":[70],"tags":[483,6551,6390,246,3060],"class_list":["post-34502","post","type-post","status-publish","format-standard","hentry","category-de-opinion","tag-americo-zuniga","tag-enrique-ochoa","tag-jose-reyes-baeza-terrazas","tag-pepe-yunes-zorrilla","tag-renato-alarcon"],"jetpack_featured_media_url":"","jetpack_sharing_enabled":true,"jetpack_shortlink":"https:\/\/wp.me\/p4Qcd3-8Yu","_links":{"self":[{"href":"https:\/\/lospoliticosveracruz.com.mx\/index.php?rest_route=\/wp\/v2\/posts\/34502","targetHints":{"allow":["GET"]}}],"collection":[{"href":"https:\/\/lospoliticosveracruz.com.mx\/index.php?rest_route=\/wp\/v2\/posts"}],"about":[{"href":"https:\/\/lospoliticosveracruz.com.mx\/index.php?rest_route=\/wp\/v2\/types\/post"}],"author":[{"embeddable":true,"href":"https:\/\/lospoliticosveracruz.com.mx\/index.php?rest_route=\/wp\/v2\/users\/2"}],"replies":[{"embeddable":true,"href":"https:\/\/lospoliticosveracruz.com.mx\/index.php?rest_route=%2Fwp%2Fv2%2Fcomments&post=34502"}],"version-history":[{"count":1,"href":"https:\/\/lospoliticosveracruz.com.mx\/index.php?rest_route=\/wp\/v2\/posts\/34502\/revisions"}],"predecessor-version":[{"id":34503,"href":"https:\/\/lospoliticosveracruz.com.mx\/index.php?rest_route=\/wp\/v2\/posts\/34502\/revisions\/34503"}],"wp:attachment":[{"href":"https:\/\/lospoliticosveracruz.com.mx\/index.php?rest_route=%2Fwp%2Fv2%2Fmedia&parent=34502"}],"wp:term":[{"taxonomy":"category","embeddable":true,"href":"https:\/\/lospoliticosveracruz.com.mx\/index.php?rest_route=%2Fwp%2Fv2%2Fcategories&post=34502"},{"taxonomy":"post_tag","embeddable":true,"href":"https:\/\/lospoliticosveracruz.com.mx\/index.php?rest_route=%2Fwp%2Fv2%2Ftags&post=34502"}],"curies":[{"name":"wp","href":"https:\/\/api.w.org\/{rel}","templated":true}]}}