{"id":34535,"date":"2017-06-18T09:54:43","date_gmt":"2017-06-18T14:54:43","guid":{"rendered":"http:\/\/www.lospoliticosveracruz.com.mx\/?p=34535"},"modified":"2017-06-18T09:54:43","modified_gmt":"2017-06-18T14:54:43","slug":"a-mi-padre-con-franqueza-y-con-carino","status":"publish","type":"post","link":"https:\/\/lospoliticosveracruz.com.mx\/?p=34535","title":{"rendered":"A mi padre, con franqueza y con cari\u00f1o"},"content":{"rendered":"<p><strong>Armando Ortiz<\/strong><br \/>\n<em>El Hijo Pr\u00f3digo<\/em><\/p>\n<p>Soy muy consciente que poco hablo de mi padre, figura ausente en mis cuentos, mis comentarios o mis an\u00e9cdotas. No recuerdo un gesto cari\u00f1oso de mi padre, claro de debi\u00f3 haberlo, claro que debi\u00f3 procurarme alg\u00fan cari\u00f1o, \u00a1caramba! era yo uno de sus cinco hijos. Pero no lo recuerdo en mi escuela, en mis graduaciones; no lo recuerdo en mis momentos tristes ni en mis momentos de dicha. Lo que s\u00ed recuerdo es su car\u00e1cter recio y autoritario; recuerdo su figura de castigador, su cintur\u00f3n y una reata con la que nos daba unas buenas tundas siempre muy merecidas, eso s\u00ed lo recuerdo.<br \/>\n\u00c9ramos tres hermanos que nos segu\u00edamos en edad apenas por un a\u00f1o. Cuando el mayor cumpli\u00f3 13 a\u00f1os y se volvi\u00f3 un tanto abusivo, los otros dos ya est\u00e1bamos en edad de defendernos y en esas batallas infantiles, rudas y llenas de gritos los tres sal\u00edamos perdiendo. Empez\u00e1bamos a pelear en un extremo de la calle y termin\u00e1bamos en el otro extremo. Mi madre entonces llamaba a Ra\u00fal, mi padre y \u00e9ste, que era un hombre fuerte, lo recuerdo como un militar, nos tomaba a los tres como si tuviera m\u00e1s de dos manos, nos llevaba a la rec\u00e1mara, nos dejaba solos un rato en lo que meditaba que iba a usar, si su cintur\u00f3n de cuero o la reata que luego le costaba encontrar porque se la escond\u00edamos. No le quedaba de otra que usar el cintur\u00f3n. Por supuesto ya solos los tres, esperando el castigo, se dilu\u00eda nuestro coraje y hasta se nos olvidaba por qu\u00e9 hab\u00eda empezado la pelea. Nos zurraba a los tres, nos aguant\u00e1bamos el llanto porque no quer\u00edamos que los otros dos nos vieran llorar. Al final, adoloridos, con la marca del cintur\u00f3n en la piel, nos re\u00edamos el uno del otro y entre las risas relat\u00e1bamos cuantos cinturonazos le hab\u00edan tocado a cada uno.<\/p>\n<p><b>\u201c\u00a1Ah\u00ed est\u00e1 mi padre!\u201d<\/b><br \/>\nPero no piensen mal, mi padre no era cruel. Recuerdo las veces que nos castig\u00f3 con la vara de su disciplina, y las recuerdo porque fueron pocas. S\u00f3lo una vez recib\u00ed de mi padre un golpe inmerecido, un solo golpe, el \u00faltimo, que no fue nada comparado con los que recibi\u00f3 mi madre ese d\u00eda que \u00e9l sali\u00f3 corrido de la casa.<br \/>\nA principios de los a\u00f1os ochenta mi padre decidi\u00f3 dejar la familia y hacer vida con otra mujer. Nunca le juzgu\u00e9 mal, era todav\u00eda un hombre joven que entraba a sus cuarentas y que de alguna manera se sent\u00eda con derecho a buscar la felicidad por otro lado. Por supuesto eso lo digo ahora, que tengo la edad que \u00e9l ten\u00eda cuando nos dej\u00f3; entonces padec\u00ed ese abandono a una edad en que la figura paterna es fundamental.<br \/>\nEn ese entonces, antes que en la literatura, me refugiaba en el cine. Una semana pasaron un ciclo de pel\u00edculas de Charles Bronson en lo que entonces era el Cinema Los Lagos, que m\u00e1s tarde fue el Cinema Kubrick y que termin\u00f3 siendo un Centro de Atenci\u00f3n Telcel en la esquina de Azueta con \u00c1vila Camacho. Ah\u00ed vi casi todas las pel\u00edculas de Charles Bronson: la \u00e9pica Doce del pat\u00edbulo, Los siete magn\u00edficos, Apache, \u00c9rase una vez en el oeste, El gran escape, El vengador an\u00f3nimo, pero sobre todo El peleador callejero.<br \/>\nCuando vi a Charles Bronson en El peleador callejero dije: \u201cAh\u00ed est\u00e1 mi padre\u201d. El parecido era sorprendente. Mi padre a esa edad fue un hombre delgado, recio, de rostro duro y car\u00e1cter m\u00e1s; hoy d\u00eda los a\u00f1os le han ca\u00eddo encima. Pero en ese entonces recuerdo que una noche se enfrent\u00f3 a dos ladrones en la calle de Revoluci\u00f3n y los hizo huir.<\/p>\n<p><b>Un gesto de cari\u00f1o<\/b><br \/>\nUna tarde, comentando sobre el terremoto de Orizaba de 1973, le dije a un amigo que esa madrugada (el terremoto fue a las 4:52 a.m.) mis padres lo sintieron en la casa de teja donde vivimos algunos a\u00f1os en la calle de Poeta Jes\u00fas D\u00edaz. Esa madrugada mi padre, con la ayuda de un t\u00edo, sac\u00f3 la cama al patio con todo y sus hijos, no nos despert\u00f3 para que no nos asust\u00e1ramos. Pero yo me despert\u00e9. Cuando abr\u00ed los ojos vi el cielo lleno de estrellas, muchas estrellas en un manto oscuro, Muchas estrellas que eran como una cobija nueva; pr\u00edstino manto con el que la noche nos cubre desde la creaci\u00f3n del mundo. Vi las estrellas como nunca antes las hab\u00eda visto, como nunca m\u00e1s las he vuelto a ver.<br \/>\nDespu\u00e9s de comentarle eso a mi amigo, quien por cierto ya sab\u00eda que no recordaba un gesto de cari\u00f1o de mi padre hac\u00eda m\u00ed, me dijo; \u201cPues ah\u00ed est\u00e1 un gesto de cari\u00f1o. \u00c9l los sac\u00f3 al patio a ti y a tus hermanos sin despertarlos, los sac\u00f3 para mantenerlos seguros, pero no quiso que se asustaran; si eso no es un gesto de cari\u00f1o, entonces no s\u00e9 qu\u00e9 lo es\u201d.<br \/>\nLa \u00faltima vez que estuve con mi padre fue junto a la tumba de su hijo menor, mi hermano. Ah\u00ed nos ten\u00eda a los tres juntos otra vez, pero esta vez a la merced de la nostalgia.<br \/>\nNo s\u00e9 que edad tiene mi padre ahora. No lo s\u00e9. Pero despu\u00e9s de tantos a\u00f1os me han dado ganas de verlo otra vez.<\/p>\n<p>aortiz52@hotmail.com<\/p>\n","protected":false},"excerpt":{"rendered":"<p>Armando Ortiz El Hijo Pr\u00f3digo Soy muy consciente que poco hablo de mi padre, figura ausente en mis cuentos, mis comentarios o mis an\u00e9cdotas. No recuerdo un gesto cari\u00f1oso de mi padre, claro de debi\u00f3 haberlo, claro que debi\u00f3 procurarme alg\u00fan cari\u00f1o, \u00a1caramba! era yo uno de sus cinco hijos. Pero no lo recuerdo en [&hellip;]<\/p>\n","protected":false},"author":2,"featured_media":0,"comment_status":"open","ping_status":"open","sticky":false,"template":"","format":"standard","meta":{"_jetpack_newsletter_access":"","_jetpack_dont_email_post_to_subs":false,"_jetpack_newsletter_tier_id":0,"_jetpack_memberships_contains_paywalled_content":false,"_jetpack_memberships_contains_paid_content":false,"footnotes":""},"categories":[70],"tags":[8602,8601,8355,8603],"class_list":["post-34535","post","type-post","status-publish","format-standard","hentry","category-de-opinion","tag-charles-bronson","tag-cinema-kubrik","tag-dia-del-padre","tag-el-peleador"],"jetpack_featured_media_url":"","jetpack_sharing_enabled":true,"jetpack_shortlink":"https:\/\/wp.me\/p4Qcd3-8Z1","_links":{"self":[{"href":"https:\/\/lospoliticosveracruz.com.mx\/index.php?rest_route=\/wp\/v2\/posts\/34535","targetHints":{"allow":["GET"]}}],"collection":[{"href":"https:\/\/lospoliticosveracruz.com.mx\/index.php?rest_route=\/wp\/v2\/posts"}],"about":[{"href":"https:\/\/lospoliticosveracruz.com.mx\/index.php?rest_route=\/wp\/v2\/types\/post"}],"author":[{"embeddable":true,"href":"https:\/\/lospoliticosveracruz.com.mx\/index.php?rest_route=\/wp\/v2\/users\/2"}],"replies":[{"embeddable":true,"href":"https:\/\/lospoliticosveracruz.com.mx\/index.php?rest_route=%2Fwp%2Fv2%2Fcomments&post=34535"}],"version-history":[{"count":1,"href":"https:\/\/lospoliticosveracruz.com.mx\/index.php?rest_route=\/wp\/v2\/posts\/34535\/revisions"}],"predecessor-version":[{"id":34536,"href":"https:\/\/lospoliticosveracruz.com.mx\/index.php?rest_route=\/wp\/v2\/posts\/34535\/revisions\/34536"}],"wp:attachment":[{"href":"https:\/\/lospoliticosveracruz.com.mx\/index.php?rest_route=%2Fwp%2Fv2%2Fmedia&parent=34535"}],"wp:term":[{"taxonomy":"category","embeddable":true,"href":"https:\/\/lospoliticosveracruz.com.mx\/index.php?rest_route=%2Fwp%2Fv2%2Fcategories&post=34535"},{"taxonomy":"post_tag","embeddable":true,"href":"https:\/\/lospoliticosveracruz.com.mx\/index.php?rest_route=%2Fwp%2Fv2%2Ftags&post=34535"}],"curies":[{"name":"wp","href":"https:\/\/api.w.org\/{rel}","templated":true}]}}