{"id":3457,"date":"2013-11-04T03:15:00","date_gmt":"2013-11-04T03:15:00","guid":{"rendered":"http:\/\/www.lospoliticosveracruz.com.mx\/?p=3457"},"modified":"2014-10-10T03:01:24","modified_gmt":"2014-10-10T03:01:24","slug":"fallece-un-ilustre-xalapeno","status":"publish","type":"post","link":"https:\/\/lospoliticosveracruz.com.mx\/?p=3457","title":{"rendered":"Fallece un ilustre xalape\u00f1o"},"content":{"rendered":"<blockquote><p>* Erick convoca a la unidad<br \/>* El a\u00f1o de la consolidaci\u00f3n<\/p><\/blockquote>\n<p><b>Jos\u00e9 Ortiz Medina<\/b><br \/><i>En Corto&#8230; sin Cortes<\/i><\/p>\n<p>Pr\u00e1cticamente todo est\u00e1 listo para que el viernes 15 de este mes, el gobernador Javier Duarte de Ochoa rinda su Tercer Informe de Actividades.<br \/>De acuerdo con las previsiones log\u00edsticas que est\u00e1n haciendo las \u00e1reas encargadas, all\u00e1 en Palacio de Gobierno, el mandatario entregar\u00e1 el documento que concentra las actividades realizadas este a\u00f1o, a los nuevos diputados de la Legislatura de Veracruz, la LXIII, que toman posesi\u00f3n este martes.<br \/>Posteriormente, en el Castillo de San Juan de Ul\u00faa, Duarte enviar\u00e1 un mensaje a los veracruzanos y recibir\u00e1 la salutaci\u00f3n de los invitados especiales.<br \/>Seg\u00fan los organizadores, son decenas de personas las que ya confirmaron su asistencia al evento. Y es que el gobernador de Veracruz tiene un gran poder de convocatoria.<br \/>Por esa raz\u00f3n, gobernadores, senadores, diputados y l\u00edderes de opini\u00f3n de diferentes entidades y partidos pol\u00edticos \u2013pudiera ser que, incluso, asista el presidente Enrique Pe\u00f1a Nieto&#8211; estar\u00e1n en este magno evento.<br \/>El gobernador veracruzano tiene mucho para compartir con sus invitados, pues el 2013 ha sido el a\u00f1o de la consolidaci\u00f3n del crecimiento econ\u00f3mico \u2013y de todo lo que de ah\u00ed se desprende; la parte laboral, por ejemplo&#8211;, pol\u00edtico y social de nuestra entidad.<br \/><a name='more'><\/a><br \/>AUNQUE FALTA mucho, pero mucho trecho para que se den los tiempos, la \u201cgrilla\u201d entre quienes se creen y se sienten sucesores de la silla que ocupa actualmente el gobernador Javier Duarte de Ochoa se encuentra a todo lo que da. Lamentablemente ante la escasa presencia de quienes sue\u00f1an desde ahora con esa posici\u00f3n, algunos se han dado a la tarea de buscarle gl\u00e1ndulas mamarias a las serpientes para hacerse notar medi\u00e1ticamente entre los ciudadanos, aunque \u00e9stos, cansados de sus desplantes, sus deudas y su reputaci\u00f3n dudosa, opten simplemente por hacer caso omiso de sus arrebatos. Un d\u00eda s\u00ed y otro tambi\u00e9n, los eternos \u201csucesores\u201d pagan cantidades exorbitantes de dinero p\u00fablico para promocionarse en las primeras planas de los medios de comunicaci\u00f3n, pero no paran ah\u00ed: desleales como son, no s\u00f3lo utilizan los medios para \u201cvitorear\u201d sus logros sino tambi\u00e9n para denostar a todo aquel que consideran podr\u00eda representarles un estorbo dentro de tres a\u00f1os en su desbocada carrera destinada al fracaso, cuando se decida la candidatura del PRI a la gubernatura. Muchos han sido v\u00edctimas de estos siniestros personajes que se sue\u00f1an despachando en Palacio de Gobierno. Desde senadores, diputados federales y locales, pasando por supuesto por los Secretarios de despacho de la actual administraci\u00f3n. El \u00faltimo blanco de los ataques virulentos de los susodichos ha sido el titular de la Secretar\u00eda de Gobierno, Erick Lagos Hern\u00e1ndez, quien dada su posici\u00f3n en el \u00e1rea m\u00e1s importante del gabinete, incomoda a m\u00e1s de uno que le ve posibilidades reales de ser el candidato y pr\u00f3ximo gobernador de Veracruz. Pero discreto como es el oriundo de Isla, no se distrae con fuegos fatuos ni con los \u201cse\u00f1uelos\u201d de quienes, por ociosidad, juegan sus piezas en el tablero sucesorio. En lugar de eso, Erick convoca a la unidad en torno a Javier Duarte de Ochoa con la finalidad de continuar cumpli\u00e9ndole a los veracruzanos, sin m\u00e1s aspiraciones que servir a toda la poblaci\u00f3n. Erick sabe que la lealtad no se compra ni se mide, se demuestra.  De all\u00ed que ante la gran responsabilidad que significa estar al frente de la SEGOB realice su trabajo con responsabilidad y eficiencia, sin prestar o\u00eddos a quienes promueven una sucesi\u00f3n anticipada. M\u00e1s a\u00fan porque es sabido que al actual gobernador de Veracruz le molesta que algunos se distraigan de sus ocupaciones justo ahora que la entidad demanda unidad y prop\u00f3sitos claros. Y es que mientras Javier Duarte se dedica en cuerpo y alma a servir a la entidad, algunos se la viven pensando en qui\u00e9n se va a quedar con su oficina. Erick Lagos lo sabe muy bien porque ha trabajado desde hace muchos a\u00f1os a lado de Javier Duarte. Iniciaron juntos en la pol\u00edtica y tienen una larga trayectoria en puestos de elecci\u00f3n popular y en la administraci\u00f3n p\u00fablica. Por eso su mayor aspiraci\u00f3n en este momento es dar buenos frutos a quien le ha dado su confianza para mantener la gobernabilidad y la paz social en todo el estado. Al final el tiempo y los veracruzanos pondr\u00e1n a cada quien en su lugar.<\/p>\n<p>LA SECRETAR\u00cdA de Relaciones Exteriores lament\u00f3 el fallecimiento del profesor, investigador y diplom\u00e1tico Mario Ojeda G\u00f3mez, nacido en la ciudad de Xalapa en 1927, acaecido el pasado 1 de noviembre. En un comunicado recuerda que Ojeda G\u00f3mez egres\u00f3 de la Universidad Nacional Aut\u00f3noma de M\u00e9xico y de la Universidad de Harvard. Fue presidente de El Colegio de M\u00e9xico de 1985 a 1995. En esta instituci\u00f3n fue miembro fundador del Centro de Estudios Internacionales y profesor em\u00e9rito. Fue asimismo Representante Permanente de M\u00e9xico ante la UNESCO de 1995 a 1998. Descanse en paz este ilustre xalape\u00f1o. <\/p>\n<p>LA \u201cINCERTIDUMBRE institucional\u201d por la que atraviesa el Instituto Federal Electoral obliga a que los legisladores y el consejo rector del Pacto por M\u00e9xico hagan p\u00fablico el plan del redise\u00f1o del sistema electoral mexicano. De lo contrario, el pretendido Instituto Nacional Electoral (INE) ser\u00e1 s\u00f3lo un monstruo de mil cabezas, advirti\u00f3 C\u00e9sar Astudillo, investigador del Instituto de Investigaciones Jur\u00eddicas de la Universidad Nacional Aut\u00f3noma de M\u00e9xico. Uno de los puntos m\u00e1s cr\u00edticos de la actual integraci\u00f3n del IFE (s\u00f3lo hay cuatro consejeros de nueve necesarios, como lo marca la ley actual) es la falta de qu\u00f3rum para su funcionamiento, porque lo m\u00ednimo indispensable para la toma de decisiones son cinco votos. A ver qu\u00e9 pasa.<\/p>\n","protected":false},"excerpt":{"rendered":"<p>* Erick convoca a la unidad* El a\u00f1o de la consolidaci\u00f3n Jos\u00e9 Ortiz MedinaEn Corto&#8230; sin Cortes Pr\u00e1cticamente todo est\u00e1 listo para que el viernes 15 de este mes, el gobernador Javier Duarte de Ochoa rinda su Tercer Informe de Actividades.De acuerdo con las previsiones log\u00edsticas que est\u00e1n haciendo las \u00e1reas encargadas, all\u00e1 en Palacio [&hellip;]<\/p>\n","protected":false},"author":1,"featured_media":0,"comment_status":"open","ping_status":"open","sticky":false,"template":"","format":"standard","meta":{"_jetpack_newsletter_access":"","_jetpack_dont_email_post_to_subs":false,"_jetpack_newsletter_tier_id":0,"_jetpack_memberships_contains_paywalled_content":false,"_jetpack_memberships_contains_paid_content":false,"footnotes":""},"categories":[1],"tags":[],"class_list":["post-3457","post","type-post","status-publish","format-standard","hentry","category-sin-categoria"],"jetpack_featured_media_url":"","jetpack_sharing_enabled":true,"jetpack_shortlink":"https:\/\/wp.me\/p4Qcd3-TL","_links":{"self":[{"href":"https:\/\/lospoliticosveracruz.com.mx\/index.php?rest_route=\/wp\/v2\/posts\/3457","targetHints":{"allow":["GET"]}}],"collection":[{"href":"https:\/\/lospoliticosveracruz.com.mx\/index.php?rest_route=\/wp\/v2\/posts"}],"about":[{"href":"https:\/\/lospoliticosveracruz.com.mx\/index.php?rest_route=\/wp\/v2\/types\/post"}],"author":[{"embeddable":true,"href":"https:\/\/lospoliticosveracruz.com.mx\/index.php?rest_route=\/wp\/v2\/users\/1"}],"replies":[{"embeddable":true,"href":"https:\/\/lospoliticosveracruz.com.mx\/index.php?rest_route=%2Fwp%2Fv2%2Fcomments&post=3457"}],"version-history":[{"count":0,"href":"https:\/\/lospoliticosveracruz.com.mx\/index.php?rest_route=\/wp\/v2\/posts\/3457\/revisions"}],"wp:attachment":[{"href":"https:\/\/lospoliticosveracruz.com.mx\/index.php?rest_route=%2Fwp%2Fv2%2Fmedia&parent=3457"}],"wp:term":[{"taxonomy":"category","embeddable":true,"href":"https:\/\/lospoliticosveracruz.com.mx\/index.php?rest_route=%2Fwp%2Fv2%2Fcategories&post=3457"},{"taxonomy":"post_tag","embeddable":true,"href":"https:\/\/lospoliticosveracruz.com.mx\/index.php?rest_route=%2Fwp%2Fv2%2Ftags&post=3457"}],"curies":[{"name":"wp","href":"https:\/\/api.w.org\/{rel}","templated":true}]}}