{"id":3459,"date":"2013-11-04T00:12:00","date_gmt":"2013-11-04T00:12:00","guid":{"rendered":"http:\/\/www.lospoliticosveracruz.com.mx\/?p=3459"},"modified":"2014-10-10T03:01:24","modified_gmt":"2014-10-10T03:01:24","slug":"la-economia-veracruzana","status":"publish","type":"post","link":"https:\/\/lospoliticosveracruz.com.mx\/?p=3459","title":{"rendered":"La econom\u00eda veracruzana"},"content":{"rendered":"<p><b>Luis Alberto Romero<\/b><br \/><i>Hora Cero<\/i><\/p>\n<p>Este fin de semana se inaugur\u00f3 en Veracruz la empresa n\u00famero 600 dentro del programa gubernamental \u201cMil Empresas\u201d, planteado desde el inicio de la presente administraci\u00f3n estatal.<br \/>Las cifras son generalmente fr\u00edas pero en este caso se refleja un avance importante, dado que esas inversiones representan crecimiento, generan empleo y, por tanto, bienestar de la poblaci\u00f3n.<br \/>Los n\u00fameros, sin duda, contrastan con el casi nulo crecimiento econ\u00f3mico que registra el pa\u00eds.<br \/>Lo m\u00e1s importante es que en la entidad se observa un avance acelerado en cuanto a la creaci\u00f3n de micros, peque\u00f1as y medianas empresas, lo cual nos llama a retomar algunos datos destacables de la econom\u00eda veracruzana, como el hecho de que en la entidad se han inaugurado, en los \u00faltimos tres a\u00f1os, m\u00e1s de 6 mil 500 peque\u00f1as, medianas y grandes empresas, con una inversi\u00f3n superior a los 4 mil 800 millones de pesos.<a name='more'><\/a><br \/>Ello coloca a Veracruz en el segundo lugar nacional en cuanto al n\u00famero de incubadoras de empresas.<br \/>Las cifras del desarrollo econ\u00f3mico no dicen que en Veracruz, m\u00e1s de 13 mil emprendedores han recibido apoyo gubernamental y destaca el que tres de cada cuatro son mujeres o j\u00f3venes.<br \/>Entre los ejemplos se encuentran los programas \u201cLa Jarocha Pr\u00f3spera\u201d y \u201cEl Mercado Pr\u00f3spero Adelante\u201d, que beneficia, este \u00faltimo, a m\u00e1s de mil productores veracruzanos que ven un aumento de hasta el 500 por ciento en sus ventas.<br \/>Avance, tambi\u00e9n, en el hecho de que 550 productores veracruzanos est\u00e1n en cadenas de distribuci\u00f3n mayorista.<br \/>Por otro lado, destaca que m\u00e1s de 250 mil nuevos empleos se han generado en los \u00faltimos tres a\u00f1os, lo que convierte a la entidad en el estado con la menor tasa de desempleo en el \u00e1mbito nacional y como una de las diez econom\u00edas m\u00e1s grandes del pa\u00eds.<br \/>Datos alentadores para los veracruzanos porque la entidad contribuye ya con el 4.6 por ciento del Producto Interno Bruto nacional.<br \/>Es hoy, Veracruz, la sexta econom\u00eda del pa\u00eds, despu\u00e9s del Distrito Federal, el Estado de M\u00e9xico, Nuevo Le\u00f3n, Jalisco y Campeche.<br \/>Por otro lado, por el tama\u00f1o de su econom\u00eda, la entidad ocupar\u00eda el d\u00e9cimo lugar en Am\u00e9rica Latina con 53 mil 694 millones de d\u00f3lares, superando a econom\u00edas como la de Uruguay, Costa Rica, Panam\u00e1, Paraguay y Bolivia.<br \/>Con 7.7 millones de habitantes, el tama\u00f1o de la econom\u00eda veracruzana es hoy equivalente a la suma de las econom\u00edas de El Salvador, Hait\u00ed, Honduras y Nicaragua, las cuales cuentan, en conjunto, con 30 millones de habitantes.<br \/>Por otro lado, llama la atenci\u00f3n, tambi\u00e9n, que del 2010 a la fecha, pr\u00e1cticamente la mitad de las empresas creadas en Veracruz son encabezadas por mujeres.<\/p>\n<div><\/div>\n<div>@luisromero85<\/div>\n","protected":false},"excerpt":{"rendered":"<p>Luis Alberto RomeroHora Cero Este fin de semana se inaugur\u00f3 en Veracruz la empresa n\u00famero 600 dentro del programa gubernamental \u201cMil Empresas\u201d, planteado desde el inicio de la presente administraci\u00f3n estatal.Las cifras son generalmente fr\u00edas pero en este caso se refleja un avance importante, dado que esas inversiones representan crecimiento, generan empleo y, por tanto, [&hellip;]<\/p>\n","protected":false},"author":1,"featured_media":0,"comment_status":"open","ping_status":"open","sticky":false,"template":"","format":"standard","meta":{"_jetpack_newsletter_access":"","_jetpack_dont_email_post_to_subs":false,"_jetpack_newsletter_tier_id":0,"_jetpack_memberships_contains_paywalled_content":false,"_jetpack_memberships_contains_paid_content":false,"footnotes":""},"categories":[1],"tags":[],"class_list":["post-3459","post","type-post","status-publish","format-standard","hentry","category-sin-categoria"],"jetpack_featured_media_url":"","jetpack_sharing_enabled":true,"jetpack_shortlink":"https:\/\/wp.me\/p4Qcd3-TN","_links":{"self":[{"href":"https:\/\/lospoliticosveracruz.com.mx\/index.php?rest_route=\/wp\/v2\/posts\/3459","targetHints":{"allow":["GET"]}}],"collection":[{"href":"https:\/\/lospoliticosveracruz.com.mx\/index.php?rest_route=\/wp\/v2\/posts"}],"about":[{"href":"https:\/\/lospoliticosveracruz.com.mx\/index.php?rest_route=\/wp\/v2\/types\/post"}],"author":[{"embeddable":true,"href":"https:\/\/lospoliticosveracruz.com.mx\/index.php?rest_route=\/wp\/v2\/users\/1"}],"replies":[{"embeddable":true,"href":"https:\/\/lospoliticosveracruz.com.mx\/index.php?rest_route=%2Fwp%2Fv2%2Fcomments&post=3459"}],"version-history":[{"count":0,"href":"https:\/\/lospoliticosveracruz.com.mx\/index.php?rest_route=\/wp\/v2\/posts\/3459\/revisions"}],"wp:attachment":[{"href":"https:\/\/lospoliticosveracruz.com.mx\/index.php?rest_route=%2Fwp%2Fv2%2Fmedia&parent=3459"}],"wp:term":[{"taxonomy":"category","embeddable":true,"href":"https:\/\/lospoliticosveracruz.com.mx\/index.php?rest_route=%2Fwp%2Fv2%2Fcategories&post=3459"},{"taxonomy":"post_tag","embeddable":true,"href":"https:\/\/lospoliticosveracruz.com.mx\/index.php?rest_route=%2Fwp%2Fv2%2Ftags&post=3459"}],"curies":[{"name":"wp","href":"https:\/\/api.w.org\/{rel}","templated":true}]}}