{"id":3461,"date":"2013-11-03T23:09:00","date_gmt":"2013-11-03T23:09:00","guid":{"rendered":"http:\/\/www.lospoliticosveracruz.com.mx\/?p=3461"},"modified":"2014-10-10T03:01:24","modified_gmt":"2014-10-10T03:01:24","slug":"ya-viene-la-63","status":"publish","type":"post","link":"https:\/\/lospoliticosveracruz.com.mx\/?p=3461","title":{"rendered":"\u00a1Ya viene la 63!"},"content":{"rendered":"<p><b>Rodrigo Montoya Rivera <\/b><br \/><i>Ideas&nbsp;<\/i><\/p>\n<div>Estamos a unos cuantos d\u00edas de que se reanude la actividad pol\u00edtica en Veracruz, con dinamismo y efervescencia. Este 5 de noviembre llegar\u00e1n al cargo los nuevos diputados que conformaran la LVIII Legislatura local y con ello el poder legislativo deber\u00e1 continuar con las cuestiones pendientes que se ir\u00e1n insertando dentro de la agenda parlamentaria.<\/p>\n<p>I <br \/>Los legisladores entrantes, ser\u00e1n los encargados de recibir el 3er informe de Gobierno que deber\u00e1 entregar el jefe del ejecutivo estatal Javier Duarte de Ochoa. As\u00ed mismo tendr\u00e1n que recibir uno a uno a los Secretarios de despacho que comparecer\u00e1n en el marco de la glosa del informe del mandatario estatal. <a name='more'><\/a><\/p>\n<p>II <br \/>Los diputados que reciban a los integrantes del gabinete, ser\u00e1n los que presidan y formen parte de la comisi\u00f3n correspondiente al caso, es decir, el Presidente de la Comisi\u00f3n de Comunicaciones, el secretario y el o los vocales, deben recibir al titular de la Secretar\u00eda de Infraestructura y Obras P\u00fablicas, el o la diputada que presida la comisi\u00f3n de Trabajo, recibir\u00e1 al titular de esta dependencia a cargo actualmente de Marco Antonio Aguilar Yunes, los diputados que formen parte de la comisi\u00f3n de Gobernaci\u00f3n; Desarrollo Econ\u00f3mico; Desarrollo Agropecuario, Rural, Forestal, Pesca y Alimentaci\u00f3n; Medio Ambiente; Educaci\u00f3n y Cultura; Protecci\u00f3n Civil; Salud y asistencia; Seguridad P\u00fablica y Turismo atender\u00e1n al Secretario que corresponda seg\u00fan el rubro. Tambi\u00e9n comparecen el titular de la Procuradur\u00eda General de Justicia, el Contralor y la titular de Comunicaci\u00f3n Social ante las comisiones que as\u00ed concierna. <\/p>\n<p>III <br \/>Dicho lo anterior, la legislatura que est\u00e1 a punto de estrenarse deber\u00e1 tener la capacidad de consenso, di\u00e1logo y acuerdo para que su productividad se vea reflejada en modificaci\u00f3n de leyes aprobaci\u00f3n y abrogaci\u00f3n de las mismas. As\u00ed mismo los perfiles de los diputados electos deben ser los correctos para cada una de las tareas que tendr\u00e1n dentro de las comisiones a las que pertenezcan. <br \/>Por el bien de la entidad esperamos ver a Diputados con conocimiento legislativo como Ra\u00fal Zarrabal qui\u00e9n es su segunda oportunidad en la m\u00e1xima tribuna del estado aportando sus conocimientos dentro de la comisi\u00f3n de comunicaciones que seguramente presidir\u00e1. David Velazco qui\u00e9n ya fue Presidente Municipal de Xalapa y es un reconocido empresario podr\u00e1 hacer un buen papel en la comisi\u00f3n de Desarrollo Econ\u00f3mico en caso de ser nombrado en esta; as\u00ed mismo Ricardo Ahued quien hizo un buen trabajo al frente del Ayuntamiento de Xalapa y fue un buen legislador federal tendr\u00e1 su oportunidad en la legislatura veracruzana, se hablaba que podr\u00eda estar al frente de la comisi\u00f3n de Vigilancia o de Hacienda del Estado. <br \/>Esperemos que esta nueva legislatura sea de gran productividad, de colaboraci\u00f3n con las instituciones p\u00fablicas estatales que no es lo mismo que subordinaci\u00f3n y que las propuestas hechas por qui\u00e9n ocupa la m\u00e1xima encomienda gubernamental sean analizadas sin intereses personales sino colectivos es decir en beneficio del pueblo. <br \/>Comentarios: <a href=\"mailto:rodrigomontoya91@hotmail.com\">rodrigomontoya91@hotmail.com<\/a> <br \/>Twitter: @RodrigoMontoyaR <\/div>\n","protected":false},"excerpt":{"rendered":"<p>Rodrigo Montoya Rivera Ideas&nbsp; Estamos a unos cuantos d\u00edas de que se reanude la actividad pol\u00edtica en Veracruz, con dinamismo y efervescencia. Este 5 de noviembre llegar\u00e1n al cargo los nuevos diputados que conformaran la LVIII Legislatura local y con ello el poder legislativo deber\u00e1 continuar con las cuestiones pendientes que se ir\u00e1n insertando dentro [&hellip;]<\/p>\n","protected":false},"author":1,"featured_media":0,"comment_status":"open","ping_status":"open","sticky":false,"template":"","format":"standard","meta":{"_jetpack_newsletter_access":"","_jetpack_dont_email_post_to_subs":false,"_jetpack_newsletter_tier_id":0,"_jetpack_memberships_contains_paywalled_content":false,"_jetpack_memberships_contains_paid_content":false,"footnotes":""},"categories":[1],"tags":[],"class_list":["post-3461","post","type-post","status-publish","format-standard","hentry","category-sin-categoria"],"jetpack_featured_media_url":"","jetpack_sharing_enabled":true,"jetpack_shortlink":"https:\/\/wp.me\/p4Qcd3-TP","_links":{"self":[{"href":"https:\/\/lospoliticosveracruz.com.mx\/index.php?rest_route=\/wp\/v2\/posts\/3461","targetHints":{"allow":["GET"]}}],"collection":[{"href":"https:\/\/lospoliticosveracruz.com.mx\/index.php?rest_route=\/wp\/v2\/posts"}],"about":[{"href":"https:\/\/lospoliticosveracruz.com.mx\/index.php?rest_route=\/wp\/v2\/types\/post"}],"author":[{"embeddable":true,"href":"https:\/\/lospoliticosveracruz.com.mx\/index.php?rest_route=\/wp\/v2\/users\/1"}],"replies":[{"embeddable":true,"href":"https:\/\/lospoliticosveracruz.com.mx\/index.php?rest_route=%2Fwp%2Fv2%2Fcomments&post=3461"}],"version-history":[{"count":0,"href":"https:\/\/lospoliticosveracruz.com.mx\/index.php?rest_route=\/wp\/v2\/posts\/3461\/revisions"}],"wp:attachment":[{"href":"https:\/\/lospoliticosveracruz.com.mx\/index.php?rest_route=%2Fwp%2Fv2%2Fmedia&parent=3461"}],"wp:term":[{"taxonomy":"category","embeddable":true,"href":"https:\/\/lospoliticosveracruz.com.mx\/index.php?rest_route=%2Fwp%2Fv2%2Fcategories&post=3461"},{"taxonomy":"post_tag","embeddable":true,"href":"https:\/\/lospoliticosveracruz.com.mx\/index.php?rest_route=%2Fwp%2Fv2%2Ftags&post=3461"}],"curies":[{"name":"wp","href":"https:\/\/api.w.org\/{rel}","templated":true}]}}