{"id":3463,"date":"2013-11-01T18:29:00","date_gmt":"2013-11-01T18:29:00","guid":{"rendered":"http:\/\/www.lospoliticosveracruz.com.mx\/?p=3463"},"modified":"2014-10-10T03:01:24","modified_gmt":"2014-10-10T03:01:24","slug":"error-de-imprenta","status":"publish","type":"post","link":"https:\/\/lospoliticosveracruz.com.mx\/?p=3463","title":{"rendered":"Error de imprenta"},"content":{"rendered":"<div style=\"clear: both; text-align: center;\"><a href=\"http:\/\/www.lospoliticosveracruz.com.mx\/wp-content\/uploads\/2013\/11\/Editora.jpg\" style=\"margin-left: 1em; margin-right: 1em;\"><img loading=\"lazy\" decoding=\"async\" border=\"0\" height=\"251\" src=\"http:\/\/www.lospoliticosveracruz.com.mx\/wp-content\/uploads\/2013\/11\/Editora-300x235.jpg\" width=\"320\" \/><\/a><\/div>\n<div><b><br \/><\/b><\/div>\n<div><b><br \/><\/b><\/div>\n<div><b>Trujyper<\/b><\/div>\n<p><i>Verba brava&nbsp;<\/i><\/p>\n<p>Cobijada por ser nieta de una hermana (Elvira Hern\u00e1ndez Ochoa) de quien fuera gobernador de Veracruz, Rafael Hern\u00e1ndez Ochoa, la abogada y maestra en Gesti\u00f3n p\u00fablica aplicada, Elvira Valentina Arteaga Vega, demerita el prestigio de la Editora del Estado de Veracruz. <br \/>La Regente actual de la Editora, y que  tambi\u00e9n es Notaria P\u00fablica 34 en San Andres Tlalnehuayocan \u2013es titular con licencia- exhibe poco profesionalismo,  no obstante sus galardones escolares manifiesta nula sensibilidad humana y p\u00e9sima administraci\u00f3n p\u00fablica. <br \/>El organismo que creara el General, Juan de la Luz Enr\u00edquez en 1888, denomin\u00e1ndolo Talleres Tipogr\u00e1ficos del Estado con la finalidad de elaborar en Veracruz  libros de texto y trabajos did\u00e1cticos para la Escuela Normal, -ya que en esa \u00e9poca se imprim\u00edan en el extranjero-, en la actualidad atraviesa una etapa en que es recomendable darle un  impulso renovador y con mayor visi\u00f3n, lo  exige la din\u00e1mica de un gobierno moderno; un renuevo de titular en la Editora del Estado. <a name='more'><\/a><br \/>Las instalaciones de la Editora, localizadas en el municipio de Emiliano Zapata, no obstante contar con 102 empleados de todas las especialidades gr\u00e1ficas y con equipo moderno,  no es explotada como se debiera y es por causa de que al frente de ella est\u00e1 implantada la poco profesional Elvira Valentina. <br \/>Para el trabajador com\u00fan de la Editora no le es c\u00f3modo-por la distancia hasta Xalapa, unos 20 kil\u00f3metros- el desplazamiento sin embargo tienen que cumplir con horarios establecidos y acuden con normalidad y cumplidamente;  sin embargo para la Regente Elvira le resulta demasiado pesado asistir a su centro laboral al grado que  sus subalternos para acordar las \u00f3rdenes de trabajo del d\u00eda tienen la obligaci\u00f3n de acudir al domicilio particular de ella en el Fraccionamiento Coapexpan de la capital del Estado. <br \/>Imita al presidente Pe\u00f1a Nieto quien despacha en la residencia oficial de Los Pinos y el gobernador Javier Duarte lo hace en Casa Veracruz; ella huevonea en Villa Coapexpan. <br \/>All\u00ed desde su poltrona, injuria,  ofende y denosta el esfuerzo de los impresores, dise\u00f1adores, correctores  y dem\u00e1s personal cuando no le satisface un detalle de determinado trabajo impreso. <br \/>Desde la comodidad de su hogar env\u00eda por Whatsapp y Messenger instrucciones para que le cumplan sus caprichos visuales no obstante t\u00e9cnicamente no sea posible en el papel impreso.<br \/>De ejemplo citar\u00e9 que las invitaciones para el Tercer Informe de Gobierno de Javier Duarte de Ochoa, fueron elaboradas en material grueso que dificulta el doblado y por lo mismo los quiebres son irregulares. Cuando la mujer vio las pruebas explot\u00f3 cual menop\u00e1usica intolerante y ment\u00f3 madres y pendeje\u00f3 al personal. Clara muestra de desequilibrio y bipolaridad. <br \/>Los improperios y \u201cmalas palabras\u201d pasar\u00edan a segundo t\u00e9rmino, a\u00fan en lo que se pretende sea una dama de alcurnia y prosapia de una sobrina-nieta de don Rafael Hern\u00e1ndez Ochoa, \u2026si cuando menos supiera o tuviera nociones de lo que es el arte de la impresi\u00f3n o la calidad y propiedades del papel y las tintas, polvos secantes y temperaturas requeridas para imprimir. <br \/>Otra perla en su sarta de desajustes emocionales es que siente ser descendiente del matem\u00e1tico Pit\u00e1goras y todo lo quiere resolver con una regla de tres simple. Cuando que lo cierto es que ni aritm\u00e9tica sabe. <br \/>Va segundo ejemplo; en Diciembre de 2012 encarg\u00f3 imprimieran calendarios alusivos a la imprenta, a los 102 empleados oblig\u00f3 los vendieran  en 100 pesos cada pieza, entregando a cada uno 10 calendarios; es decir cada empleado deb\u00eda pagarle mil pesos. La suma de todos ser\u00eda de 102 mil pesos <br \/>Seg\u00fan sus cuentas Elvira obtendr\u00edan un mill\u00f3n de pesos, y les prometi\u00f3 que en la celebraci\u00f3n del  D\u00eda del Tip\u00f3grafo (25 de Septiembre 2013) les obsequiar\u00eda 10 mil pesos a cada empleado. Obviamente que no cumpli\u00f3 y se qued\u00f3 con el dinero de los calendarios vendidos obligadamente por los empleados. Esperaba que el dinero se reprodujera como los panes y peces que reparti\u00f3 Jes\u00fas el nazareno. <br \/>Difundi\u00f3  el argumento de que no entreg\u00f3 la suma prometida porque ocup\u00f3 el recurso econ\u00f3mico para pintar el Edificio de la Editora y para equipar la cocina y comedor. <br \/>Quiz\u00e1 por esa forma peculiar de aplicar la aritm\u00e9tica el ahora Secretario de Comunicaciones Gerardo Buganza, quien fue su jefe y aliado decidi\u00f3 alejarse de ella y quiz\u00e1 tambi\u00e9n por eso, el Secretario de Salud Antonio Nemi cuando le reclam\u00f3 algunos malos procederes e incumplimientos profesionales, \u00a1hasta la hizo llorar!  <br \/>&nbsp; Quiz\u00e1 ya es hora que Elvira Valentina regrese a la Notar\u00eda 34 donde es titular y releve a la notaria adscrita Elvira de Mar\u00eda Vega Hern\u00e1ndez, \u00a1su mam\u00e1! quien desde Febrero de 2011 es notaria adscrita en la Notar\u00eda 34. <br \/>Un escudo que presenta con regularidad la Regente de la Editora, es que su amistad con un hermano del gobernador Duarte de Ochoa le otorga impunidad y permanencia. <br \/>\u00bfQu\u00e9 pensar\u00edan ahora de Elvira Valentina su t\u00edo-abuelo don Rafael Hern\u00e1ndez Ochoa y do\u00f1a Teresita Pe\u00f1afiel S\u00e1nchez? \u00bfY qu\u00e9 su abuelo Alejandro Vega Hern\u00e1ndez y su abuela Elvira Hern\u00e1ndez Ochoa? <br \/>Desde Palacio de Gobierno alguien se ha portado re-gente. Es tiempo de corregir una fe de rata. Feneci\u00f3  el ciclo de la valentina. La Editora debe renovarse o morir. <br \/>El prestigio de la Editora del Estado merece un mejor futuro. <\/p>\n","protected":false},"excerpt":{"rendered":"<p>Trujyper Verba brava&nbsp; Cobijada por ser nieta de una hermana (Elvira Hern\u00e1ndez Ochoa) de quien fuera gobernador de Veracruz, Rafael Hern\u00e1ndez Ochoa, la abogada y maestra en Gesti\u00f3n p\u00fablica aplicada, Elvira Valentina Arteaga Vega, demerita el prestigio de la Editora del Estado de Veracruz. La Regente actual de la Editora, y que tambi\u00e9n es Notaria [&hellip;]<\/p>\n","protected":false},"author":1,"featured_media":0,"comment_status":"open","ping_status":"open","sticky":false,"template":"","format":"standard","meta":{"_jetpack_newsletter_access":"","_jetpack_dont_email_post_to_subs":false,"_jetpack_newsletter_tier_id":0,"_jetpack_memberships_contains_paywalled_content":false,"_jetpack_memberships_contains_paid_content":false,"footnotes":""},"categories":[1],"tags":[],"class_list":["post-3463","post","type-post","status-publish","format-standard","hentry","category-sin-categoria"],"jetpack_featured_media_url":"","jetpack_sharing_enabled":true,"jetpack_shortlink":"https:\/\/wp.me\/p4Qcd3-TR","_links":{"self":[{"href":"https:\/\/lospoliticosveracruz.com.mx\/index.php?rest_route=\/wp\/v2\/posts\/3463","targetHints":{"allow":["GET"]}}],"collection":[{"href":"https:\/\/lospoliticosveracruz.com.mx\/index.php?rest_route=\/wp\/v2\/posts"}],"about":[{"href":"https:\/\/lospoliticosveracruz.com.mx\/index.php?rest_route=\/wp\/v2\/types\/post"}],"author":[{"embeddable":true,"href":"https:\/\/lospoliticosveracruz.com.mx\/index.php?rest_route=\/wp\/v2\/users\/1"}],"replies":[{"embeddable":true,"href":"https:\/\/lospoliticosveracruz.com.mx\/index.php?rest_route=%2Fwp%2Fv2%2Fcomments&post=3463"}],"version-history":[{"count":0,"href":"https:\/\/lospoliticosveracruz.com.mx\/index.php?rest_route=\/wp\/v2\/posts\/3463\/revisions"}],"wp:attachment":[{"href":"https:\/\/lospoliticosveracruz.com.mx\/index.php?rest_route=%2Fwp%2Fv2%2Fmedia&parent=3463"}],"wp:term":[{"taxonomy":"category","embeddable":true,"href":"https:\/\/lospoliticosveracruz.com.mx\/index.php?rest_route=%2Fwp%2Fv2%2Fcategories&post=3463"},{"taxonomy":"post_tag","embeddable":true,"href":"https:\/\/lospoliticosveracruz.com.mx\/index.php?rest_route=%2Fwp%2Fv2%2Ftags&post=3463"}],"curies":[{"name":"wp","href":"https:\/\/api.w.org\/{rel}","templated":true}]}}