{"id":3465,"date":"2013-11-01T03:53:00","date_gmt":"2013-11-01T03:53:00","guid":{"rendered":"http:\/\/www.lospoliticosveracruz.com.mx\/?p=3465"},"modified":"2014-10-10T03:01:24","modified_gmt":"2014-10-10T03:01:24","slug":"de-que-se-van-a-disfrazar","status":"publish","type":"post","link":"https:\/\/lospoliticosveracruz.com.mx\/?p=3465","title":{"rendered":"\u00bfDe qu\u00e9 se van a disfrazar?"},"content":{"rendered":"<p><b>Salvador Mu\u00f1oz<\/b><br \/><i>Los Pol\u00edticos<\/i><\/p>\n<p>\u00a1Ah, no! Bueno\u2026 \u00bfde qu\u00e9 te vas a disfrazar? Es la frase recurrente de un Christian Martinoli, comentarista de TV Azteca pero que hoy, es la comidilla de estos d\u00edas de Muertos\u2026<br \/>Y es que la lucha de algunos por mantener intactas nuestras tradiciones de otras en aras de evitar un sincretismo, a veces parece infructuosa cuando se ven ni\u00f1os disfrazados de calaveras, vampiros, brujas, para ir al altar de todos santos en su escuela\u2026<br \/>Yo soy reacio a poner altar de muertos, pero es curioso que sea un joven el que me motive a ponerlo cada a\u00f1o\u2026 lo conoc\u00ed siendo un chaval como de diez a\u00f1os. Se trata de Sandro G\u00f3mez Vald\u00e9s, dirigente estatal de la Juventud Popular del PRI, quien desde hace ya bastante rato, me regala una caja de muerto.<br \/>Aunque suena t\u00e9trico no lo es\u2026 le llamo as\u00ed porque en una caja de cart\u00f3n, me pone una serie de aditamentos como papel picado, jamoncillos, pan y otros dulces \u201cpara que ponga su altar\u201d, me dice. Y as\u00ed, curioso, por la iniciativa de una nueva generaci\u00f3n, en casa rendimos culto a nuestros muertos, gracias a la generosidad de este joven y su familia.<a name='more'><\/a><br \/>Le insisto: Hay quienes luchan por preservar estas tradiciones y hay otros que aplican en estos d\u00edas la de Martinoli: \u00bfde qu\u00e9 te vas a disfrazar? El Halloween es inevitable como lo es la Navidad y otra serie de tradiciones que se quiera o no, son como nuestro Presidente, nuestro Gobernador o nuestra reforma hacendaria: \u00a1Puros impuestos!<br \/>Pero lo bello es que cada qui\u00e9n puede disfrutar o celebrar su D\u00eda de Muertos o Halloween como mejor le plazca, incluso, a costilla de nuestros pol\u00edticos, porque hoy por hoy, el mejor disfraz para sembrar el terror es \u00e9se, el de nuestros pol\u00edticos:<\/p>\n<p>* Llega un perro y le pregunta a otro:<br \/>\u2014\u00bfDe qu\u00e9 te vas a disfrazar?<br \/>\u2014\u00a1De Luis Videgaray!<\/p>\n<p>* Llega un fot\u00f3grafo y le pregunta a otro:<br \/>\u2014\u00bfDe qu\u00e9 te vas a disfrazar?<br \/>\u2014\u00a1De Polic\u00eda Acreditable!<\/p>\n<p>* Llega un comerciante y le pregunta a otro:<br \/>\u2014\u00bfDe qu\u00e9 te vas a disfrazar?<br \/>\u2014\u00a1De maestro de la CNTE!<\/p>\n<p>* Llega un maestro del SNTE y pregunta a otro:<br \/>\u2014\u00bfDe qu\u00e9 te vas a disfrazar?<br \/>\u2014\u00a1De Callejas Arroyo!<\/p>\n<p>* Llega un basquetbolista y pregunta a otro:<br \/>\u2014\u00bfDe qu\u00e9 te vas a disfrazar?<br \/>\u2014De Ladr\u00f3n\u2026<br \/>\u2014\u00bfDe Ladr\u00f3n? \u00bfC\u00f3mo?, eso no me espanta\u2026<br \/>\u2014\u00a1De Sara Ladr\u00f3n de Guevara!<\/p>\n<p>* Una parturienta a un enfermo\u2026<br \/>\u2014\u00bfY t\u00fa, de qu\u00e9 te vas a disfrazar?<br \/>\u2014De Doctor.<br \/>\u2014\u00bfSiniestro?<br \/>\u2014No, del IMSS, del Issste o de los de Nemi\u2026<\/p>\n<p>* Vecinos de la avenida Antonio Chedraui Caram se preguntan: \u00bfY Flavino, Lalo Andrade y Tom\u00e1s Montoya, de qu\u00e9 se van a disfrazar?<br \/>\u2014\u00a1De vigilante del Congreso!<br \/>Bueno, es que antes, se me olvid\u00f3 contarle la historia de terror que viven estos vecinos de dicha avenida, para ser m\u00e1s exactos, en el n\u00famero 338 interior, de la Colonia Lomas de Casa Blanca.<br \/>Para Oscar Armando Rosas Cort\u00e9s, vigilante en el Congreso local, pareciera que cada fin de semana son de pachangas, eufem\u00edsticamente hablando\u2026 sus vecinos dicen: \u201cborracheras\u201d que inicia desde las 9 pm hasta las 6 am. Se\u00f1alan a Oscar Armando de ser prepotente y fanfarr\u00f3n. Se jacta de tener permiso para portar armas. En fecha fat\u00eddica, 14 de septiembre, en una de sus \u201cfiestas\u201d, ech\u00f3 balazos al aire. Molesta que en el fraccionamiento camine jugando con el arma, como si fuera un juguete, bajo el riesgo de que se le escape un tiro y hiera a alguien, incluso, a menores.<br \/>Se dice protegido de Erick Juan Carlos Viveros Mart\u00ednez, encargado de la oficina de seguridad del Congreso.<br \/>\u00daltimamente llega como a las 3 de la ma\u00f1ana, quiz\u00e1s a sabiendas de que este Congreso ya se termina, y grita que \u201clleg\u00f3 la banda Z\u201d.<br \/>Se ha llamado al 066, pero dicen que ellos s\u00f3lo atienden llamados de emergencia. En el Ayuntamiento, en la comisi\u00f3n de Medio Ambiente les dijeron que lo \u00fanico que est\u00e1 permitido decirles es que bajen el volumen a su m\u00fasica.<br \/>El ambiente que este sujeto provoca en la privada es insostenible. Vamos, don Flavino R\u00edos, Eduardo Andrade y Tom\u00e1s Montoya, los vecinos del 338 de la Avenida Chedraui Caram vienen viviendo su Halloween desde hace rato por uno de sus vigilantes, que tiene un arma, que intimida a todos\u2026<br \/>Ahora, \u00bfde qu\u00e9 se va a disfrazar Flavino, Lalo Andrade y Tom\u00e1s Montoya? \u00bfDe \u201cvigilante del Congreso\u201d, diputado o jur\u00eddico del Gobernador?<\/p>\n<div style=\"clear: both; text-align: center;\"><a href=\"http:\/\/www.lospoliticosveracruz.com.mx\/wp-content\/uploads\/2013\/11\/Oscar-Armando-EL-VIGILANTE.jpg\" style=\"margin-left: 1em; margin-right: 1em;\"><img loading=\"lazy\" decoding=\"async\" border=\"0\" height=\"242\" src=\"http:\/\/www.lospoliticosveracruz.com.mx\/wp-content\/uploads\/2013\/11\/Oscar-Armando-EL-VIGILANTE-300x227.jpg\" width=\"320\" \/><\/a><\/div>\n","protected":false},"excerpt":{"rendered":"<p>Salvador Mu\u00f1ozLos Pol\u00edticos \u00a1Ah, no! Bueno\u2026 \u00bfde qu\u00e9 te vas a disfrazar? Es la frase recurrente de un Christian Martinoli, comentarista de TV Azteca pero que hoy, es la comidilla de estos d\u00edas de Muertos\u2026Y es que la lucha de algunos por mantener intactas nuestras tradiciones de otras en aras de evitar un sincretismo, a [&hellip;]<\/p>\n","protected":false},"author":1,"featured_media":0,"comment_status":"open","ping_status":"open","sticky":false,"template":"","format":"standard","meta":{"_jetpack_newsletter_access":"","_jetpack_dont_email_post_to_subs":false,"_jetpack_newsletter_tier_id":0,"_jetpack_memberships_contains_paywalled_content":false,"_jetpack_memberships_contains_paid_content":false,"footnotes":""},"categories":[1],"tags":[],"class_list":["post-3465","post","type-post","status-publish","format-standard","hentry","category-sin-categoria"],"jetpack_featured_media_url":"","jetpack_sharing_enabled":true,"jetpack_shortlink":"https:\/\/wp.me\/p4Qcd3-TT","_links":{"self":[{"href":"https:\/\/lospoliticosveracruz.com.mx\/index.php?rest_route=\/wp\/v2\/posts\/3465","targetHints":{"allow":["GET"]}}],"collection":[{"href":"https:\/\/lospoliticosveracruz.com.mx\/index.php?rest_route=\/wp\/v2\/posts"}],"about":[{"href":"https:\/\/lospoliticosveracruz.com.mx\/index.php?rest_route=\/wp\/v2\/types\/post"}],"author":[{"embeddable":true,"href":"https:\/\/lospoliticosveracruz.com.mx\/index.php?rest_route=\/wp\/v2\/users\/1"}],"replies":[{"embeddable":true,"href":"https:\/\/lospoliticosveracruz.com.mx\/index.php?rest_route=%2Fwp%2Fv2%2Fcomments&post=3465"}],"version-history":[{"count":0,"href":"https:\/\/lospoliticosveracruz.com.mx\/index.php?rest_route=\/wp\/v2\/posts\/3465\/revisions"}],"wp:attachment":[{"href":"https:\/\/lospoliticosveracruz.com.mx\/index.php?rest_route=%2Fwp%2Fv2%2Fmedia&parent=3465"}],"wp:term":[{"taxonomy":"category","embeddable":true,"href":"https:\/\/lospoliticosveracruz.com.mx\/index.php?rest_route=%2Fwp%2Fv2%2Fcategories&post=3465"},{"taxonomy":"post_tag","embeddable":true,"href":"https:\/\/lospoliticosveracruz.com.mx\/index.php?rest_route=%2Fwp%2Fv2%2Ftags&post=3465"}],"curies":[{"name":"wp","href":"https:\/\/api.w.org\/{rel}","templated":true}]}}