{"id":3468,"date":"2013-10-31T16:13:00","date_gmt":"2013-10-31T16:13:00","guid":{"rendered":"http:\/\/www.lospoliticosveracruz.com.mx\/?p=3468"},"modified":"2014-10-10T03:01:25","modified_gmt":"2014-10-10T03:01:25","slug":"ahora-resulta","status":"publish","type":"post","link":"https:\/\/lospoliticosveracruz.com.mx\/?p=3468","title":{"rendered":"Ahora resulta\u2026"},"content":{"rendered":"<p><b>Jorge Arturo Rodr\u00edguez<\/b><br \/> <i>Tierra de Babel<\/i><\/p>\n<p>No hace mucho, despu\u00e9s de alg\u00fan tiempo sin verla ni escucharla ni dizque preocuparme por ella, por mensaje de celular le dije: \u201cCu\u00eddate\u201d, a lo que esta persona me contest\u00f3, por esa misma v\u00eda: \u201cAhora resulta, deja de joder\u201d. Un caso entre muchos que se dan en las relaciones personales, \u00edntimas que como tal no abundar\u00e9 en ello. Pero lo traigo a colaci\u00f3n tan s\u00f3lo por la expresi\u00f3n: \u201cAhora resulta\u2026\u201d S\u00ed, mucho encierran estas palabras, sobre todo si las traslado al asunto de Patisht\u00e1n, encarcelado hace 13 a\u00f1os vaya usted a saber por qu\u00e9 motivo.<br \/>En un art\u00edculo de Hermann Bellinghausen, publicado en La Jornada, de fecha 24 de octubre de presente a\u00f1o, leo: \u201cEn mi interior estoy libre desde el primer d\u00eda. Me torturaron sicol\u00f3gicamente, me amenazaron, pero nunca ca\u00ed en el juego de aceptar la culpa. Es la seguridad lo que hace parecer siempre alegre al profesor Alberto Patisht\u00e1n. Es muy triste que los jueces no admitan mi inocencia, como que no les importa. Se dejan gobernar por la oscuridad, dice. Irradia claridad y la paz interior del buen guerrero.<a name='more'><\/a><br \/>\u201cTengo conocimiento que los diputados y senadores buscan algunas salidas a mi caso. Independientemente de lo que quieran o puedan hacer, me interesa que quede claro que soy inocente. Tienen que darme la libertad y punto, sostiene en el patio de una casa en la ciudad de M\u00e9xico, donde permanece desde hace ya algunas semanas mientras recibe radiaciones por el tumor hipofisario (benigno) que padece, por el cual fue intervenido el a\u00f1o pasado, y que ha vuelto a crecer. \u00c9l no parece alarmado, ni por eso ni por nada.<br \/>\u201cNo s\u00e9 si hay consigna para tenerme preso, expresa en extensa entrevista con La Jornada. Hay momentos que se ve que s\u00ed. Todo lo hacen al rev\u00e9s. Parece que no reflexionan ni son flexibles. A veces pienso que son las autoridades las que deber\u00edan estar en la c\u00e1rcel, y nosotros fuera, por eso no juzgan como debe de ser\u201d.<br \/>Y bueno, ahora resulta que el presidente Enrique Pe\u00f1a Nieto indultar\u00e1 este jueves 31 de octubre a Alberto Patisht\u00e1n G\u00f3mez, luego de entrar en vigor las reformas al C\u00f3digo Penal Federal aprobadas por el Poder Legislativo.<br \/>Dicen que en su cuenta de twitter, Pe\u00f1a Nieto public\u00f3 dos mensajes para dar a conocer estas medidas: \u201cEl d\u00eda de ma\u00f1ana publicar\u00e9 en el @DOF SEGOB las Reformas al C\u00f3digo Penal Federal en materia de indulto aprobadas hoy por el Congreso\u2019\u2019. En el segundo, informa: \u201cEste mismo jueves, la reforma entrar\u00e1 en vigor e indultar\u00e9 a Alberto Patisht\u00e1n G\u00f3mez\u201d. \u00a1Sopas!<br \/>Hermann Bellinghausen escribe: \u201cLuego de 13 a\u00f1os tras las rejas, Patisht\u00e1n ya no es un desconocido. \u00bfPreso pol\u00edtico? \u00bfPreso de conciencia? \u00bfEmblem\u00e1tico? Eso y m\u00e1s. Condenado a 60 a\u00f1os, injustamente, es mucho lo que ha aprendido del sistema de justicia y la condici\u00f3n humana. Se ha convertido en defensor de los derechos de la poblaci\u00f3n carcelaria, a partir del hecho simple de no darse por vencido: Me mantiene la conciencia que tengo\u201d.<br \/>Pero es solo un caso \u00bfentre cu\u00e1ntos? Pos s\u00ed, ahora resulta, dejen de joder\u2026<\/p>\n<p><b>De cinismo y anexas<\/b><br \/> El historiador Enrique Semo dijo en entrevista que el PRI que se encuentra en estos momentos a cargo del gobierno en el pa\u00eds \u201ces pura y esencialmente el partido del neoliberalismo y la ideolog\u00eda \u00fanica, el cual no tiene el m\u00ednimo inter\u00e9s en la democracia\u201d. \u00a1Gulp!<br \/>         Remata Semo. \u201cEs cierto, el PRI no es la derecha, pero es la ra\u00edz y la raz\u00f3n del partido \u00fanico en la historia del sistema pol\u00edtico mexicano. Tuvo una duraci\u00f3n de casi 80 a\u00f1os, y ahora quiere reeditar, modernizada, esa tradici\u00f3n: la ideolog\u00eda del hombre soltado a las fuerzas del mercado, es decir, una modernidad dependiente, donde el pueblo no participa con ganancias claras, como fue la modernidad de Europa. Aqu\u00ed todos los beneficios de los cambios son en favor de una peque\u00f1a \u00e9lite.\u201d<br \/>Por lo pronto, ah\u00ed se ven.<\/p>\n","protected":false},"excerpt":{"rendered":"<p>Jorge Arturo Rodr\u00edguez Tierra de Babel No hace mucho, despu\u00e9s de alg\u00fan tiempo sin verla ni escucharla ni dizque preocuparme por ella, por mensaje de celular le dije: \u201cCu\u00eddate\u201d, a lo que esta persona me contest\u00f3, por esa misma v\u00eda: \u201cAhora resulta, deja de joder\u201d. Un caso entre muchos que se dan en las relaciones [&hellip;]<\/p>\n","protected":false},"author":1,"featured_media":0,"comment_status":"open","ping_status":"open","sticky":false,"template":"","format":"standard","meta":{"_jetpack_newsletter_access":"","_jetpack_dont_email_post_to_subs":false,"_jetpack_newsletter_tier_id":0,"_jetpack_memberships_contains_paywalled_content":false,"_jetpack_memberships_contains_paid_content":false,"footnotes":""},"categories":[1],"tags":[],"class_list":["post-3468","post","type-post","status-publish","format-standard","hentry","category-sin-categoria"],"jetpack_featured_media_url":"","jetpack_sharing_enabled":true,"jetpack_shortlink":"https:\/\/wp.me\/p4Qcd3-TW","_links":{"self":[{"href":"https:\/\/lospoliticosveracruz.com.mx\/index.php?rest_route=\/wp\/v2\/posts\/3468","targetHints":{"allow":["GET"]}}],"collection":[{"href":"https:\/\/lospoliticosveracruz.com.mx\/index.php?rest_route=\/wp\/v2\/posts"}],"about":[{"href":"https:\/\/lospoliticosveracruz.com.mx\/index.php?rest_route=\/wp\/v2\/types\/post"}],"author":[{"embeddable":true,"href":"https:\/\/lospoliticosveracruz.com.mx\/index.php?rest_route=\/wp\/v2\/users\/1"}],"replies":[{"embeddable":true,"href":"https:\/\/lospoliticosveracruz.com.mx\/index.php?rest_route=%2Fwp%2Fv2%2Fcomments&post=3468"}],"version-history":[{"count":0,"href":"https:\/\/lospoliticosveracruz.com.mx\/index.php?rest_route=\/wp\/v2\/posts\/3468\/revisions"}],"wp:attachment":[{"href":"https:\/\/lospoliticosveracruz.com.mx\/index.php?rest_route=%2Fwp%2Fv2%2Fmedia&parent=3468"}],"wp:term":[{"taxonomy":"category","embeddable":true,"href":"https:\/\/lospoliticosveracruz.com.mx\/index.php?rest_route=%2Fwp%2Fv2%2Fcategories&post=3468"},{"taxonomy":"post_tag","embeddable":true,"href":"https:\/\/lospoliticosveracruz.com.mx\/index.php?rest_route=%2Fwp%2Fv2%2Ftags&post=3468"}],"curies":[{"name":"wp","href":"https:\/\/api.w.org\/{rel}","templated":true}]}}