{"id":3471,"date":"2013-10-31T12:25:00","date_gmt":"2013-10-31T12:25:00","guid":{"rendered":"http:\/\/www.lospoliticosveracruz.com.mx\/?p=3471"},"modified":"2014-10-10T03:01:25","modified_gmt":"2014-10-10T03:01:25","slug":"prax-carlos-y-eder","status":"publish","type":"post","link":"https:\/\/lospoliticosveracruz.com.mx\/?p=3471","title":{"rendered":"Prax, Carlos y Eder"},"content":{"rendered":"<p><b>Salvador Mu\u00f1oz<\/b><br \/><i>Los Pol\u00edticos<\/i><\/p>\n<p>Me encanta esa canci\u00f3n\u2026 \u201ceran tres, eran tres, eran tres\u2026 \/ eran tres con palomas en las manos&#8230;\/ eran tres y los tres eran hermanos \/ de la luz, del amor y del saber\u201d. La canta Alberto Cortez y la dedica a Tres Pablos: Picasso, Neruda y Casals.<br \/>Yo la dedico a tres Quijotes:<br \/>Juan Osorio ofreci\u00f3 disculpas por el relajo que se hizo en Xalapa durante algunas escenas que grab\u00f3 y provocaron molestias.<br \/>Dos detalles a relucir: No est\u00e1 haciendo una telenovela, como pens\u00e9 por principio. Aclara que tampoco comerciales, como dicen que dijo Dalia P\u00e9rez, funcionaria de Turismo.<br \/>Juan Osorio hace un documental de un ni\u00f1o llamado Prax\u2026 seg\u00fan lo que le\u00ed, este chaval un d\u00eda se acerc\u00f3 al Se\u00f1or Telenovela del Nuevo Milenio y le ense\u00f1\u00f3 un libro con dibujos y paisajes de su vida.<br \/>Hace poco falleci\u00f3 Prax. Hace poco fue que Juan Osorio decidi\u00f3 rendirle un homenaje a este joven a trav\u00e9s de un cortometraje.<a name='more'><\/a><br \/>II<br \/>Idiota, menso, tonto, no s\u00e9 qu\u00e9 otros calificativos recib\u00eda Carlos cada vez que pasaba junto a esos dos ni\u00f1os de entre 10 y doce a\u00f1os. Callado, sin mediar palabra, se dirig\u00eda a su casa y con el mismo mutismo de siempre, se encerraba en el cuarto.<br \/>\u2014\u00bfC\u00f3mo te fue?<br \/>\u2014Bien.<br \/>\u2014\u00bfQu\u00e9 hiciste?<br \/>\u2014Lo de siempre.<br \/>\u2014\u00bfQu\u00e9 cuentas?<br \/>\u2014Nada\u2026<br \/>La conversaci\u00f3n de palabras cortas ya era conocida\u2026 menos cuando hablaba con su amiga por tel\u00e9fono.<br \/>Un d\u00eda, regreso a casa. Por en\u00e9sima ocasi\u00f3n, insultado por esos ni\u00f1os. Se regres\u00f3 molesto y dijo que les iba a pegar. Los chavillos corrieron con el padre pues ese muchacho tiene 18 a\u00f1os. El se\u00f1or sali\u00f3 pero \u00e9l ya se encontraba en su casa, a donde fueron a buscarlo para saldar cuentas. No pas\u00f3 a mayores.<\/p>\n<p>III<br \/>Eder Mat\u00edas fue agredido por elementos de Seguridad P\u00fablica. Fue se\u00f1alado por un elemento de vigilancia de la Universidad Veracruzana, all\u00e1 en Boca del R\u00edo. La facultad de Ingenier\u00eda ha sufrido serios ataques por parte de la delincuencia en contra de su comunidad universitaria. \u00bfQu\u00e9 tiene Eder para ser sospechoso seg\u00fan la perspectiva del sagaz vigilante de la empresa Centauro? Es diferente. Tiene problemas para comunicarse. A ciencia cierta, desconozco el tipo de S\u00edndrome que tiene pero pareciera que lo hace introvertido.<br \/>Cabe reconocer \u201cla valent\u00eda\u201d de los uniformados para someter a un joven de 26 a\u00f1os que a lo mejor el entorno donde se desenvuelve simplemente no es el mismo para el com\u00fan de nosotros. Est\u00e1 traumado. Lo traum\u00f3 la polic\u00eda. Pareciera exagerado, pero se los juro que no lo es. Hoy, su padre pide justicia para su hijo y castigo para quienes se encargan de \u201cnuestra seguridad\u201d.<\/p>\n<p>IV<br \/>Prax, seg\u00fan cuenta Juan Osorio, ten\u00eda S\u00edndrome de Down. Carlos tiene Asperger. Insisto: No s\u00e9 qu\u00e9 tenga Eder. En el caso de Prax, ya descansa. En el caso de Carlos y Eder, se tienen que confrontar con una sociedad que muchas veces los cataloga o juzga por ser diferentes. Preguntaba Fito Soler si hab\u00eda alguna persona que quisiera a Elizabeth Morales, yo le dir\u00eda que s\u00ed: Carlos. Porque s\u00f3lo ella confi\u00f3 en \u00e9l para darle una oportunidad como persona en un mundo donde los \u201cnormales\u201d no les dan cabida. Me dice Carlos que est\u00e1 contento\u2026 le pregunto qu\u00e9 le gusta del trabajo\u2026 y me qued\u00e9 esperando porque volvi\u00f3 el silencio. No importa&#8230; as\u00ed como Carlos, su familia tambi\u00e9n agradece a la alcaldesa ese gesto\u2026 y tras cinco minutos, me responde: \u201cMmm\u2026 pues todo me gusta\u201d.<br \/>Y termino escuchando a Alberto Cortez:<br \/>\u201cEran tres, eran tres, eran tres\u2026 \/ Tres senderos, tres huellas, tres caminos \/ tres Quijotes venciendo a los molinos \/ con un cello, un poema y un pincel\u2026\u201d<\/p>\n","protected":false},"excerpt":{"rendered":"<p>Salvador Mu\u00f1ozLos Pol\u00edticos Me encanta esa canci\u00f3n\u2026 \u201ceran tres, eran tres, eran tres\u2026 \/ eran tres con palomas en las manos&#8230;\/ eran tres y los tres eran hermanos \/ de la luz, del amor y del saber\u201d. La canta Alberto Cortez y la dedica a Tres Pablos: Picasso, Neruda y Casals.Yo la dedico a tres [&hellip;]<\/p>\n","protected":false},"author":1,"featured_media":0,"comment_status":"open","ping_status":"open","sticky":false,"template":"","format":"standard","meta":{"_jetpack_newsletter_access":"","_jetpack_dont_email_post_to_subs":false,"_jetpack_newsletter_tier_id":0,"_jetpack_memberships_contains_paywalled_content":false,"_jetpack_memberships_contains_paid_content":false,"footnotes":""},"categories":[1],"tags":[],"class_list":["post-3471","post","type-post","status-publish","format-standard","hentry","category-sin-categoria"],"jetpack_featured_media_url":"","jetpack_sharing_enabled":true,"jetpack_shortlink":"https:\/\/wp.me\/p4Qcd3-TZ","_links":{"self":[{"href":"https:\/\/lospoliticosveracruz.com.mx\/index.php?rest_route=\/wp\/v2\/posts\/3471","targetHints":{"allow":["GET"]}}],"collection":[{"href":"https:\/\/lospoliticosveracruz.com.mx\/index.php?rest_route=\/wp\/v2\/posts"}],"about":[{"href":"https:\/\/lospoliticosveracruz.com.mx\/index.php?rest_route=\/wp\/v2\/types\/post"}],"author":[{"embeddable":true,"href":"https:\/\/lospoliticosveracruz.com.mx\/index.php?rest_route=\/wp\/v2\/users\/1"}],"replies":[{"embeddable":true,"href":"https:\/\/lospoliticosveracruz.com.mx\/index.php?rest_route=%2Fwp%2Fv2%2Fcomments&post=3471"}],"version-history":[{"count":0,"href":"https:\/\/lospoliticosveracruz.com.mx\/index.php?rest_route=\/wp\/v2\/posts\/3471\/revisions"}],"wp:attachment":[{"href":"https:\/\/lospoliticosveracruz.com.mx\/index.php?rest_route=%2Fwp%2Fv2%2Fmedia&parent=3471"}],"wp:term":[{"taxonomy":"category","embeddable":true,"href":"https:\/\/lospoliticosveracruz.com.mx\/index.php?rest_route=%2Fwp%2Fv2%2Fcategories&post=3471"},{"taxonomy":"post_tag","embeddable":true,"href":"https:\/\/lospoliticosveracruz.com.mx\/index.php?rest_route=%2Fwp%2Fv2%2Ftags&post=3471"}],"curies":[{"name":"wp","href":"https:\/\/api.w.org\/{rel}","templated":true}]}}