{"id":35211,"date":"2017-07-17T11:51:15","date_gmt":"2017-07-17T16:51:15","guid":{"rendered":"http:\/\/www.lospoliticosveracruz.com.mx\/?p=35211"},"modified":"2017-07-19T19:15:48","modified_gmt":"2017-07-20T00:15:48","slug":"turismo-en-caballo-de-hacienda","status":"publish","type":"post","link":"https:\/\/lospoliticosveracruz.com.mx\/?p=35211","title":{"rendered":"Turismo, en caballo de Hacienda"},"content":{"rendered":"<p>Siete\u00a0Haciendas formar\u00e1n parte del recorrido de 12 horas, entre ellas la de\u00a0El Lencero y la de\u00a0Las Animas; esta \u00faltima, por primera vez en la historia, estar\u00e1 abierta para los visitantes de esta ruta. Hagamos\u00a0turismo y\u00a0<span class=\"_5afx\"><a class=\"_58cn\" href=\"https:\/\/www.facebook.com\/hashtag\/viajemostodospormexico?source=feed_text&amp;story_id=1446300812098200\" data-ft=\"{&quot;tn&quot;:&quot;*N&quot;,&quot;type&quot;:104}\"><span class=\"_58cl _5afz\">#<\/span><span class=\"_58cm\">ViajemosTodosPorMexico<\/span><\/a>\u00a0\u00a1pero m\u00e1s por Veracruz!<\/span><\/p>\n<p>Viaje Inaugural S\u00e1bado 29 de Julio<br \/>\nReserva desde ahora tu lugar!!!<\/p>\n<p>RUTA DE HACIENDAS<br \/>\nDE XALAPA Y LA REGI\u00d3N<\/p>\n<p>$980 General\/ $930 Ni\u00f1os e Insen<\/p>\n<p>Difiere tu pago a 3, 6 y 12 mensualidades con todas las tarjetas de cr\u00e9dito visa, MasterCard y American Express<\/p>\n<p>Recorrido hist\u00f3rico-cultural por 7 haciendas de la regi\u00f3n de Xalapa, visitando en el pueblo m\u00e1gico de Xico, Ver, la HACIENDA SAN BARTOLO; y en el pueblo m\u00e1gico de Coatepec, Ver, las HACIENDAS ZIMPIZAHUA, LA ORDU\u00d1A, Y EL TRIANON; las HACIENDAS DE PACHO NUEVO Y EL LENCERO en el municipio de Emiliano Zapata, Ver; y en XALAPA, VER la HACIENDA DE LAS ANIMAS.<\/p>\n<p>Incluye:<\/p>\n<p>\u2756 Transportaci\u00f3n con recorrido guiado por la Ciudad de Xalapa, Ver. y los Pueblos M\u00e1gicos de Coatepec y Xico, Ver.<br \/>\n\u2756 Visita guiada a las 7 Haciendas (incluye entradas)<br \/>\n\u2756 Degustaci\u00f3n de Toritos y Mole en la HACIENDA SAN BARTOLO<br \/>\n\u2756 Visita a la cascada de Texolo<br \/>\n\u2756 City Tour en el Pueblo M\u00e1gico de Xico, Ver<br \/>\n\u2756 Cata de caf\u00e9 en la HACIENDA EL TRIANON<br \/>\n\u2756 Recorrido por fincas cafetaleras, beneficio seco y h\u00famedo de CAF\u00c9 DON JUSTO en la HACIENDA EL TRIANON.<br \/>\n\u2756 Recorrido por la EX HACIENDA CASA MUSEO DE ANTONIO LOPEZ DE SANTA ANA.<br \/>\n\u2756 Visita guiada en la planta de torrefacci\u00f3n o tostado de CAF\u00c9 DON JUSTO.<br \/>\n\u2756 Box Lunch matutino y Comida Tipo Buffet<br \/>\n\u2756 Gu\u00eda Tur\u00edstico Certificado y Seguro de Viajero.<\/p>\n","protected":false},"excerpt":{"rendered":"<p>Siete\u00a0Haciendas formar\u00e1n parte del recorrido de 12 horas, entre ellas la de\u00a0El Lencero y la de\u00a0Las Animas; esta \u00faltima, por primera vez en la historia, estar\u00e1 abierta para los visitantes de esta ruta. Hagamos\u00a0turismo y\u00a0#ViajemosTodosPorMexico\u00a0\u00a1pero m\u00e1s por Veracruz! Viaje Inaugural S\u00e1bado 29 de Julio Reserva desde ahora tu lugar!!! RUTA DE HACIENDAS DE XALAPA Y [&hellip;]<\/p>\n","protected":false},"author":2,"featured_media":0,"comment_status":"open","ping_status":"open","sticky":false,"template":"","format":"standard","meta":{"_jetpack_newsletter_access":"","_jetpack_dont_email_post_to_subs":false,"_jetpack_newsletter_tier_id":0,"_jetpack_memberships_contains_paywalled_content":false,"_jetpack_memberships_contains_paid_content":false,"footnotes":""},"categories":[8896],"tags":[238,6278,96],"class_list":["post-35211","post","type-post","status-publish","format-standard","hentry","category-conoce_veracruz","tag-hacienda","tag-las-animas","tag-xalapa"],"jetpack_featured_media_url":"","jetpack_sharing_enabled":true,"jetpack_shortlink":"https:\/\/wp.me\/p4Qcd3-99V","_links":{"self":[{"href":"https:\/\/lospoliticosveracruz.com.mx\/index.php?rest_route=\/wp\/v2\/posts\/35211","targetHints":{"allow":["GET"]}}],"collection":[{"href":"https:\/\/lospoliticosveracruz.com.mx\/index.php?rest_route=\/wp\/v2\/posts"}],"about":[{"href":"https:\/\/lospoliticosveracruz.com.mx\/index.php?rest_route=\/wp\/v2\/types\/post"}],"author":[{"embeddable":true,"href":"https:\/\/lospoliticosveracruz.com.mx\/index.php?rest_route=\/wp\/v2\/users\/2"}],"replies":[{"embeddable":true,"href":"https:\/\/lospoliticosveracruz.com.mx\/index.php?rest_route=%2Fwp%2Fv2%2Fcomments&post=35211"}],"version-history":[{"count":3,"href":"https:\/\/lospoliticosveracruz.com.mx\/index.php?rest_route=\/wp\/v2\/posts\/35211\/revisions"}],"predecessor-version":[{"id":35255,"href":"https:\/\/lospoliticosveracruz.com.mx\/index.php?rest_route=\/wp\/v2\/posts\/35211\/revisions\/35255"}],"wp:attachment":[{"href":"https:\/\/lospoliticosveracruz.com.mx\/index.php?rest_route=%2Fwp%2Fv2%2Fmedia&parent=35211"}],"wp:term":[{"taxonomy":"category","embeddable":true,"href":"https:\/\/lospoliticosveracruz.com.mx\/index.php?rest_route=%2Fwp%2Fv2%2Fcategories&post=35211"},{"taxonomy":"post_tag","embeddable":true,"href":"https:\/\/lospoliticosveracruz.com.mx\/index.php?rest_route=%2Fwp%2Fv2%2Ftags&post=35211"}],"curies":[{"name":"wp","href":"https:\/\/api.w.org\/{rel}","templated":true}]}}