{"id":3540,"date":"2013-10-15T03:38:00","date_gmt":"2013-10-15T03:38:00","guid":{"rendered":"http:\/\/www.lospoliticosveracruz.com.mx\/?p=3540"},"modified":"2014-10-10T03:01:30","modified_gmt":"2014-10-10T03:01:30","slug":"equidad-de-genero-penista","status":"publish","type":"post","link":"https:\/\/lospoliticosveracruz.com.mx\/?p=3540","title":{"rendered":"Equidad de G\u00e9nero Pe\u00f1ista"},"content":{"rendered":"<p><b>Salvador Mu\u00f1oz<\/b><br \/><i>Los Pol\u00edticos<\/i><\/p>\n<p>Han de disculpar las damas, en especial las del PRI, pero no creo en la propuesta del Presidente respecto a la equidad en las candidaturas a cargos de representaci\u00f3n popular en lo que bien se podr\u00eda calificar como un \u00abmicha y micha\u00bb.<br \/>A lo mejor el verbo \u00abcreer\u00bb no sea el correcto pero no deja de verse en las acciones del Presidente, actos de fe, vamos, es decir, tener la esperanza de que no vaya a regar el tepache de nuevo.<br \/>Pero no se cree en su propuesta por su propia g\u00e9nesis, es decir, no porque nazca del presidente la idea, sino por la cuna de donde viene: el PRI.<a name='more'><\/a><br \/>Es claro que la designaci\u00f3n de candidatos en el PRI (o en cualquier partido), se da por todo: dedazo, imposici\u00f3n, amiguismo, compadrazgo, favor o cuota de poder, seguido de un barnizazo de democracia y un ligero toque de cuota de g\u00e9nero que se establece por decreto, norma o ley, pero se deja a un lado dos matices que debieran permear a un candidato del partido que sea: popularidad y capacidad.<br \/>S\u00ed, tenemos representantes populares que cumplen a cabalidad estos dos casos, pero a fuerza de ser sinceros, la mayor\u00eda bien podr\u00eda encajar en la acepci\u00f3n de \u00abSe da por todo\u00bb descrita en el p\u00e1rrafo anterior.<br \/>Luego entonces, si el presidente realmente quisiera hablar de una equidad de g\u00e9nero, interesante ser\u00eda que hubiera empezado por su gabinete, donde a corta memoria s\u00f3lo recuerdo a dos mujeres en \u00e9l en dos despachos: Sedesol y Turismo. Puede que haya m\u00e1s, pero \u00e9sas son las que recuerdo.<br \/>Ahora, supongamos que nuestros representantes populares, preocupados por esa equidad que pregona el Presidente, dieran luz verde a su propuesta, estar\u00edamos hablando de que se le dar\u00eda prioridad al g\u00e9nero m\u00e1s que a la capacidad&#8230; Es pregunta.<br \/>La representaci\u00f3n popular pasar\u00eda a ser representaci\u00f3n sexual. Si ya el t\u00e9rmino \u00abpopular\u00bb est\u00e1 m\u00e1s que desgastado, el de g\u00e9nero o de sexo, lo envilecer\u00eda m\u00e1s.<br \/>Es evidente que quienes estar\u00edan de acuerdo con la propuesta del Presidente ser\u00edan las mujeres porque hasta el momento, el papel que han representado en el partido, en este caso el PRI, por poner un ejemplo, ha sido el de matraquera, porrista, gritona, en su mejor acepci\u00f3n; en la m\u00e1s vil de la perspectiva, si asciende, no deja de ser vista como \u00abMeretriz Pol\u00edtica\u00bb donde el ser bonita o curvil\u00ednea, son las capacidades que le endilgan no s\u00f3lo sus enemigos, sino sus propios compa\u00f1eros de partido&#8230; Y hasta las mismas mujeres. Por citar un simple ejemplo: Barbies versus Reinis.<br \/>Hasta la broma de g\u00e9nero que distingue a una pol\u00edtica sin atributos f\u00edsicos de una con atributos f\u00edsicos, es que la primera es \u00abCorrupta\u00bb y la otra \u00abCorruputa\u00bb.<br \/>Es cruel, es vulgar, es corriente&#8230; Pero es cierto. La perspectiva para la mujer pol\u00edtica es pobre, venga de un var\u00f3n o de una misma mujer.<br \/>As\u00ed que proponer darles el 50 por ciento de las candidaturas para cargos de representaci\u00f3n popular no deja de ser m\u00e1s que un acto populista que lejos de reconocer su capacidad, lo regatea.<br \/>Quiz\u00e1s el Presidente deba cavilar si quiere popularidad o capacidad en sus mujeres, o lo que es lo mismo, decidir entre una Bozzo o una Aristegui&#8230; Creo que \u00e9se ser\u00eda el peor mejor ejemplo.<\/p>\n","protected":false},"excerpt":{"rendered":"<p>Salvador Mu\u00f1ozLos Pol\u00edticos Han de disculpar las damas, en especial las del PRI, pero no creo en la propuesta del Presidente respecto a la equidad en las candidaturas a cargos de representaci\u00f3n popular en lo que bien se podr\u00eda calificar como un \u00abmicha y micha\u00bb.A lo mejor el verbo \u00abcreer\u00bb no sea el correcto pero [&hellip;]<\/p>\n","protected":false},"author":1,"featured_media":0,"comment_status":"open","ping_status":"open","sticky":false,"template":"","format":"standard","meta":{"_jetpack_newsletter_access":"","_jetpack_dont_email_post_to_subs":false,"_jetpack_newsletter_tier_id":0,"_jetpack_memberships_contains_paywalled_content":false,"_jetpack_memberships_contains_paid_content":false,"footnotes":""},"categories":[1],"tags":[],"class_list":["post-3540","post","type-post","status-publish","format-standard","hentry","category-sin-categoria"],"jetpack_featured_media_url":"","jetpack_sharing_enabled":true,"jetpack_shortlink":"https:\/\/wp.me\/p4Qcd3-V6","_links":{"self":[{"href":"https:\/\/lospoliticosveracruz.com.mx\/index.php?rest_route=\/wp\/v2\/posts\/3540","targetHints":{"allow":["GET"]}}],"collection":[{"href":"https:\/\/lospoliticosveracruz.com.mx\/index.php?rest_route=\/wp\/v2\/posts"}],"about":[{"href":"https:\/\/lospoliticosveracruz.com.mx\/index.php?rest_route=\/wp\/v2\/types\/post"}],"author":[{"embeddable":true,"href":"https:\/\/lospoliticosveracruz.com.mx\/index.php?rest_route=\/wp\/v2\/users\/1"}],"replies":[{"embeddable":true,"href":"https:\/\/lospoliticosveracruz.com.mx\/index.php?rest_route=%2Fwp%2Fv2%2Fcomments&post=3540"}],"version-history":[{"count":0,"href":"https:\/\/lospoliticosveracruz.com.mx\/index.php?rest_route=\/wp\/v2\/posts\/3540\/revisions"}],"wp:attachment":[{"href":"https:\/\/lospoliticosveracruz.com.mx\/index.php?rest_route=%2Fwp%2Fv2%2Fmedia&parent=3540"}],"wp:term":[{"taxonomy":"category","embeddable":true,"href":"https:\/\/lospoliticosveracruz.com.mx\/index.php?rest_route=%2Fwp%2Fv2%2Fcategories&post=3540"},{"taxonomy":"post_tag","embeddable":true,"href":"https:\/\/lospoliticosveracruz.com.mx\/index.php?rest_route=%2Fwp%2Fv2%2Ftags&post=3540"}],"curies":[{"name":"wp","href":"https:\/\/api.w.org\/{rel}","templated":true}]}}