{"id":3541,"date":"2013-10-15T03:37:00","date_gmt":"2013-10-15T03:37:00","guid":{"rendered":"http:\/\/www.lospoliticosveracruz.com.mx\/?p=3541"},"modified":"2014-10-10T03:01:30","modified_gmt":"2014-10-10T03:01:30","slug":"once-anos-de-que-adelantaron-a-pepe-miranda","status":"publish","type":"post","link":"https:\/\/lospoliticosveracruz.com.mx\/?p=3541","title":{"rendered":"Once a\u00f1os de que \u00abadelantaron\u00bb a Pepe Miranda"},"content":{"rendered":"<blockquote><p>* 10 mil pisos firmes: Duarte<br \/>* Edda Arrez, firme en el IVM<\/p><\/blockquote>\n<p><b>Jos\u00e9 Ortiz Medina<\/b><br \/><i>En Corto&#8230; sin Cortes<\/i><\/p>\n<p>Desde el inicio de su administraci\u00f3n lo plante\u00f3 no como una pol\u00edtica p\u00fablica m\u00e1s, sino como el eje central de su mandato. Para Javier Duarte de Ochoa, el combate a la pobreza era y es una prioridad.<br \/>Para cumplir con su objetivo sexenal de reducir al 50 por ciento la pobreza extrema en los municipios marginados, dot\u00f3 de m\u00e1s presupuesto e instrumentos, como el programa Adelante que involucra programas de todas las dependencias del gobierno estatal en un proyecto macro, a la Secretar\u00eda de Desarrollo Social.<br \/>Adem\u00e1s, el Gobernador instruy\u00f3 a la Secretar\u00eda de Desarrollo Social del estado a acelerar la colocaci\u00f3n de pisos de cemento en zonas marginadas. La meta es que antes de que finalice este a\u00f1o, 10 mil familias tengan una mejor calidad de vida.<a name='more'><\/a><br \/>Y es que el mandatario ha dicho en diferentes ocasiones que una parte fundamental para lograr el desarrollo de las familias veracruzanas es cuidar su salud y mejorar su calidad de vida; qu\u00e9 mejor que con acciones que alejen a los ni\u00f1os, j\u00f3venes y adultos e las enfermedades gastrointestinales, que generalmente se presentan por vivir en pisos de tierra.<br \/>Sin duda, \u00e9sta una gran noticia para nuestros paisanos que viven en zonas rurales, pues estos 10 mil pisos ir\u00e1n acompa\u00f1ados del programa de Techo Seguro que dotar\u00e1 de l\u00e1minas nuevas a todas las viviendas beneficiadas, y del Programa de Seguro a Madres Solteras.<br \/>Es claro, y est\u00e1 a la vista de todos, que los veracruzanos salen adelante con la construcci\u00f3n de viviendas, de pisos firmes y de techos adecuados, el acceso a la educaci\u00f3n y a la salud, pero sobre todo, con la generaci\u00f3n de m\u00e1s y mejores empleos. <\/p>\n<p>POR CIERTO, este martes se prev\u00e9 que visite el municipio de Tehuipango la Presidenta del DIF estatal, Karime Mac\u00edas de Duarte. Enhorabuena.<\/p>\n<p>LA OTRA BUENA noticia es que m\u00e1s de 100 productores pecuarios del norte de Veracruz podr\u00e1n entrar al mercado de leche fr\u00eda mediante el contrato comodato que ganaderos del Centro de Acopio de Ozuluama firmar\u00e1n con Liconsa para entregar 10 mil litros de leche diarios. El diputado federal Genaro Ruiz Arriaga, integrante de la comisi\u00f3n de Ganader\u00eda, de la C\u00e1mara baja, subray\u00f3 que con ese proceso realizado por los productores norveracruzanos dar\u00e1n valor agregado a la leche que producen, misma que en la entidad la mayor\u00eda va destinada a las actividades de leche caliente para producir lo relacionado a quesos. \u201cDe los 700 millones de litros que se producen al a\u00f1o en Veracruz solo se enfr\u00edan 100 millones y 600 millones se van a la actividad de leche caliente lo que satura ese mercado para los productores de la entidad\u201d, explic\u00f3 Ruiz Arriga.<\/p>\n<p>FUENTES enteradas aseguran que colaboradores del titular de la PROFECO, Alfredo Castillo andan asaltando en descampado en todas las delegaciones de esa dependencia. A todo le ponen precio y ya hasta cuota les quieren imponer a algunos delegados. Lo que pasa es que la gente de Castillo cree que est\u00e1 en la procuradur\u00eda de Edomex, la PGR o la SSP federal, que es de donde procede esta runfla de pillos, empezando por la cabeza.<\/p>\n<p>ANOCHE VECINOS de la calle Eduardo Coronel, de la colonia 2 de abril, convocaron a una reuni\u00f3n urgente. Y es que en los \u00faltimos d\u00edas se han suscitado hechos que han quebrantado la tranquilidad que siempre hab\u00eda caracterizado a esa r\u00faa, ubicada a unas cuantas cuadras de la Casa de Gobierno. Hace poco unos delincuentes asaltaron una casa de esa arteria y no obstante el atraco golpearon a una persona de la tercera edad que se encontraba en esos momentos en dicha vivienda. De igual forma, en estos d\u00edas intentaron robar un auto propiedad de un empleado de la UV. No ser\u00eda mala idea que el eficiente Arturo Berm\u00fadez reforzara la vigilancia en ese per\u00edmetro de la ciudad. Servidos.<\/p>\n<p> HACE POCO la empresa Gas Natural del Noroeste gan\u00f3 la licitaci\u00f3n para distribuir el hidrocarburo en Veracruz, seg\u00fan lo dio a conocer la Comisi\u00f3n Reguladora de Energ\u00eda (CRE). La empresa que comanda Salom\u00f3n Issa se apunt\u00f3 el contrato para invertir 83 millones de d\u00f3lares con la finalidad de atender a 135 mil 846 usuarios potenciales C\u00f3rdoba, Orizaba, Veracruz, Xalapa, Poza Rica, Tihuatl\u00e1n, Cazones de Herrera, Papantla, Tuxpan, Pueblo Viejo y P\u00e1nuco. Este permiso se otorga por 30 a\u00f1os y le confiere una exclusividad de doce a\u00f1os para prestar el servicio en la Zona Geogr\u00e1fica de Veracruz. <\/p>\n<p>SALVO IMPONDERABLES, no ser\u00eda improbable que Edda Arrez Rebolledo sea ratificada para un segundo per\u00edodo al frente del Instituto Veracruzano de las Mujeres. Pero eso s\u00ed, nos dicen que antes de la probable ratificaci\u00f3n, es necesario que sean renovados los consejos consultivo y social del IVM.<\/p>\n<p>A FINES DE este mes, para ser m\u00e1s precisos el 29, el director del Instituto de Administraci\u00f3n P\u00fablica (IAP-Veracruz), Ricardo Garc\u00eda Guzm\u00e1n, presentar\u00e1 su libro Testimonio probado. La presentaci\u00f3n correr\u00e1 a cargo del Magistrado Fernando Charleston Salinas y Ram\u00f3n Dur\u00f3n Ruiz, mejor conocido como \u201cEl fil\u00f3sofo de G\u00fc\u00e9mez\u201d. La cita es a las 17:30 horas en conocido hotel que est\u00e1 casi frente a la Sedesol estatal.   <\/p>\n<p>QUIEN ANDUVO ayer por la comunidad de Santander, municipio de Alto Lucero, fue Alberto Silva Ramos, secretario de Desarrollo Social. En esa congregaci\u00f3n, el ex alcalde tuxpe\u00f1o entreg\u00f3 un sistema de agua potable que beneficiar\u00e1 a 200 familias. Asimismo, el funcionario estatal anunci\u00f3 que se invertir\u00e1n 27 millones de pesos en la reconstrucci\u00f3n de caminos de esa zona. Bien. <\/p>\n<p>ESTE MI\u00c9RCOLES a las 18 horas, en la Parroquia San P\u00edo X, ser\u00e1 oficiada una eucarist\u00eda para recordar al gran amigo que fue el periodista Jos\u00e9 Miranda Virgen, quien hace 11 a\u00f1os se nos adelant\u00f3 en el eterno viaje.<\/p>\n","protected":false},"excerpt":{"rendered":"<p>* 10 mil pisos firmes: Duarte* Edda Arrez, firme en el IVM Jos\u00e9 Ortiz MedinaEn Corto&#8230; sin Cortes Desde el inicio de su administraci\u00f3n lo plante\u00f3 no como una pol\u00edtica p\u00fablica m\u00e1s, sino como el eje central de su mandato. Para Javier Duarte de Ochoa, el combate a la pobreza era y es una prioridad.Para [&hellip;]<\/p>\n","protected":false},"author":1,"featured_media":0,"comment_status":"open","ping_status":"open","sticky":false,"template":"","format":"standard","meta":{"_jetpack_newsletter_access":"","_jetpack_dont_email_post_to_subs":false,"_jetpack_newsletter_tier_id":0,"_jetpack_memberships_contains_paywalled_content":false,"_jetpack_memberships_contains_paid_content":false,"footnotes":""},"categories":[1],"tags":[],"class_list":["post-3541","post","type-post","status-publish","format-standard","hentry","category-sin-categoria"],"jetpack_featured_media_url":"","jetpack_sharing_enabled":true,"jetpack_shortlink":"https:\/\/wp.me\/p4Qcd3-V7","_links":{"self":[{"href":"https:\/\/lospoliticosveracruz.com.mx\/index.php?rest_route=\/wp\/v2\/posts\/3541","targetHints":{"allow":["GET"]}}],"collection":[{"href":"https:\/\/lospoliticosveracruz.com.mx\/index.php?rest_route=\/wp\/v2\/posts"}],"about":[{"href":"https:\/\/lospoliticosveracruz.com.mx\/index.php?rest_route=\/wp\/v2\/types\/post"}],"author":[{"embeddable":true,"href":"https:\/\/lospoliticosveracruz.com.mx\/index.php?rest_route=\/wp\/v2\/users\/1"}],"replies":[{"embeddable":true,"href":"https:\/\/lospoliticosveracruz.com.mx\/index.php?rest_route=%2Fwp%2Fv2%2Fcomments&post=3541"}],"version-history":[{"count":0,"href":"https:\/\/lospoliticosveracruz.com.mx\/index.php?rest_route=\/wp\/v2\/posts\/3541\/revisions"}],"wp:attachment":[{"href":"https:\/\/lospoliticosveracruz.com.mx\/index.php?rest_route=%2Fwp%2Fv2%2Fmedia&parent=3541"}],"wp:term":[{"taxonomy":"category","embeddable":true,"href":"https:\/\/lospoliticosveracruz.com.mx\/index.php?rest_route=%2Fwp%2Fv2%2Fcategories&post=3541"},{"taxonomy":"post_tag","embeddable":true,"href":"https:\/\/lospoliticosveracruz.com.mx\/index.php?rest_route=%2Fwp%2Fv2%2Ftags&post=3541"}],"curies":[{"name":"wp","href":"https:\/\/api.w.org\/{rel}","templated":true}]}}