{"id":3542,"date":"2013-10-15T03:34:00","date_gmt":"2013-10-15T03:34:00","guid":{"rendered":"http:\/\/www.lospoliticosveracruz.com.mx\/?p=3542"},"modified":"2014-10-10T03:01:30","modified_gmt":"2014-10-10T03:01:30","slug":"los-retos","status":"publish","type":"post","link":"https:\/\/lospoliticosveracruz.com.mx\/?p=3542","title":{"rendered":"Los retos"},"content":{"rendered":"<p><b>Luis Alberto Romero<\/b><br \/><i>Hora Cero<\/i><\/p>\n<p>Al iniciar el sexenio de Javier Duarte como gobernador de Veracruz, pocos imaginaban que enfrentar\u00eda tantos problemas de tan diferente \u00edndole.<br \/>Han sido varios los obst\u00e1culos y podr\u00edamos decir que hasta ahora ha salido bien librado:<\/p>\n<div>Luego de ganar las elecciones en julio de 2010 con casi un mill\u00f3n 400 mil votos, la m\u00e1s alta votaci\u00f3n registrada en la historia electoral de Veracruz, Javier Duarte asumi\u00f3 la gubernatura el primero de diciembre de ese a\u00f1o y de inmediato enfrent\u00f3 una situaci\u00f3n de dif\u00edcil soluci\u00f3n: las fr\u00e1giles finanzas y la enorme deuda p\u00fablica heredada, que restaban capacidad de maniobra y obligaban al gobierno a reducir gastos, adelgazar n\u00f3mina y encontrar nuevos mecanismos para cubrir pasivos.<a name='more'><\/a><br \/>Vino posteriormente la crisis en materia delictiva, que puso a Veracruz en el mapa de la nota roja nacional. La guerra del gobierno de Felipe Calder\u00f3n contra las bandas delincuenciales tuvo en la entidad uno de sus campos de batalla; probablemente, la cima de ese problema lleg\u00f3 con el asesinato de 35 personas que fueron encontradas frente a una conocida plaza comercial de Boca del R\u00edo. Afortunadamente, los d\u00edas del Veracruz inseguro quedaron atr\u00e1s porque esa situaci\u00f3n tambi\u00e9n fue superada.<br \/>Las elecciones locales de julio de este a\u00f1o constituyeron una nueva prueba para el actual gobierno estatal, debido al clima de enfrentamiento registrado en algunos municipios; estaban en juego alcald\u00edas y poder legislativo de la entidad en el proceso previo a la renovaci\u00f3n del ejecutivo estatal que habr\u00e1 de ocurrir en el 2016. Hubo acusaciones contra funcionarios por parte de partidos de oposici\u00f3n, que denunciaron el supuesto uso de programas sociales con fines electorales. El resultado, finalmente, fue favorable al partido en el gobierno y ello represent\u00f3 tambi\u00e9n algunas yardas ganadas rumbo a la sucesi\u00f3n veracruzana.<br \/>M\u00e1s recientemente, la naturaleza puso otro examen al gobierno de Veracruz: las intensas lluvias trajeron destrucci\u00f3n y muerte en diferentes regiones de la entidad: hubo miles de damnificados, afectaciones en caminos, da\u00f1os en cultivos, asentamientos anegados, r\u00edos desbordados y decenas de deslaves de cerros como consecuencia de las hist\u00f3ricas precipitaciones. En Misantla, por ejemplo, en dos d\u00edas hubo m\u00e1s lluvia que en dos a\u00f1os sumados.    <br \/>Hoy, el gobierno de Javier Duarte enfrenta un reto m\u00e1s, el relacionado con las protestas del magisterio; un problema que crece de manera desmesurada hasta alcanzar un nivel preocupante. Los maestros han bloqueado las vialidades del centro, causando cuantiosas p\u00e9rdidas a empresarios, y cerrado las carreteras que comunican a Xalapa con Veracruz, Puebla y Distrito Federal, afectando pr\u00e1cticamente a toda la actividad productiva. Por si fuera poco, el cierre de algunas escuelas p\u00fablicas provoca la irritaci\u00f3n de padres de familia porque representa un ataque al derecho de los estudiantes a recibir educaci\u00f3n. El gobierno estatal lanz\u00f3 un ultim\u00e1tum al magisterio disidente y \u00e9ste responde tomando la SEV y realizando m\u00e1s bloqueos. Ayer, por cierto, inici\u00f3 la supervisi\u00f3n de las escuelas para constatar que trabajen de manera normal y se anuncian sanciones contra los maestros incumplidos.<br \/>Veremos c\u00f3mo resuelve el gobierno de la entidad esta nueva crisis.<\/div>\n","protected":false},"excerpt":{"rendered":"<p>Luis Alberto RomeroHora Cero Al iniciar el sexenio de Javier Duarte como gobernador de Veracruz, pocos imaginaban que enfrentar\u00eda tantos problemas de tan diferente \u00edndole.Han sido varios los obst\u00e1culos y podr\u00edamos decir que hasta ahora ha salido bien librado: Luego de ganar las elecciones en julio de 2010 con casi un mill\u00f3n 400 mil votos, [&hellip;]<\/p>\n","protected":false},"author":1,"featured_media":0,"comment_status":"open","ping_status":"open","sticky":false,"template":"","format":"standard","meta":{"_jetpack_newsletter_access":"","_jetpack_dont_email_post_to_subs":false,"_jetpack_newsletter_tier_id":0,"_jetpack_memberships_contains_paywalled_content":false,"_jetpack_memberships_contains_paid_content":false,"footnotes":""},"categories":[1],"tags":[],"class_list":["post-3542","post","type-post","status-publish","format-standard","hentry","category-sin-categoria"],"jetpack_featured_media_url":"","jetpack_sharing_enabled":true,"jetpack_shortlink":"https:\/\/wp.me\/p4Qcd3-V8","_links":{"self":[{"href":"https:\/\/lospoliticosveracruz.com.mx\/index.php?rest_route=\/wp\/v2\/posts\/3542","targetHints":{"allow":["GET"]}}],"collection":[{"href":"https:\/\/lospoliticosveracruz.com.mx\/index.php?rest_route=\/wp\/v2\/posts"}],"about":[{"href":"https:\/\/lospoliticosveracruz.com.mx\/index.php?rest_route=\/wp\/v2\/types\/post"}],"author":[{"embeddable":true,"href":"https:\/\/lospoliticosveracruz.com.mx\/index.php?rest_route=\/wp\/v2\/users\/1"}],"replies":[{"embeddable":true,"href":"https:\/\/lospoliticosveracruz.com.mx\/index.php?rest_route=%2Fwp%2Fv2%2Fcomments&post=3542"}],"version-history":[{"count":0,"href":"https:\/\/lospoliticosveracruz.com.mx\/index.php?rest_route=\/wp\/v2\/posts\/3542\/revisions"}],"wp:attachment":[{"href":"https:\/\/lospoliticosveracruz.com.mx\/index.php?rest_route=%2Fwp%2Fv2%2Fmedia&parent=3542"}],"wp:term":[{"taxonomy":"category","embeddable":true,"href":"https:\/\/lospoliticosveracruz.com.mx\/index.php?rest_route=%2Fwp%2Fv2%2Fcategories&post=3542"},{"taxonomy":"post_tag","embeddable":true,"href":"https:\/\/lospoliticosveracruz.com.mx\/index.php?rest_route=%2Fwp%2Fv2%2Ftags&post=3542"}],"curies":[{"name":"wp","href":"https:\/\/api.w.org\/{rel}","templated":true}]}}