{"id":3543,"date":"2013-10-14T12:25:00","date_gmt":"2013-10-14T12:25:00","guid":{"rendered":"http:\/\/www.lospoliticosveracruz.com.mx\/?p=3543"},"modified":"2014-10-10T03:01:30","modified_gmt":"2014-10-10T03:01:30","slug":"duarte-no-oye-no-ve-pero-si-reprime","status":"publish","type":"post","link":"https:\/\/lospoliticosveracruz.com.mx\/?p=3543","title":{"rendered":"Duarte: No oye, no ve, pero s\u00ed reprime"},"content":{"rendered":"<p><b>Roberto Morales Ayala<\/b><\/p>\n<div style=\"clear: both; text-align: center;\"><a href=\"http:\/\/www.lospoliticosveracruz.com.mx\/wp-content\/uploads\/2013\/10\/la-foto-C.jpg\" style=\"margin-left: 1em; margin-right: 1em;\"><img loading=\"lazy\" decoding=\"async\" border=\"0\" height=\"178\" src=\"http:\/\/www.lospoliticosveracruz.com.mx\/wp-content\/uploads\/2013\/10\/la-foto-C-300x166.jpg\" width=\"320\" \/><\/a><\/div>\n<div><i>Zona Franca<\/i><\/p>\n<p>En las calles y en las plazas, en toda ciudad de Veracruz, se les ve marchar. Los maestros portan mantas, cartulinas, carteles, y en todos se leen consignas contra los l\u00edderes, contra Callejas, contra el gobernador Javier Duarte y contra el Presidente Enrique Pe\u00f1a Nieto. <br \/>Para ellos, hoy es lo mismo Callejas que Duarte y que Pe\u00f1a Nieto. El gobierno de Veracruz recibe condenas porque reprime a los maestros y se pone de lado de Juan Nicol\u00e1s Callejas. Irrita a los maestros porque no defiende los derechos laborales del magisterio y persiste en secundar al Presidente de M\u00e9xico en la imposici\u00f3n de la reforma educativa.<br \/>Con un doble lenguaje, Javier Duarte ofrece mediar en el conflicto a cambio de que los maestros concluyan su paro de actividades; los remite al Congreso estatal para suscribir acuerdos de respeto a sus derechos laborales, que en los hechos no cumple pues hoy la Secretar\u00eda de Educaci\u00f3n de Veracruz afina los descuentos y la cancelaci\u00f3n de contratos por acumulaci\u00f3n de faltas, y asegura que est\u00e1 del lado del magisterio mientras les aplica la fuerza p\u00fablica. <a name='more'><\/a><br \/>El Gobierno del Estado ha preferido hacer caso omiso del reclamo de los maestros de que el Gobierno deje de apoyar y solapar las corruptelas de quienes dirigen las secci\u00f3n 32 del SNTE, y los dem\u00e1s sindicatos, todos viciados por la corrupci\u00f3n del gobierno duartista.<br \/>Su \u201cdi\u00e1logo\u201d ha sido bajo la intolerancia de no ver, no escuchar y despotricar, denigrar y golpear. Es el est\u00e9ril lenguaje de la intolerancia.<br \/>En Veracruz, la inconformidad contra la dictadura callejista en el magisterio ya prendi\u00f3, y quiz\u00e1 sus frutos no se ver\u00e1n en lo inmediato, pero es una lucha que pulveriz\u00f3 el poder que ostentaba el cacique Juan Nicol\u00e1s.<br \/>Habr\u00e1 que ver a un l\u00edder cameral, sostenido solamente por la intolerancia y no por el magisterio, hacer malabares para quedar bien con el Presidente Pe\u00f1a Nieto y con el gobernador Duarte para que se aplique la reforma educativa y con ello se vayan a la calle miles de maestros y que sean los padres de familia quienes terminen pagando la educaci\u00f3n de sus hijos, primero con los servicios y el mantenimiento y despu\u00e9s con los libros y el salario de los maestros, la privatizaci\u00f3n pues.<br \/>Callejas ya dio se\u00f1as de que no controla al magisterio y que el repudio hacia su liderazgo cada vez es mayor. Los maestros multiplican sus protestan y sus bloqueos de carreteras y avenidas provocan caos y la irritaci\u00f3n de quienes se ven atrapados en el embotellamiento vehicular.<br \/>Frente a esa estrategia, Duarte de Ochoa ha ofrecido un di\u00e1logo que se ha vuelto mon\u00f3logo, tal como lo cita la periodista Melissa Hern\u00e1ndez en su blog http:\/\/melissahernandezreporter.wordpress.com. Los maestros son convocados a integrarse a mesas de trabajo donde reclaman que el gobierno de Veracruz haga suya la defensa de sus derechos laborales, pero no encuentra respuestas. Javier Duarte, a trav\u00e9s de sus representantes, ni los oye ni los ve.<br \/>\u201cEl di\u00e1logo sigue abierto con gobierno del Estado. Sin embargo, no se prestan a ning\u00fan acuerdo. Tal pareciera que es un mon\u00f3logo; no permiten que los maestros den sus opciones, ni opiniones\u201d, dice el Movimiento Magisterial Popular Veracruzano. <br \/>El 12 de octubre, la movilizaci\u00f3n se recrudeci\u00f3. En protesta por la detenci\u00f3n de decenas de autobuses en que se trasladaban miles de maestros desde Altotonga, Perote, Sayula, Cardel y la Antigua a Xalapa, su confinamiento en corralones, la amenaza y agresiones por parte de la polic\u00eda estatal, el MMPV bloque\u00f3 la carretera Xalapa-Veracruz, a la altura de la Secretar\u00eda de Educaci\u00f3n de Veracruz, frente a Plaza Am\u00e9ricas.<br \/>\u201cEl gobierno esta lacerando nuestros derechos. No permite que nuestros compa\u00f1eros viajen libremente. Les han quitado sus autobuses y los ha metido en corralones\u201d, acusaba el MMPV.<br \/>El gobierno de Veracruz retuvo nueve camiones que salieron de Orizaba, ocho del sur, cinco del norte y cuatro m\u00e1s del centro, seg\u00fan difundi\u00f3 el portal Plumas Libres. En el sur del estado, los maestros que manten\u00edan bloqueada la autopista Nuevo Teapa-Cosoleacaque, fueron presionados a retirarse cuando un grupo vestido de civil pero acuerpado por la polic\u00eda estatal, les arroj\u00f3 bombas molotov.<br \/>Al mismo tiempo, miles de maestros procedentes de C\u00f3rdoba y Orizaba llegaban en corridas comerciales de autobuses, pero eran intimidados por la polic\u00eda mediante un asedio fotogr\u00e1fico. Ese s\u00e1bado, los maestros acamparon sobre la carretera Xalapa-Veracruz, pero el ambiente se sent\u00eda tenso.<br \/>De acuerdo con la informaci\u00f3n de la reportera Norma Trujillo B\u00e1ez, de La Jornada Veracruz, los polic\u00edas que bajaban de los autobuses a los maestros respond\u00edan a los inconformes que \u201cla orden la dio el gobernador\u201d. El relato de una maestra lo dice todo: \u201clos polic\u00edas nos enca\u00f1onaban, nos amenazaban. Decidimos todos bajarnos del autob\u00fas. Nos hab\u00edan dicho los polic\u00edas \u2018si no se bajan entonces se atienen a lo que venga\u2019 \u201d.<br \/>Se dispersaron y viajaron en autobuses comerciales. Ni as\u00ed la libraron. Fueron interceptados por la polic\u00eda. Al conductor le dijeron que si transportaba maestros. Respondi\u00f3 que s\u00f3lo eran pasajeros. Empezaron a revisar. Llevaban las fotograf\u00edas que les hab\u00edan captado horas antes.<br \/>El atentado al derecho constitucional de libre tr\u00e1nsito es evidente. El responsable es el gobernador Javier Duarte.&nbsp;Cerca de la medianoche del s\u00e1bado 12, Duarte volvi\u00f3 a reprimir a los maestros, como antes lo hab\u00eda hecho en Plaza Lerdo, cuando despleg\u00f3 a la polic\u00eda estatal y armados con bastones el\u00e9ctricos los ech\u00f3 con prepotencia y violencia. <br \/>La polic\u00eda lleg\u00f3. Amedrent\u00f3 a los maestros e inst\u00f3 a desalojar la carretera o lo har\u00eda por la fuerza. La mayor\u00eda de los disidentes accedieron. Algunos se fueron por su propio pie, en sus autos. Otros abordaron taxis y camiones que la polic\u00eda hab\u00eda llevado. En minutos el bloqueo hab\u00eda concluido.<br \/>Javier Duarte prefiri\u00f3 mostrarle el m\u00fasculo al movimiento magisterial antes que pactar soluciones y mantener la v\u00eda del di\u00e1logo. El gobernador se solidariz\u00f3 con el cacicazgo de Juan Nicol\u00e1s Callejas Arroyo y no advertir que las bases sindicales ya no toleran a su l\u00edder moral.<br \/>El escenario de la reforma educativa permiti\u00f3 que esas viejas rencillas, el repudio a Callejas y la conformaci\u00f3n de un movimiento disidente encontraran v\u00edas de expresi\u00f3n en Veracruz. As\u00ed lo plantea el columnista Raymundo Riva Palacio, en Estrictamente Personal:<br \/>\u201cVeracruz form\u00f3 parte tambi\u00e9n de los estados donde se busc\u00f3 resolver conflictos internos bajo la sombra de la movilizaci\u00f3n. Las 17 organizaciones sindicales en el estado se sumaron a la protesta contra la reforma educativa con un grito que no ten\u00eda que ver con ella: \u201c\u00a1Fuera Callejas!\u201d. La protesta era contra el cacicazgo de Juan Nicol\u00e1s Callejas Arroyo, que en un mes tomar\u00e1 protesta por sexta vez como diputado local del PRI, y su hijo Juan, a quien le hered\u00f3 la secretar\u00eda general de la Secci\u00f3n 32 del SNTE, a quien quieren descabezar\u201d.<br \/>El liderazgo de Callejas est\u00e1 pr\u00e1cticamente muerto. Puede que lo sostenga el gobernador de Veracruz, pero no para efectos de operatividad, de control del gremio y de ascendiente pol\u00edtico. De ah\u00ed que Javier Duarte instale mesas de negociaci\u00f3n con el magisterio rebelde, donde no los oye ni los ve, pero les habla a trav\u00e9s de la represi\u00f3n.<br \/>Callejas, aunque ya no sirva para nada, es su prioridad.<\/p>\n<p>(romoaya@gmail.com)(@moralesrobert)<\/p><\/div>\n","protected":false},"excerpt":{"rendered":"<p>Roberto Morales Ayala Zona Franca En las calles y en las plazas, en toda ciudad de Veracruz, se les ve marchar. Los maestros portan mantas, cartulinas, carteles, y en todos se leen consignas contra los l\u00edderes, contra Callejas, contra el gobernador Javier Duarte y contra el Presidente Enrique Pe\u00f1a Nieto. Para ellos, hoy es lo [&hellip;]<\/p>\n","protected":false},"author":1,"featured_media":0,"comment_status":"open","ping_status":"open","sticky":false,"template":"","format":"standard","meta":{"_jetpack_newsletter_access":"","_jetpack_dont_email_post_to_subs":false,"_jetpack_newsletter_tier_id":0,"_jetpack_memberships_contains_paywalled_content":false,"_jetpack_memberships_contains_paid_content":false,"footnotes":""},"categories":[1],"tags":[],"class_list":["post-3543","post","type-post","status-publish","format-standard","hentry","category-sin-categoria"],"jetpack_featured_media_url":"","jetpack_sharing_enabled":true,"jetpack_shortlink":"https:\/\/wp.me\/p4Qcd3-V9","_links":{"self":[{"href":"https:\/\/lospoliticosveracruz.com.mx\/index.php?rest_route=\/wp\/v2\/posts\/3543","targetHints":{"allow":["GET"]}}],"collection":[{"href":"https:\/\/lospoliticosveracruz.com.mx\/index.php?rest_route=\/wp\/v2\/posts"}],"about":[{"href":"https:\/\/lospoliticosveracruz.com.mx\/index.php?rest_route=\/wp\/v2\/types\/post"}],"author":[{"embeddable":true,"href":"https:\/\/lospoliticosveracruz.com.mx\/index.php?rest_route=\/wp\/v2\/users\/1"}],"replies":[{"embeddable":true,"href":"https:\/\/lospoliticosveracruz.com.mx\/index.php?rest_route=%2Fwp%2Fv2%2Fcomments&post=3543"}],"version-history":[{"count":0,"href":"https:\/\/lospoliticosveracruz.com.mx\/index.php?rest_route=\/wp\/v2\/posts\/3543\/revisions"}],"wp:attachment":[{"href":"https:\/\/lospoliticosveracruz.com.mx\/index.php?rest_route=%2Fwp%2Fv2%2Fmedia&parent=3543"}],"wp:term":[{"taxonomy":"category","embeddable":true,"href":"https:\/\/lospoliticosveracruz.com.mx\/index.php?rest_route=%2Fwp%2Fv2%2Fcategories&post=3543"},{"taxonomy":"post_tag","embeddable":true,"href":"https:\/\/lospoliticosveracruz.com.mx\/index.php?rest_route=%2Fwp%2Fv2%2Ftags&post=3543"}],"curies":[{"name":"wp","href":"https:\/\/api.w.org\/{rel}","templated":true}]}}