{"id":3544,"date":"2013-10-14T12:21:00","date_gmt":"2013-10-14T12:21:00","guid":{"rendered":"http:\/\/www.lospoliticosveracruz.com.mx\/?p=3544"},"modified":"2014-10-10T03:01:30","modified_gmt":"2014-10-10T03:01:30","slug":"monstruo-de-mil-cabezas","status":"publish","type":"post","link":"https:\/\/lospoliticosveracruz.com.mx\/?p=3544","title":{"rendered":"Monstruo de mil cabezas"},"content":{"rendered":"<blockquote><p>* La conferencia de GZM<br \/>* Hubo cambio en el Orfis<\/p><\/blockquote>\n<p><b>Jos\u00e9 Ortiz Medina<\/b><br \/><i>En Corto&#8230; sin Cortes<\/i><\/p>\n<p>El conflicto magisterial se ha presentado como un monstruo de mil cabezas para las autoridades educativas, tanto de Veracruz como del pa\u00eds.<br \/>Desde el interior de la disidencia existe un desorden total, pues unos maestros desconocen a los otros. Por ejemplo, los del Movimiento Magisterial Popular Veracruzano rechazan al Movimiento Popular Aut\u00e9ntico del Magisterio y viceversa.<br \/>Los dos grupos son visibles, pero hay maestros que se autodefinen como libres y tambi\u00e9n buscan llevar agua a su molino.<br \/>Es decir, ni siquiera ellos saben qui\u00e9nes son ni a qui\u00e9nes representan. Si de origen est\u00e1n mal, qu\u00e9 se puede esperar de sus demandas.<a name='more'><\/a><br \/>Terminar el problema les conviene a todos, pero pasa algo curioso. Dejan de hacer algo las autoridades y enseguida se les critica por la omisi\u00f3n, pero hacen algo y tambi\u00e9n les llueven cr\u00edticas.<br \/>Ya lo vimos el 13 de septiembre, cuando elementos de la Polic\u00eda desalojaron a los manifestantes de la Plaza Lerdo y fueron criticados y exhibidos en redes sociales porque se defendieron de las agresiones de algunos maestros y pseudo estudiantes del \u00e1rea de Humanidades de la Universidad Veracruzana.<br \/>Lo mismo ocurre en el Distrito Federal, donde la CNTE tiene sitiada a la ciudad y, con la incursi\u00f3n de los llamados anarquistas, en cada movilizaci\u00f3n agreden a los cuerpos policiacos.<br \/>No es f\u00e1cil. Es, como lo dec\u00edamos al principio, un monstruo de mil cabezas.<br \/>Hay que reconocer, sin embargo, que luego del ultim\u00e1tum lanzado por la SEV la semana anterior muchos maestros ya retomaron sus labores docentes y que ya cumplen con sus responsabilidades en las aulas; otros, en cambio, siguen neg\u00e1ndose a participar del crecimiento de nuestra entidad y de la formaci\u00f3n de las nuevas generaciones de veracruzanos.<br \/>Esa situaci\u00f3n ha complicado a las autoridades puesto que se han firmado acuerdos que algunos maestros no han cumplido.<br \/>En suma, los maestros han mostrado una total falta de voluntad y de compromiso con las autoridades para llegar a arreglos que beneficien a los veracruzanos; ya ni se diga la falta de respeto hacia los ni\u00f1os y j\u00f3venes que s\u00f3lo quieren estudiar.<br \/>Sea como sea, los maestros disidentes tienen hoy la \u00faltima oportunidad para regresar a las aulas, recuperar el cari\u00f1o de sus alumnos y el respeto de los paterfamilias y veracruzanos en general.<\/p>\n<p>A PR\u00d3P\u00d3SITO, es destacable que en la retirada del Movimiento Magisterial Popular Veracruzano, quienes tuvieron secuestrada por casi 30 horas la entrada a la ciudad capital, en la carretera Xalapa-Veracruz, a la altura de la Secretar\u00eda de Educaci\u00f3n de Veracruz, no hubo enfrentamientos y muchos menos detenidos y lesionados. Ello, gracias a las negociaciones que sostuvieron docentes con autoridades del Estado en las mesas de di\u00e1logo que fueron instaladas por la Secretar\u00eda de Gobierno, que opera eficientemente Erick Lagos, y el Congreso del Estado. As\u00ed, el Gobierno Estatal logr\u00f3 resolver este conflicto pac\u00edficamente alrededor de las 10:30 de la noche del s\u00e1bado, a pesar de que un grupo de maestros lo que busca es el enfrentamiento con las fuerzas del orden. Y es que minutos antes de que fueran rodeados por el convoy de los polic\u00edas que hab\u00eda empezado a acercarse a la zona del conflicto despu\u00e9s de la 8 de la noche, integrantes de ese grupo magisterial realizaron la quema de llantas y otros objetos en clara provocaci\u00f3n a los gendarmes que estaban haciendo su arribo a ese sitio. Por otra parte, otra cosa que se nota es el hartazgo de la sociedad civil por los constantes bloqueos y marchas de estos docentes. No menos molestos han estado los empresarios de todo el estado y de manera particular de la capital veracruzana, quienes han sufrido p\u00e9rdidas millonarias debido a estas manifestaciones an\u00e1rquicas. Y as\u00ed lo hacen notar en un desplegado que se public\u00f3 el domingo firmado por la COPARMEX y la CANACINTRA-Veracruz, documento que fue dirigido al gobernador Javier Duarte. Los titulares de estos organismos empresariales, Jorge Rafael Coffau Kayser y Angel Carrano Castro, respectivamente, se\u00f1alan, entre otros aspectos, que \u201cla sociedad padece los abusos de un grupo, cada vez m\u00e1s reducido de profesores, que bloquean vialidades y carreteras&#8230; por todo esto, muchos empresarios de Veracruz nos hemos venido planteando la incertidumbre sobre el tiempo y las consecuencias que dar\u00e1n estas afectaciones, y la respuesta m\u00e1s cierta es solicitar la aplicaci\u00f3n del Estado de Derecho, por ser el \u00fanico elemento humano que garantiza la civilidad cotidiana\u201d. <\/p>\n<p>EL PASADO viernes por la noche, la destacada Contadora P\u00fablica oriunda de Coatepec, Carmen Castro Blasquez, asumi\u00f3 la titularidad de la Direcci\u00f3n de Auditor\u00eda Financiera a Poderes Estatales del \u00d3rgano de Fiscalizaci\u00f3n Superior del Estado (Orfis) en sustituci\u00f3n de Marieli M\u00e9ndez Castillo. La joven coatepecana tendr\u00e1 bajo su cargo ni m\u00e1s ni menos que auditar, evaluar y dar seguimiento a las cuentas p\u00fablicas del Poder Ejecutivo del Estado. Sin duda, una gran responsabilidad a pesar de su corta edad. Enhorabuena. <\/p>\n<p>EL COLEGIO de Veracruz, interesado en apoyar las pol\u00edticas p\u00fablicas implementadas por el Gobernador Javier Duarte de Ochoa en materia de aprovechamiento de energ\u00eda, ha organizado para este lunes una interesante conferencia magistral que lleva por t\u00edtulo \u201cDise\u00f1o Institucional de la Regulaci\u00f3n de Energ\u00eda en M\u00e9xico\u201d. En esta charla se tratar\u00e1 el tema de la Reforma Energ\u00e9tica, que ser\u00e1 impartida por el Maestro Guillermo Z\u00fa\u00f1iga Mart\u00ednez Jr., titular de la Comisi\u00f3n Reguladora de Energ\u00eda. El evento se efectuar\u00e1 en el Auditorio Arist\u00f3teles del COLVER ubicado en la calle de Carrillo Puerto, # 26 zona centro, a las 12 horas.<\/p>\n","protected":false},"excerpt":{"rendered":"<p>* La conferencia de GZM* Hubo cambio en el Orfis Jos\u00e9 Ortiz MedinaEn Corto&#8230; sin Cortes El conflicto magisterial se ha presentado como un monstruo de mil cabezas para las autoridades educativas, tanto de Veracruz como del pa\u00eds.Desde el interior de la disidencia existe un desorden total, pues unos maestros desconocen a los otros. Por [&hellip;]<\/p>\n","protected":false},"author":1,"featured_media":0,"comment_status":"open","ping_status":"open","sticky":false,"template":"","format":"standard","meta":{"_jetpack_newsletter_access":"","_jetpack_dont_email_post_to_subs":false,"_jetpack_newsletter_tier_id":0,"_jetpack_memberships_contains_paywalled_content":false,"_jetpack_memberships_contains_paid_content":false,"footnotes":""},"categories":[1],"tags":[],"class_list":["post-3544","post","type-post","status-publish","format-standard","hentry","category-sin-categoria"],"jetpack_featured_media_url":"","jetpack_sharing_enabled":true,"jetpack_shortlink":"https:\/\/wp.me\/p4Qcd3-Va","_links":{"self":[{"href":"https:\/\/lospoliticosveracruz.com.mx\/index.php?rest_route=\/wp\/v2\/posts\/3544","targetHints":{"allow":["GET"]}}],"collection":[{"href":"https:\/\/lospoliticosveracruz.com.mx\/index.php?rest_route=\/wp\/v2\/posts"}],"about":[{"href":"https:\/\/lospoliticosveracruz.com.mx\/index.php?rest_route=\/wp\/v2\/types\/post"}],"author":[{"embeddable":true,"href":"https:\/\/lospoliticosveracruz.com.mx\/index.php?rest_route=\/wp\/v2\/users\/1"}],"replies":[{"embeddable":true,"href":"https:\/\/lospoliticosveracruz.com.mx\/index.php?rest_route=%2Fwp%2Fv2%2Fcomments&post=3544"}],"version-history":[{"count":0,"href":"https:\/\/lospoliticosveracruz.com.mx\/index.php?rest_route=\/wp\/v2\/posts\/3544\/revisions"}],"wp:attachment":[{"href":"https:\/\/lospoliticosveracruz.com.mx\/index.php?rest_route=%2Fwp%2Fv2%2Fmedia&parent=3544"}],"wp:term":[{"taxonomy":"category","embeddable":true,"href":"https:\/\/lospoliticosveracruz.com.mx\/index.php?rest_route=%2Fwp%2Fv2%2Fcategories&post=3544"},{"taxonomy":"post_tag","embeddable":true,"href":"https:\/\/lospoliticosveracruz.com.mx\/index.php?rest_route=%2Fwp%2Fv2%2Ftags&post=3544"}],"curies":[{"name":"wp","href":"https:\/\/api.w.org\/{rel}","templated":true}]}}