{"id":3546,"date":"2013-10-14T02:00:00","date_gmt":"2013-10-14T02:00:00","guid":{"rendered":"http:\/\/www.lospoliticosveracruz.com.mx\/?p=3546"},"modified":"2014-10-10T03:01:31","modified_gmt":"2014-10-10T03:01:31","slug":"maestros-replantear-estrategias","status":"publish","type":"post","link":"https:\/\/lospoliticosveracruz.com.mx\/?p=3546","title":{"rendered":"Maestros: Replantear estrategias"},"content":{"rendered":"<p><b>Salvador Mu\u00f1oz<\/b><br \/><i>Los Pol\u00edticos<\/i><\/p>\n<p>La lucha del magisterio llevado a los extremos tiende a rayar en la animadversi\u00f3n del ciudadano com\u00fan y a veces en un inminente choque de \u201cautoridades del orden\u201d contra ellos.<br \/>La toma de carreteras federales, bloqueo de centros comerciales y otros sitios, como la presa Yuribia o el recinto portuaria, convida al malestar contra su lucha.<br \/>El movimiento magisterial debe ser m\u00e1s inteligente y buscar alternativas ingeniosas e impactantes, y sobre todo, emp\u00e1ticas con el ciudadano que no entiende su lucha.<br \/>Cerrar las carreteras no ayuda\u2026 confrontarse con traileros, tampoco\u2026 amedrentar a la prensa \u00a1menos!<a name='more'><\/a><\/p>\n<p>II<br \/>El movimiento docente debe sentarse y replantear su t\u00e1ctica, su estrategia\u2026 vamos: la intenci\u00f3n es \u201cmadrear\u201d al sistema, no al ciudadano; la intenci\u00f3n es exhibir al Gobierno y ganar adeptos; luego entonces, hay que conformar un enemigo com\u00fan, un villano universal, un demonio que odien todos\u2026<br \/>Pero perjudicar a terceros no es el modo\u2026 insisto: la Resistencia Civil, la Desobediencia Civil, o la Manifestaci\u00f3n Civil no debe ejecutarse con violencia, con represi\u00f3n y mucho menos con injusticia, porque entonces, al final, uno se convierte en lo que combate.<\/p>\n<p>III<br \/>Los maestros pueden decir que salir con pancartas y tomar la calle de Enr\u00edquez ha sido totalmente in\u00fatil\u2026 cierto\u2026 las manifestaciones en el centro dejaron de ser noticia para convertirse en molestia, adem\u00e1s de que muchos ciudadanos, en la comodidad de su ego\u00edsmo, realmente les vale madre un plant\u00f3n m\u00e1s en la Plaza Lerdo de Xalapa.<br \/>Pero, \u00bfpor qu\u00e9 entonces no usar otro tipo de activismo? \u00a1Vamos! \u00bfQuieren llamar la atenci\u00f3n? Llamen a diez maestras dispuestas a mostrar su busto desnudo con pintas alusivas a su lucha y mu\u00e9strense en las Plazas Municipales en una hora com\u00fan, al mismo tiempo, en distintos municipios, estados\u2026 en Veracruz, no teman ser detenidas por las fuerzas del orden p\u00fablico porque si a las damas de los 400 Pueblos nunca las han detenido, \u00a1mucho menos a las maestras!, lo que implicar\u00eda un punto m\u00e1s a su favor porque demostrar\u00eda que saben ense\u00f1ar \u00a1y bien! Cr\u00e9anme que su manifestaci\u00f3n estar\u00eda de inmediato en las redes sociales, no s\u00f3lo del pa\u00eds, sino de todo el mundo\u2026<\/p>\n<p>IV<br \/>Ok, supongo que por all\u00ed alg\u00fan maestro o maestra ya me record\u00f3 a la autora de mis d\u00edas en pa\u00f1os menores (es decir, \u201cque se encuere tu \u201c\u00b7$%&amp; madre\u201d), entonces, qu\u00e9 les parece una cadena humana\u2026 la m\u00e1s larga que se tenga memoria fue la B\u00e1ltica, que abarc\u00f3 600 kil\u00f3metros y atraves\u00f3 tres pa\u00edses como una forma de protestar contra la presencia rusa en Estonia, Letonia y Lituania. Participaron cerca de dos millones doscientas mil personas entre estonios, letonios y lituanos. \u00bfEn qu\u00e9 concluy\u00f3 la cadena humana?<br \/>S\u00f3lo en dos cosas sencillas: al poco tiempo, se le reconoci\u00f3 autonom\u00eda e independencia a estos tres pa\u00edses que protestaron con sus manos entrelazadas por el control que desde 1939, la Uni\u00f3n Sovi\u00e9tica mantuvo sobre ellos. \u00bfY saben cu\u00e1nto dur\u00f3 su protesta? \u00a1Quince minutos! \u00a1Quince \u201cwarholianos\u201d minutos que ayudaron de mucho porque su repercusi\u00f3n fue mundial.<br \/>La distancia entre Xalapa y Veracruz es de entre 90 y 95 kil\u00f3metros a ojo de buen cubero\u2026 \u00bfimagine el maestro el poder de su lucha tan solo en la uni\u00f3n de sus manos?<\/p>\n<p>V<br \/>Es cuesti\u00f3n de imaginaci\u00f3n\u2026 no se inventa nada nuevo\u2026 todo est\u00e1 escrito\u2026 pero el Movimiento Magisterial no puede confrontarse con el ciudadano, no puede afectar m\u00e1s al tercero\u2026 al contrario, debe buscar su simpat\u00eda, su alianza, su apoyo\u2026 no s\u00e9 hasta a d\u00f3nde vaya a llegar su lucha, pero si persiste en mantener la posici\u00f3n que guarda en estos \u00faltimos d\u00edas, vaticino que no avanzar\u00e1 mucho.<\/p>\n","protected":false},"excerpt":{"rendered":"<p>Salvador Mu\u00f1ozLos Pol\u00edticos La lucha del magisterio llevado a los extremos tiende a rayar en la animadversi\u00f3n del ciudadano com\u00fan y a veces en un inminente choque de \u201cautoridades del orden\u201d contra ellos.La toma de carreteras federales, bloqueo de centros comerciales y otros sitios, como la presa Yuribia o el recinto portuaria, convida al malestar [&hellip;]<\/p>\n","protected":false},"author":1,"featured_media":0,"comment_status":"open","ping_status":"open","sticky":false,"template":"","format":"standard","meta":{"_jetpack_newsletter_access":"","_jetpack_dont_email_post_to_subs":false,"_jetpack_newsletter_tier_id":0,"_jetpack_memberships_contains_paywalled_content":false,"_jetpack_memberships_contains_paid_content":false,"footnotes":""},"categories":[1],"tags":[],"class_list":["post-3546","post","type-post","status-publish","format-standard","hentry","category-sin-categoria"],"jetpack_featured_media_url":"","jetpack_sharing_enabled":true,"jetpack_shortlink":"https:\/\/wp.me\/p4Qcd3-Vc","_links":{"self":[{"href":"https:\/\/lospoliticosveracruz.com.mx\/index.php?rest_route=\/wp\/v2\/posts\/3546","targetHints":{"allow":["GET"]}}],"collection":[{"href":"https:\/\/lospoliticosveracruz.com.mx\/index.php?rest_route=\/wp\/v2\/posts"}],"about":[{"href":"https:\/\/lospoliticosveracruz.com.mx\/index.php?rest_route=\/wp\/v2\/types\/post"}],"author":[{"embeddable":true,"href":"https:\/\/lospoliticosveracruz.com.mx\/index.php?rest_route=\/wp\/v2\/users\/1"}],"replies":[{"embeddable":true,"href":"https:\/\/lospoliticosveracruz.com.mx\/index.php?rest_route=%2Fwp%2Fv2%2Fcomments&post=3546"}],"version-history":[{"count":0,"href":"https:\/\/lospoliticosveracruz.com.mx\/index.php?rest_route=\/wp\/v2\/posts\/3546\/revisions"}],"wp:attachment":[{"href":"https:\/\/lospoliticosveracruz.com.mx\/index.php?rest_route=%2Fwp%2Fv2%2Fmedia&parent=3546"}],"wp:term":[{"taxonomy":"category","embeddable":true,"href":"https:\/\/lospoliticosveracruz.com.mx\/index.php?rest_route=%2Fwp%2Fv2%2Fcategories&post=3546"},{"taxonomy":"post_tag","embeddable":true,"href":"https:\/\/lospoliticosveracruz.com.mx\/index.php?rest_route=%2Fwp%2Fv2%2Ftags&post=3546"}],"curies":[{"name":"wp","href":"https:\/\/api.w.org\/{rel}","templated":true}]}}