{"id":3549,"date":"2013-10-14T00:25:00","date_gmt":"2013-10-14T00:25:00","guid":{"rendered":"http:\/\/www.lospoliticosveracruz.com.mx\/?p=3549"},"modified":"2014-10-10T03:01:31","modified_gmt":"2014-10-10T03:01:31","slug":"por-verguenza-los-que-deben-renunciar","status":"publish","type":"post","link":"https:\/\/lospoliticosveracruz.com.mx\/?p=3549","title":{"rendered":"Por verg\u00fcenza, los que deben renunciar"},"content":{"rendered":"<p><b>Claudia Guerrero Mart\u00ednez<\/b><br \/><i>Entre lo ut\u00f3pico y lo verdadero<\/i><\/p>\n<div>Despu\u00e9s del nombramiento tan esperado de Mauricio Audirac Murillo a la Contralor\u00eda General del Estado, como lo hab\u00edamos anunciado en pasadas entregas,  el nuevo funcionario asegura apretar tuercas en  \u00e9sta dependencia estatal\u2026 Y dudamos que lo haga, pues el flamante empleado duartista, es reconocido  como enmendador de Ayuntamientos quebrados, emulados como barcos  hundidos y tiene la habilidad del gato de tapar la pop\u00f3, comparada con los desv\u00edos de recursos,  para no ser vista\u2026<br \/>Con la salida de Iv\u00e1n L\u00f3pez a la Contralor\u00eda General Estatal, queremos decirle al empleado de los veracruzanos Javier Duarte de Ochoa,  que quien no sirva en su administraci\u00f3n, lo despida\u2026 Y m\u00e1s por verg\u00fcenza, aunque muchos la han perdido en alguna negociaci\u00f3n o puesto pol\u00edtico y seguir en la \u201cubre sexenal\u201d\u2026<a name='more'><\/a><br \/>No es un secreto la \u201cincomodidad\u201d de algunos funcionarios duartistas. Seguir en el puesto es  poner presi\u00f3n  a la olla social, pol\u00edtica y econ\u00f3mica de Veracruz. El caso de Adolfo Mota \u201cMotita\u201d Hern\u00e1ndez ha puesto al gremio magisterial en una pugna de poder y complacencias.  Pero tambi\u00e9n,  de ultim\u00e1tums y sanciones\u2026Hoy, tom\u00f3 valor para despedir a todo maestro que no se presente a trabajar, cuando meses antes era complaciente con los mismos profesores y l\u00edderes sindicales\u2026 Es tanta la complicidad,  hasta con su propia familia incrustada como aviadores en  la plantilla laboral de la SEV. Su descaro de imponer  a su esposa, hermana y cu\u00f1ados para que cobren jugosos sueldos, ser\u00eda la justificaci\u00f3n sustentable para pedirle su renuncia por corrupci\u00f3n y nepotismo en la dependencia estatal a su cargo\u2026 Algo que hasta hoy,  no ha ocurrido\u2026Mostrando una evidente complicidad  entre Duarte y Mota por compromisos pol\u00edticos,  la falta de experiencia en  soluci\u00f3n a situaciones de crisis evidencia a estos dos pol\u00edticos\u2026 La SEV deber\u00e1 ser manejada por alguien con mucha experiencia pol\u00edtica y poca soberbia e inter\u00e9s personal\u2026<br \/>Uno m\u00e1s, la multicitada Mar\u00eda Gina Dom\u00ednguez Col\u00edo como vocera del Gobierno Pr\u00f3spero y Coordinadora de In-comunicaci\u00f3n Social del Estado, dependencia donde la funcionaria duartista se ha despachado \u201ccon la cuchara grande\u201d y hoy, es millonaria empresaria de medios de comunicaci\u00f3n, cuando hace siete a\u00f1os, era una simple jefa de informaci\u00f3n de un medio local \u201cpatito\u201d\u2026 La tipa, con habilidad para instalar la desconfianza y ejercer el chisme  con devoci\u00f3n en el Gabinete Estatal, se resiste a dejar el puesto, utilizando artima\u00f1as de protecci\u00f3n y cobijo de una exprimera dama  y hasta venderle a un Gobernador inexperto, saber hacer pol\u00edtica y ser  la gur\u00fa con todos los medios de comunicaci\u00f3n\u2026 Son contados y no llegan a m\u00e1s de diez, quienes a\u00fan cuentan con la venia de la Madame Gina\u2026 Los dem\u00e1s, sufren de la soberbia de la Vocera inc\u00f3moda, quien olvid\u00f3 a todos aquellos aliados del 2010 y debe facturas en publicidad institucional a  quienes creyeron en el \u201cproyecto\u201d de Javi Du\u2026Y nosotros advertimos que esto suceder\u00eda\u2026<br \/>Un \u201chermanito\u201d inc\u00f3modo de la Madame Gina, es Uriel Dom\u00ednguez Col\u00edo, quien se ostenta como Juez en el Poder Judicial\u2026 Y no tendr\u00eda la menor importancia, si no hubi\u00e9semos encontrado anomal\u00edas en su C\u00e9dula Profesional\u2026 Ning\u00fan abogado puede ostentarse  como tal para litigar, si no tuviera este importante documento expedido en la Secretar\u00eda de Educaci\u00f3n P\u00fablica\u2026 Buscando en la p\u00e1gina oficial de la SEP:  <a href=\"http:\/\/www.cedulaprofesional.sep.gob.mx\/cedula\/indexAvanzada.action\">http:\/\/www.cedulaprofesional.sep.gob.mx\/cedula\/indexAvanzada.action<\/a>&nbsp;no encontramos nada del  funcionario estatal\u2026 Nos preocupa que el  consangu\u00edneo de Gina Dom\u00ednguez haya obtenido el cargo, gracias a  la influencia de la hermana  \u201cpoderosa\u201d\u2026 Y lo peor, que est\u00e9 en un cargo tan importante en la impartici\u00f3n de justicia, sin contar con c\u00e9dula profesional\u2026 Eso no se le perdona a ninguno que se ostenta como abogado postulante\u2026 \u00bfSabr\u00e1 esto el Presidente del Tribunal Superior de Justicia y del Consejo de la Judicatura Alberto Sosa Hern\u00e1ndez?&#8230; Un ejemplo r\u00e1pido, es del propio Presidente del Poder Judicial, a quien en la b\u00fasqueda se encontr\u00f3: N\u00famero de C\u00e9dula 2418087; Nombre: Alberto Sosa Hern\u00e1ndez; G\u00e9nero: Hombre;  Profesi\u00f3n: Licenciatura en Derecho; A\u00f1o de expedici\u00f3n: 1997; Instituci\u00f3n: Universidad Veracruzana; Tipo C1\u2026 As\u00ed que Uriel Dom\u00ednguez Col\u00edo, al no contar con C\u00e9dula Profesional, deber\u00e1 renunciar a su cargo\u2026.<\/div>\n<div>Otra renuncia m\u00e1s, es  la de Arturo \u201cEl inseguro\u201d Berm\u00fadez Zurita, quien ha puesto a la Secretar\u00eda de Seguridad P\u00fablica en tela de juicio por sus excesos y arbitrariedades realizadas por encapuchados que no dan la cara a la ciudadan\u00eda\u2026 Y peor, que el propio titular de la SSP desconf\u00eda del ambiente de \u201cseguridad\u201d en Veracruz,  contando con m\u00e1s de una veintena de guardaespaldas para cuidar su integridad f\u00edsica, mientras Berm\u00fadez Zurita insiste de un \u201cVeracruz seguro\u201d que no conocemos\u2026 Las constantes agresiones a la ciudadan\u00eda y a periodistas,  son parte de la cotidianidad de este Gobierno duartista\u2026 Y mientras,  la Comisi\u00f3n para la Protecci\u00f3n a los Derechos de los Periodistas se limita a hacer comunicados y rid\u00edculas posturas, cuando son ramificaciones del Gobierno Estatal y  no apoyan en nada a los colegas\u2026 Los  reporteros, columnistas y fot\u00f3grafos deben tomar medidas precautorias personales para autoprotegerse\u2026  Las extorsiones, secuestros y \u201clevantones\u201d no han disminuido y los focos rojos en varios municipios no han sido atendidos por las autoridades policiacas\u2026Peor, los delitos a casa habitaci\u00f3n y robo a negocios se han disparado, por la falta de rondines realizados por patrullas, las mismas, est\u00e1n comisionadas para la vigilancia de funcionarios y \u201cachichicles\u201d\u2026 Los resultados en la Seguridad P\u00fablica de todo el pa\u00eds son reprobatorios\u2026 Seg\u00fan el INEGI,  un 68 por ciento de la ciudadan\u00eda se  siente inseguro y fue  publicada por \u00e9sta dependencia federal en septiembre del 2013,  ante una minor\u00eda de un  31.7 por ciento que  se siente segura\u2026 Quiz\u00e1 en este m\u00ednimo, se sit\u00faa el propio Arturo Berm\u00fadez, quien no deja de declarar que en \u00e9sta entidad federativa,  la seguridad se hace de manera contundente\u2026<br \/>Y dejamos al \u00faltimo y no menos importante candidato  a renunciar a la administraci\u00f3n de Javier Duarte: Nos referimos a \u00c9rick Lagos Hern\u00e1ndez, secretario de Gobierno\u2026 A un mes de tomar el cargo, la ingobernabilidad en el estado se ha hecho presente y el asunto de los profesores  inconformes  por la Reforma Educativa se ha incrementado considerablemente, sin olvidar los bloqueos de ca\u00f1eros quienes exigen mayor atenci\u00f3n, pagos y hasta inversi\u00f3n para sus ingenios quebrados\u2026El segundo a bordo de \u00e9sta administraci\u00f3n estatal no dialoga con los afectados, sino env\u00eda a soberbios empleados para empeorar las cosas, provocando la toma de calles, carreteras y hasta oficinas gubernamentales\u2026 Mientras, el oriundo de Ciudad Isla y despreciado por sus propios paisanos y familiares,  est\u00e1 agazapado entre las cuatro paredes de su flamante oficina,  viendo caricaturas en la pantalla de 90 pulgadas\u2026 \u00c9rick se esconde para no dar la cara, pues la instrucci\u00f3n es \u201chacerse pen\u2026 y dejar que el agua corra\u201d, mientras el estado est\u00e1 inmerso en la violencia y la inconformidad\u2026<br \/>Con estos ejemplos, vemos a una administraci\u00f3n perdida, mientras el Gobernador de Veracruz prefiere hacer vida social, viajes inexplicables y hasta oscuras reuniones de amigos y aliados\u2026 Cu\u00e1nto m\u00e1s soportar\u00e1 el estado y cu\u00e1nto m\u00e1s soportar\u00e1n los veracruzanos\u2026 Los profesores en su interminable  y quiz\u00e1 est\u00e9ril lucha laboral, mientras sus l\u00edderes los enga\u00f1an con \u201cespejitos\u201d y promesas magisteriales\u2026 Los ca\u00f1eros enga\u00f1ados por  pol\u00edticos sinverg\u00fcenzas. No ven futuro para \u00e9sta actividad tan importante y emblem\u00e1tica en el estado\u2026 Los empresarios asfixiados por la falta de apoyos gubernamentales y sin propuesta certera para el desarrollo en Veracruz, adem\u00e1s de estar decepcionados por un Gobierno Federal que contin\u00faa tratando de imponer m\u00e1s estrategias fiscales para  sacar m\u00e1s impuestos al peque\u00f1o y mediano empresario\u2026 La infraestructura en esta entidad federativa es deplorable y la nula obra p\u00fablica ventila la par\u00e1lisis en todo el estado, mientras Javier Duarte y sus secuaces anuncian inversiones y turismo, los cuales, se quedan como nota de color ut\u00f3pica e imaginaria\u2026<br \/>Ante este panorama  dram\u00e1tico y verdadero, nos resta exigirle cuentas al empleado de los veracruzanos sobre sus ineptos funcionarios, pues ya estuvo \u201cbueno\u201d de simulacros en estos casi tres a\u00f1os y queremos ver en verdad, que trabajen en pro de la ciudadan\u00eda\u2026<br \/>En una encuesta realizada por Peri\u00f3dico Veraz,  a los lectores se les pidi\u00f3 su  opini\u00f3n cuantificable sobre los dos a\u00f1os de gobierno de Javier Duarte de Ochoa\u2026.En la encuesta se muestra,  un total hasta este domingo 13 de octubre, de 9, 771 votos, de los cuales 8, 888 votaron como p\u00e9sima la gesti\u00f3n de Javier Duarte al frente de la administraci\u00f3n en el estado\u2026 Se observa que la ciudadan\u00eda est\u00e1 molesta con sus gobernantes, gracias: A un d\u00e9bil y asustadizo Secretario de Gobierno que no tienen la menor idea de c\u00f3mo manejar esa importante secretar\u00eda\u2026 Gracias, a la inseguridad imperante en Veracruz, cuando el titular de SSP siga con alegres cifras y porcentajes disfrazados\u2026 Gracias al evidente desv\u00edos de recursos y robo al erario p\u00fablico municipal y estatal que no detectan los ciegos de Contralor\u00eda General ni ORFIS\u2026. Gracias, a una p\u00e9sima educaci\u00f3n en el estado, con vicios, otorgamiento de plazas a amigos,  cuates, funcionarios y hasta periodistas, manteniendo a  aviadores sin recato ni verg\u00fcenza\u2026 Y gracias a un p\u00e9simo manejo en la imagen institucional y con los medios de comunicaci\u00f3n, poniendo en aprietos  al empleado de los veracruzanos cada vez que habla o lee un discurso y  quien goza de nula credibilidad entre la opini\u00f3n p\u00fablica en redes sociales  y medios de comunicaci\u00f3n de todos los estratos\u2026Ante incontables tropiezos, esc\u00e1ndalos y estupideces,  nadie se explica c\u00f3mo Javier Duarte contin\u00faa como Gobernador de Veracruz\u2026<\/p>\n<p>Notita 1: Seguiremos en contra de los bloqueos a calles y carreteras. Seguiremos en contra de algunos  fan\u00e1ticos magisteriales  y la cerraz\u00f3n de no buscar otras alternativas legales y de seguir bloqueando v\u00edas de comunicaci\u00f3n, perjudicando a miles de ciudadanos, mientras al Gobierno Estatal le importa un \u201ccomino\u201d la afectaci\u00f3n a la ciudadan\u00eda y las presiones de Profesores\u2026 Por favor maestros, vean a su alrededor y cuestionen a todos aquellos autol\u00edderes y autodidactas que apoyan acciones radicales e ilegales s\u00f3lo con la excusa de \u201camor a la camiseta docente\u201d\u2026 Aqu\u00ed hay muchos intereses y est\u00e1n involucrados  l\u00edderes sindicales,  funcionarios duartistas y hasta  algunos que se dicen periodistas\u2026  Enormes sumas de dinero  se est\u00e1n otorgando  y  compromisos futuros en beneficios para esos involucrados y sus familias\u2026  Se han acercado a la que aqu\u00ed escribe,  m\u00e1s de una treintena de docentes, entre buenos amigos, vecinos, parientes y padres de familia, quienes hacen graves acusaciones al ser  enga\u00f1ados y  utilizados para fines de poder y control magisterial, oblig\u00e1ndolos a asistir a marchas y bloqueos\u2026 Algunos han defendido sus escuelas de personas ajenas, quienes se ostentan con credenciales,  como integrantes de Movimientos Magisteriales del CNTE para evitar que haya clases y los verdaderos maestros, defienden sus aulas y han tenido que dormir en los planteles para evitar tomas y continuar con las clases cotidianas\u2026 Estos maestros como muchos otros, lo menos que quieren es perjudicar a los alumnos y seguir laborando,  a\u00fan bajo protesta  y defendiendo su causa y lucha\u2026 Esos profesores, se\u00f1ores, nos merecen respeto, no los que les gusta la violencia, los paros laborales y bloqueo de avenidas, se\u00f1alando a todos por igual como Prensa vendida\u2026 Nos resta alertar a todos los maestros, que muchos  manifestantes, quienes bloquean calles y carreteras, no son docentes, sino impostores, orejas gubernamentales y hasta acarreados de Palacio de Gobierno\u2026 \u00bfC\u00f3mo explicamos esto?&#8230;<\/p>\n<p>Dudas y comentarios: <a href=\"mailto:claudiaguerreromtz@gmail.com\">claudiaguerreromtz@gmail.com<\/a><\/div>\n","protected":false},"excerpt":{"rendered":"<p>Claudia Guerrero Mart\u00ednezEntre lo ut\u00f3pico y lo verdadero Despu\u00e9s del nombramiento tan esperado de Mauricio Audirac Murillo a la Contralor\u00eda General del Estado, como lo hab\u00edamos anunciado en pasadas entregas, el nuevo funcionario asegura apretar tuercas en \u00e9sta dependencia estatal\u2026 Y dudamos que lo haga, pues el flamante empleado duartista, es reconocido como enmendador de [&hellip;]<\/p>\n","protected":false},"author":1,"featured_media":0,"comment_status":"open","ping_status":"open","sticky":false,"template":"","format":"standard","meta":{"_jetpack_newsletter_access":"","_jetpack_dont_email_post_to_subs":false,"_jetpack_newsletter_tier_id":0,"_jetpack_memberships_contains_paywalled_content":false,"_jetpack_memberships_contains_paid_content":false,"footnotes":""},"categories":[1],"tags":[],"class_list":["post-3549","post","type-post","status-publish","format-standard","hentry","category-sin-categoria"],"jetpack_featured_media_url":"","jetpack_sharing_enabled":true,"jetpack_shortlink":"https:\/\/wp.me\/p4Qcd3-Vf","_links":{"self":[{"href":"https:\/\/lospoliticosveracruz.com.mx\/index.php?rest_route=\/wp\/v2\/posts\/3549","targetHints":{"allow":["GET"]}}],"collection":[{"href":"https:\/\/lospoliticosveracruz.com.mx\/index.php?rest_route=\/wp\/v2\/posts"}],"about":[{"href":"https:\/\/lospoliticosveracruz.com.mx\/index.php?rest_route=\/wp\/v2\/types\/post"}],"author":[{"embeddable":true,"href":"https:\/\/lospoliticosveracruz.com.mx\/index.php?rest_route=\/wp\/v2\/users\/1"}],"replies":[{"embeddable":true,"href":"https:\/\/lospoliticosveracruz.com.mx\/index.php?rest_route=%2Fwp%2Fv2%2Fcomments&post=3549"}],"version-history":[{"count":0,"href":"https:\/\/lospoliticosveracruz.com.mx\/index.php?rest_route=\/wp\/v2\/posts\/3549\/revisions"}],"wp:attachment":[{"href":"https:\/\/lospoliticosveracruz.com.mx\/index.php?rest_route=%2Fwp%2Fv2%2Fmedia&parent=3549"}],"wp:term":[{"taxonomy":"category","embeddable":true,"href":"https:\/\/lospoliticosveracruz.com.mx\/index.php?rest_route=%2Fwp%2Fv2%2Fcategories&post=3549"},{"taxonomy":"post_tag","embeddable":true,"href":"https:\/\/lospoliticosveracruz.com.mx\/index.php?rest_route=%2Fwp%2Fv2%2Ftags&post=3549"}],"curies":[{"name":"wp","href":"https:\/\/api.w.org\/{rel}","templated":true}]}}