{"id":3550,"date":"2013-10-13T23:20:00","date_gmt":"2013-10-13T23:20:00","guid":{"rendered":"http:\/\/www.lospoliticosveracruz.com.mx\/?p=3550"},"modified":"2014-10-10T03:01:31","modified_gmt":"2014-10-10T03:01:31","slug":"el-impopular-movimiento-magisterial","status":"publish","type":"post","link":"https:\/\/lospoliticosveracruz.com.mx\/?p=3550","title":{"rendered":"El impopular movimiento magisterial"},"content":{"rendered":"<blockquote><p>* JDO y sus contradicciones <\/p><\/blockquote>\n<p><b>Marco Antonio Aguirre Rodr\u00edguez&nbsp;<\/b><br \/><i>M\u00edsticos y Terrenales&nbsp;<\/i><\/p>\n<p>Quisiera entender el porque de las acciones de fuerza que el movimiento magisterial emprende contra la poblaci\u00f3n y no les encuentro el sentido. <br \/>Aunque tal vez por estas \u00faltimas movilizaciones se los maestros bien podr\u00eda culparse de forma directa al gobernador de Veracruz, Javier Duarte, porque primero le dijo a los maestros que no habr\u00eda represalias por su movimiento y ahora les empezaron a realizar descuentos y levantamiento de actas administrativas. <br \/>Hasta les firmaron actas y minutas con esas seguridades. <br \/>Pero que los maestros sigan afectando a la poblaci\u00f3n, me hace pensar a veces que quienes est\u00e1n dirigiendo el movimiento lo que en realidad buscan es desprestigiarlo a tal nivel que los padres de familia y la poblaci\u00f3n en general terminen por rechazarlo y apoyar a la reforma laboral que les quieren implantar. <br \/>\u00bfEn verdad pensar\u00e1n los maestros, los de a pie, que la poblaci\u00f3n los apoya incondicionalmente cuando la est\u00e1n afectando?. <a name='more'><\/a><br \/>\u00bfEn qu\u00e9 basan su seguridad los maestros de que los padres de familia est\u00e1n conformes con la suspensi\u00f3n de clases?. <br \/>Imposible me resulta encontrarle una explicaci\u00f3n racional a que los maestros usen estas estrategias de golpeteo social en lugar de realizar labores de propaganda hacia la poblaci\u00f3n, sobre todo hacia los padres de familia, de porqu\u00e9 no es conveniente a los mexicanos la reforma educativa. <br \/>\u00bfSab\u00eda usted que una de las ampliaciones de la reforma educativa implica el impulsar las escuelas autogestivas para que los padres de familia sean los que se encarguen de obtener los recursos para su operaci\u00f3n?. <br \/>Pues bien, una escuela autogestiva significa, en t\u00e9rminos simples, que los padres de familia terminar\u00e1n por pagar todo (LA CIENCIA DESDE EL MACUILT\u00c9PETL: El Autob\u00fas de la Educaci\u00f3n, <a href=\"http:\/\/www.alef.mx\/vernota.php?\/65264\/LITERATURA\/LA-CIENCIA-DESDE-EL-MACUILTEPETL:-El-Autobus-de-la-Educacion-\">http:\/\/www.alef.mx\/vernota.php?\/65264\/LITERATURA\/LA-CIENCIA-DESDE-EL-MACUILTEPETL:-El-Autobus-de-la-Educacion-<\/a> ). <br \/>\u00bfEso no ser\u00eda un argumento harto convincente hacia los padres de familia?. <br \/>Otro elemento de propaganda que podr\u00edan usar de forma sustancial ser\u00eda el mencionar, simplemente, que no se les toma en cuenta para la implementaci\u00f3n de la reforma. <br \/>Porque, como dijo el exrector de la UNAM, Juan Ram\u00f3n de la Fuente, quien incluso est\u00e1 a favor de los cambios que se promueven desde la federaci\u00f3n, en los cambios se debe involucrar a los profesores, a quienes \u201cel gobierno tiene que hacerlos sus aliados y no sus adversarios\u201d (Las reformas en la educaci\u00f3n no se pueden hacer sin los maestros: De la Fuente, <a href=\"http:\/\/www.alef.mx\/vernota.php?\/65475\/CIENCIA\/Las-reformas-en-la-educacion-no-se-pueden-hacer-sin-los-maestros:-De-la-Fuente\">http:\/\/www.alef.mx\/vernota.php?\/65475\/CIENCIA\/Las-reformas-en-la-educacion-no-se-pueden-hacer-sin-los-maestros:-De-la-Fuente<\/a> ). <br \/>Tambi\u00e9n podr\u00edan hacer una fuerte argumentaci\u00f3n a favor de las formas de evaluaci\u00f3n que pretenden aplicarles y que no est\u00e1n dise\u00f1adas. Como dijo Silvia Figueroa Zamudio, ex rectora la Universidad Michoacana de San Nicol\u00e1s de Hidalgo, \u201ca pesar de las recomendaciones o presiones internacionales que puedan existir, debemos encontrar la medida exacta para nuestro sistema educativo, muy a la mexicana.\u201d <br \/>En lugar de hacer propaganda tan s\u00f3lo con estos temas los maestros bloquearon en la semana pasada las carreteras de Isla-Cosoleacaque, la Veracruz-M\u00e9xico frente a las oficinas de la SEV en Xalapa, el recinto portuario de Veracruz y la presa Yuriria, dejando sin agua a buena parte del sureste de Veracruz. <br \/>\u00bfCu\u00e1ntos de estos miles de afectados no habr\u00e1n cambiado su modo de ver el movimiento magisterial hacia una posici\u00f3n ya no favorable?. <br \/>Por eso, en ocasiones creo que los dirigentes del movimiento magisterial lo que buscan es el desprestigio del mismo a tal grado que nada ni nadie los defender\u00e1 cuando las reformas lleguen e incluso la poblaci\u00f3n aplaudir\u00e1 por cada mentor que vaya saliendo por no aprobar los ex\u00e1menes de capacidad para ejercer el magisterio. <br \/>Y en este panorama se tiene adem\u00e1s la confusi\u00f3n que el gobierno del estado de Veracruz genera en torno al movimiento magisterial, primero mostr\u00e1ndose tolerante, luego represivo, despu\u00e9s como aliado y finalmente autoritario. <br \/>Un maestro de los que no son parte de los seguidores del gobernador Javier Duarte dijo que estas oscilaciones muestran \u201clo inestable que es en sus posiciones\u201d. <br \/>Javier Duarte el 7 de octubre, de acuerdo con el comunicado 5193, dijo ser respetuoso del movimiento magisterial, pero tambi\u00e9n amag\u00f3 que \u201cel gobierno tiene la obligaci\u00f3n de cumplir y hacer cumplir lo que las leyes mandatan\u201d. <br \/>La amenaza de los descuentos y sanciones estaba vertida y oficializada. <br \/>El 10 de octubre sus declaraciones ya fueron m\u00e1s contundentes al decir que a partir de ese d\u00eda hab\u00edan comenzado a correr los descuentos y al amenazar que a los maestros faltistas se les podr\u00eda \u201csuplir\u201d. <br \/>Esto obviamente molest\u00f3 a los mentores, porque antes el mismo Javier Duarte hab\u00eda dicho que no habr\u00eda represalias contra ellos. <br \/>De hecho, el 20 de septiembre, Javier Duarte se reuni\u00f3n con varios de los representantes magisteriales, tanto reales como de los grupos que invent\u00f3 el gobierno del estado, como el veleidoso Movimiento Magisterial Popular Veracruzano, esto despu\u00e9s del violento desalojo que orden\u00f3 la noche del 15 de septiembre de la Plaza Lerdo de la capital del estado. <br \/>Incluso el 9 de septiembre, de acuerdo con el bolet\u00edn 4521, Javier Duarte se reuni\u00f3 con diversos grupos magisteriales afines a su gobierno, a los cuales les asegur\u00f3 que la Reforma Educativa y las leyes secundarias que de ella emanen no afectar\u00e1n los derechos laborales de los trabajadores de la educaci\u00f3n, \u201clos cuales en nuestra entidad est\u00e1n plenamente garantizados\u201d. <br \/>Una muestra de lo feliz que estaba con esas reuniones es la foto donde lo muestran con el Sindicato Magisterial del Estado de Veracruz, ubicada en <a href=\"http:\/\/www.comsocialver.gob.mx\/wp-content\/gallery\/gobernador-sindicatos\/01_simev.jpg\">http:\/\/www.comsocialver.gob.mx\/wp-content\/gallery\/gobernador-sindicatos\/01_simev.jpg<\/a> <br \/>\u00bfA poco no se ven todos radiantes y esperanzados?. <\/p>\n<div>COMUNIDADES SEGURAS. En la XXI Conferencia Internacional de Comunidades Seguras, \u201cCultura de la prevenci\u00f3n para construir entornos m\u00e1s seguros\u201d, una de las conferencias magistrales la impartir\u00e1 el subsecretario de Prevenci\u00f3n del Delito y Participaci\u00f3n Ciudadana, de la Secretar\u00eda de Gobernaci\u00f3n, con el tema \u201cLa prevenci\u00f3n como modelo a seguir en pa\u00edses de Hispanoam\u00e9rica\u201d. <br \/>Esto significa que el gobierno federal est\u00e1 moviendo sus pr\u00e1cticas hacia una forma diferente de llevar la seguridad p\u00fablica en M\u00e9xico. <br \/>El costo de asistencia a todo el evento es de 350 d\u00f3lares. <br \/>\u00bfEsto es un gasto elevado para quien debe garantizar una comunidad segura?<\/div>\n","protected":false},"excerpt":{"rendered":"<p>* JDO y sus contradicciones Marco Antonio Aguirre Rodr\u00edguez&nbsp;M\u00edsticos y Terrenales&nbsp; Quisiera entender el porque de las acciones de fuerza que el movimiento magisterial emprende contra la poblaci\u00f3n y no les encuentro el sentido. Aunque tal vez por estas \u00faltimas movilizaciones se los maestros bien podr\u00eda culparse de forma directa al gobernador de Veracruz, Javier [&hellip;]<\/p>\n","protected":false},"author":1,"featured_media":0,"comment_status":"open","ping_status":"open","sticky":false,"template":"","format":"standard","meta":{"_jetpack_newsletter_access":"","_jetpack_dont_email_post_to_subs":false,"_jetpack_newsletter_tier_id":0,"_jetpack_memberships_contains_paywalled_content":false,"_jetpack_memberships_contains_paid_content":false,"footnotes":""},"categories":[1],"tags":[],"class_list":["post-3550","post","type-post","status-publish","format-standard","hentry","category-sin-categoria"],"jetpack_featured_media_url":"","jetpack_sharing_enabled":true,"jetpack_shortlink":"https:\/\/wp.me\/p4Qcd3-Vg","_links":{"self":[{"href":"https:\/\/lospoliticosveracruz.com.mx\/index.php?rest_route=\/wp\/v2\/posts\/3550","targetHints":{"allow":["GET"]}}],"collection":[{"href":"https:\/\/lospoliticosveracruz.com.mx\/index.php?rest_route=\/wp\/v2\/posts"}],"about":[{"href":"https:\/\/lospoliticosveracruz.com.mx\/index.php?rest_route=\/wp\/v2\/types\/post"}],"author":[{"embeddable":true,"href":"https:\/\/lospoliticosveracruz.com.mx\/index.php?rest_route=\/wp\/v2\/users\/1"}],"replies":[{"embeddable":true,"href":"https:\/\/lospoliticosveracruz.com.mx\/index.php?rest_route=%2Fwp%2Fv2%2Fcomments&post=3550"}],"version-history":[{"count":0,"href":"https:\/\/lospoliticosveracruz.com.mx\/index.php?rest_route=\/wp\/v2\/posts\/3550\/revisions"}],"wp:attachment":[{"href":"https:\/\/lospoliticosveracruz.com.mx\/index.php?rest_route=%2Fwp%2Fv2%2Fmedia&parent=3550"}],"wp:term":[{"taxonomy":"category","embeddable":true,"href":"https:\/\/lospoliticosveracruz.com.mx\/index.php?rest_route=%2Fwp%2Fv2%2Fcategories&post=3550"},{"taxonomy":"post_tag","embeddable":true,"href":"https:\/\/lospoliticosveracruz.com.mx\/index.php?rest_route=%2Fwp%2Fv2%2Ftags&post=3550"}],"curies":[{"name":"wp","href":"https:\/\/api.w.org\/{rel}","templated":true}]}}