{"id":3551,"date":"2013-10-13T20:44:00","date_gmt":"2013-10-13T20:44:00","guid":{"rendered":"http:\/\/www.lospoliticosveracruz.com.mx\/?p=3551"},"modified":"2014-10-10T03:01:31","modified_gmt":"2014-10-10T03:01:31","slug":"opciones-educativas-prioridad-inminente","status":"publish","type":"post","link":"https:\/\/lospoliticosveracruz.com.mx\/?p=3551","title":{"rendered":"Opciones educativas prioridad inminente"},"content":{"rendered":"<p><b>Rodrigo Montoya Rivera&nbsp;<\/b><br \/><i>Ideas&nbsp;<\/i><\/p>\n<p>Transcurre el mes de octubre y las manifestaciones de los docentes, en particular los de la Coordinadora Nacional de Trabajadores de la Educaci\u00f3n la \u201cCNTE\u201d no disminuyen, las bases magisteriales en algunos lugares han rebasado por mucho a sus dirigentes y buscan hacerse escuchar a trav\u00e9s de m\u00e9todos cada vez menos tolerantes, ante lo que sin duda alguna es una crisis educativa. <br \/>La semana pasada en un ejercicio realizado en el aula de clases de la Facultad de Derecho de la Universidad Veracruzana en la clase de Teor\u00eda del Estado impartida por el Licenciado Guillermo S\u00e1nchez Vaca, hac\u00edamos un ejercicio sobre nuestras posturas en favor o en contra de la reforma educativa, muchos de nosotros intercambiamos datos y puntos de vista sobre este tema que hoy en d\u00eda no hay peri\u00f3dico ni persona que no hable u opine de \u00e9l. <a name='more'><\/a><br \/>Aunque las opiniones son diversas y cada quien tiene su punto de vista muy respetable por cierto, lo lamentable es que muchas veces pagan justos por pecadores, los ciudadanos por ejemplo al no poder trasladarse de un lugar a otro por el cierre de calles o los alumnos que pierden clases y en consecuencia tiempo. <br \/>El s\u00e1bado le\u00eda en un portal de noticias de car\u00e1cter estatal, que la Universidad Popular Aut\u00f3noma de Veracruz tiene una creciente aceptaci\u00f3n entre su alumnado. La estudiante de la carrera de administraci\u00f3n de empresas Elsa Beatriz S\u00e1nchez Miranda reconoc\u00eda el trabajo del Gobernador Javier Duarte de Ochoa y del Rector Guillermo Z\u00fa\u00f1iga Mart\u00ednez, este \u00faltimo desde que tom\u00f3 las riendas de esta instituci\u00f3n ha cimentado las bases de una educaci\u00f3n seria y humanista. <br \/>Alguna vez escuche decir al Profesor Z\u00fa\u00f1iga, cuando fung\u00eda como director del IVEA, que \u201cense\u00f1ar a los que menos tienen es un acto de amor y patriotismo\u201d por lo que creo que el trabajo que realiza esta universidad de ya no tan reciente creaci\u00f3n ha tenido buenos resultados. <br \/>En casi 3 a\u00f1os haber logrado que generaciones completas de estudiantes de diversas licenciaturas, obtuvieran un t\u00edtulo universitario gracias a su esfuerzo y perseverancia cada s\u00e1bado, es dotarlos de armas para salir al competido mundo laboral. La universidad que dirige Guillermo Z\u00fa\u00f1iga Mart\u00ednez, ha llegado a casi todos los rincones del estado y ha permitido que j\u00f3venes contin\u00faen prepar\u00e1ndose, adem\u00e1s que quienes no tuvieron en un principio la oportunidad de prepararse, lo hagan ahora. <br \/>Ante una situaci\u00f3n dif\u00edcil y de prolongada soluci\u00f3n como se vislumbra hasta el momento, las opciones educativas serias e innovadoras pueden resultar \u00fatiles para quienes tienen deseos de superaci\u00f3n. Es obligaci\u00f3n del estado dotar de educaci\u00f3n calificada a las nuevas generaciones, es obligaci\u00f3n de los maestros luchar por sus ideales bien fundamentados y obligaci\u00f3n de los estudiantes y la ciudadan\u00eda conocer las opciones que den certeza educativa y preparaci\u00f3n de calidad. <\/p>\n<p>Comentarios: <a href=\"mailto:rodrigomontoya91@hotmail.com\">rodrigomontoya91@hotmail.com<\/a> <br \/>Twitter: @RodrigoMontoyaR<\/p>\n","protected":false},"excerpt":{"rendered":"<p>Rodrigo Montoya Rivera&nbsp;Ideas&nbsp; Transcurre el mes de octubre y las manifestaciones de los docentes, en particular los de la Coordinadora Nacional de Trabajadores de la Educaci\u00f3n la \u201cCNTE\u201d no disminuyen, las bases magisteriales en algunos lugares han rebasado por mucho a sus dirigentes y buscan hacerse escuchar a trav\u00e9s de m\u00e9todos cada vez menos tolerantes, [&hellip;]<\/p>\n","protected":false},"author":1,"featured_media":0,"comment_status":"open","ping_status":"open","sticky":false,"template":"","format":"standard","meta":{"_jetpack_newsletter_access":"","_jetpack_dont_email_post_to_subs":false,"_jetpack_newsletter_tier_id":0,"_jetpack_memberships_contains_paywalled_content":false,"_jetpack_memberships_contains_paid_content":false,"footnotes":""},"categories":[1],"tags":[],"class_list":["post-3551","post","type-post","status-publish","format-standard","hentry","category-sin-categoria"],"jetpack_featured_media_url":"","jetpack_sharing_enabled":true,"jetpack_shortlink":"https:\/\/wp.me\/p4Qcd3-Vh","_links":{"self":[{"href":"https:\/\/lospoliticosveracruz.com.mx\/index.php?rest_route=\/wp\/v2\/posts\/3551","targetHints":{"allow":["GET"]}}],"collection":[{"href":"https:\/\/lospoliticosveracruz.com.mx\/index.php?rest_route=\/wp\/v2\/posts"}],"about":[{"href":"https:\/\/lospoliticosveracruz.com.mx\/index.php?rest_route=\/wp\/v2\/types\/post"}],"author":[{"embeddable":true,"href":"https:\/\/lospoliticosveracruz.com.mx\/index.php?rest_route=\/wp\/v2\/users\/1"}],"replies":[{"embeddable":true,"href":"https:\/\/lospoliticosveracruz.com.mx\/index.php?rest_route=%2Fwp%2Fv2%2Fcomments&post=3551"}],"version-history":[{"count":0,"href":"https:\/\/lospoliticosveracruz.com.mx\/index.php?rest_route=\/wp\/v2\/posts\/3551\/revisions"}],"wp:attachment":[{"href":"https:\/\/lospoliticosveracruz.com.mx\/index.php?rest_route=%2Fwp%2Fv2%2Fmedia&parent=3551"}],"wp:term":[{"taxonomy":"category","embeddable":true,"href":"https:\/\/lospoliticosveracruz.com.mx\/index.php?rest_route=%2Fwp%2Fv2%2Fcategories&post=3551"},{"taxonomy":"post_tag","embeddable":true,"href":"https:\/\/lospoliticosveracruz.com.mx\/index.php?rest_route=%2Fwp%2Fv2%2Ftags&post=3551"}],"curies":[{"name":"wp","href":"https:\/\/api.w.org\/{rel}","templated":true}]}}