{"id":3552,"date":"2013-10-13T20:25:00","date_gmt":"2013-10-13T20:25:00","guid":{"rendered":"http:\/\/www.lospoliticosveracruz.com.mx\/?p=3552"},"modified":"2014-10-10T03:01:31","modified_gmt":"2014-10-10T03:01:31","slug":"lo-antiguo-pero-bueno","status":"publish","type":"post","link":"https:\/\/lospoliticosveracruz.com.mx\/?p=3552","title":{"rendered":"\u00bfLo antiguo pero bueno?"},"content":{"rendered":"<p><b>Eva Varona<\/b><\/p>\n<div><i>Cuando las piedras hablan&#8230;<\/i><\/p>\n<p>Hace un mes fui a  misa\u2026 as\u00ed es aunque soy de las pocas afortunadas que tuve una educaci\u00f3n sin presiones religiosas, ya de grande y con toda la conciencia del mundo eleg\u00ed creer en un dios, pero no soy tan devota debo confesar, a la iglesia vamos, mi familia y yo por un motivo personal cada a\u00f1o\u2026creo que m\u00e1s por un consuelo que por devoci\u00f3n.<br \/>Cada a\u00f1o nos tocaba el mismo sacerdote ancianito con lento caminar, cuyos sermones eran m\u00e1s bien reproches de una vida que nunca comprendi\u00f3.<br \/>Bien, la misa no duraba m\u00e1s de 40 minutos y siempre \u00e9ramos a lo mucho 10 personas.<a name='more'><\/a><br \/>Pero este domingo era distinto; nosotros puntuales a misa de 9; caminando rumbo a la promesa de cada a\u00f1o\u2026comenzamos a percibir una m\u00fasica que se acompa\u00f1aba estruendosa de una  bater\u00eda y un bajo bastante bien afinado y \u00a1con buffer independiente!<br \/>Entrando al recinto, percibimos los puestos de antojitos por un lado y por el otro; un muro repleto de fotograf\u00edas de beb\u00e9s y fetos a lo que inmediatamente supe, que era algo relacionado al aborto.<br \/>Nuestra cara de adormilados se transform\u00f3 en rareza; dibujaba leves sonrisas que trataban de corresponder a las blancas y celestiales de las personas que estaban dentro.<br \/>Los coros cantaban y la bater\u00eda sonaba\u2026aquello era m\u00e1s bien un festival.<br \/>Como siempre caminamos hacia la fila despejada y nos sentamos extra\u00f1ados del momento que antes era apesadumbrado hoy era definitivamente una fiesta celestial.<br \/>Claro; el sacerdote era nuevo, m\u00e1s joven y por lo que se ve, con mucho m\u00e1s ideas nuevas.<br \/>No alargar\u00e9 lo que dejar\u00e9 para mi memoria, de un momento que podr\u00eda definir entre un programa de Chabelo y una escena de esas pel\u00edculas que pasan en semana santa.<br \/>Y no; no fue una tortura pero tampoco muy c\u00f3modo, aunque nos hab\u00edamos acostumbrado a los 40 minutos ahora se extendi\u00f3 a \u00a1una hora y media!<br \/>Fue un servicio muy peculiar pues al finalizar el sacerdote, tom\u00f3 unos minutos de nuestro tiempo (30\u2026) para darnos a conocer unos anuncios y promociones\u2026 as\u00ed es.<br \/>Claro que todo giraba en base a su congregaci\u00f3n y las festividades, y casi como en una conferencia de prensa daba a conocer la agenda informativa de Octubre, con festividades, eventos y recaudaciones!<br \/>Faltaba un reflector que mostrara la pantalla plana que estaban rifando para conseguir recursos, para remodelaci\u00f3n de no s\u00e9 qu\u00e9 cosa de la iglesia.<br \/>Todo aquello que era m\u00e1s bien un festival de la comunidad, me puso los pies sobre la tierra.<br \/>No puedo negar que en cuanto el sacerdote daba los anuncios de las pl\u00e1ticas y exposiciones, lo primero que pens\u00e9 fue: \u201csi lo subiera a su facebook tendr\u00eda m\u00e1s difusi\u00f3n\u201d<br \/>Como hemos platicado innumerables veces en internet hay p\u00fablico para todo; a\u00fan me llega esa invitaci\u00f3n feisbuquera que me pide el like para Jes\u00fas y as\u00ed demostrar que tiene muchos amigos o algo as\u00ed.<br \/>\u00bfY qu\u00e9 creen?<br \/>Jes\u00fas Cristo tiene en el Facebook 759 679 amigos; bueno ese en uno de tantos fan page que cuenta.<br \/>Aquello me hizo recordar que hay cosas que no debemos olvidar, como la permanencia de los canales de informaci\u00f3n.<br \/>En aquel domingo y de las innumerables familias presentes, no vi ninguna que sacara su Tablet o su celular.<br \/>Todos estaban atentos a los anuncios que conformaban todo un sistema comunicativo a la antigua, con medios impresos en forma de volantes y folletos; por supuesto que esto no desaparece a\u00fan, pero no podemos negar que su funcionalidad se reduce considerablemente ante la imponente presencia de las redes sociales.<br \/>Y sin embargo no pude evitar cuestionarme sobre si aquello era s\u00f3lo los remanentes de periodismo tradicional.<br \/>Tal vez s\u00ed; somos testigos de lo que alg\u00fan d\u00eda fue la principal fuente de la informaci\u00f3n, los peri\u00f3dicos, y del inimaginable poder que llegaron a sustentar.<br \/>Qui\u00e9n puede olvidar que por ejemplo, el Diario de Xalapa era el santo grial de los peri\u00f3dicos xalape\u00f1os, intocable, inamovible, incuestionable.<br \/>Ahora no solo de ese medio impreso se debate sobre su permanencia, por supuesto los peri\u00f3dicos siguen siendo un medio m\u00e1s econ\u00f3mico que un dispositivo m\u00f3vil o tableta.<br \/>Y por supuesto que hablo de un tema muy local, en provincia los peri\u00f3dicos son relevantes porque en base a su bajo costo sigue siendo el medio de comunicaci\u00f3n que est\u00e1 m\u00e1s a la mano de todos.<br \/>Aunque la participaci\u00f3n ciudadana con la finalidad de informar se ha disparado \u00faltimamente, una oleada de productos digitales se han abarato al grado de estar al alcance de todos los bolsillos.<br \/>Innegable que los peri\u00f3dicos deben revolucionar, deben adecuarse a los tiempos y las necesidades de su comunidad, de no hacerlo est\u00e1n destinados a la extinci\u00f3n.<\/p>\n<p><a href=\"mailto:lavaronita@hotmail.com\">lavaronita@hotmail.com<\/a><\/div>\n","protected":false},"excerpt":{"rendered":"<p>Eva Varona Cuando las piedras hablan&#8230; Hace un mes fui a misa\u2026 as\u00ed es aunque soy de las pocas afortunadas que tuve una educaci\u00f3n sin presiones religiosas, ya de grande y con toda la conciencia del mundo eleg\u00ed creer en un dios, pero no soy tan devota debo confesar, a la iglesia vamos, mi familia [&hellip;]<\/p>\n","protected":false},"author":1,"featured_media":0,"comment_status":"open","ping_status":"open","sticky":false,"template":"","format":"standard","meta":{"_jetpack_newsletter_access":"","_jetpack_dont_email_post_to_subs":false,"_jetpack_newsletter_tier_id":0,"_jetpack_memberships_contains_paywalled_content":false,"_jetpack_memberships_contains_paid_content":false,"footnotes":""},"categories":[1],"tags":[],"class_list":["post-3552","post","type-post","status-publish","format-standard","hentry","category-sin-categoria"],"jetpack_featured_media_url":"","jetpack_sharing_enabled":true,"jetpack_shortlink":"https:\/\/wp.me\/p4Qcd3-Vi","_links":{"self":[{"href":"https:\/\/lospoliticosveracruz.com.mx\/index.php?rest_route=\/wp\/v2\/posts\/3552","targetHints":{"allow":["GET"]}}],"collection":[{"href":"https:\/\/lospoliticosveracruz.com.mx\/index.php?rest_route=\/wp\/v2\/posts"}],"about":[{"href":"https:\/\/lospoliticosveracruz.com.mx\/index.php?rest_route=\/wp\/v2\/types\/post"}],"author":[{"embeddable":true,"href":"https:\/\/lospoliticosveracruz.com.mx\/index.php?rest_route=\/wp\/v2\/users\/1"}],"replies":[{"embeddable":true,"href":"https:\/\/lospoliticosveracruz.com.mx\/index.php?rest_route=%2Fwp%2Fv2%2Fcomments&post=3552"}],"version-history":[{"count":0,"href":"https:\/\/lospoliticosveracruz.com.mx\/index.php?rest_route=\/wp\/v2\/posts\/3552\/revisions"}],"wp:attachment":[{"href":"https:\/\/lospoliticosveracruz.com.mx\/index.php?rest_route=%2Fwp%2Fv2%2Fmedia&parent=3552"}],"wp:term":[{"taxonomy":"category","embeddable":true,"href":"https:\/\/lospoliticosveracruz.com.mx\/index.php?rest_route=%2Fwp%2Fv2%2Fcategories&post=3552"},{"taxonomy":"post_tag","embeddable":true,"href":"https:\/\/lospoliticosveracruz.com.mx\/index.php?rest_route=%2Fwp%2Fv2%2Ftags&post=3552"}],"curies":[{"name":"wp","href":"https:\/\/api.w.org\/{rel}","templated":true}]}}