{"id":3555,"date":"2013-10-11T16:49:00","date_gmt":"2013-10-11T16:49:00","guid":{"rendered":"http:\/\/www.lospoliticosveracruz.com.mx\/?p=3555"},"modified":"2014-10-10T03:01:31","modified_gmt":"2014-10-10T03:01:31","slug":"gobierno-desafiado","status":"publish","type":"post","link":"https:\/\/lospoliticosveracruz.com.mx\/?p=3555","title":{"rendered":"Gobierno desafiado"},"content":{"rendered":"<p><b>Gabriel Arellano L\u00f3pez<\/b><\/p>\n<div>\n<div>\n<div><i>Escenario<\/i><\/div>\n<div><\/div>\n<div>El momento actual se constituye en una prueba de fuego para el gobierno de Javier Duarte frente a la actividad desafiante asumida por los grupos magisteriales que se han dado a la tarea de ejecutar bloqueos de carreteras, tomar edificios p\u00fablicos y generar un clima de anarqu\u00eda que los veracruzanos rechazamos.<br \/> &nbsp; &nbsp; &nbsp; &nbsp; &nbsp; &nbsp; &nbsp;Como aqu\u00ed lo anticipamos, se cumpli\u00f3 con el prop\u00f3sito de anunciarles a los profesores en paro que se proceder\u00eda a aplicarles la ley de continuar en su postura de no regresar a dar clases a miles de ni\u00f1os y j\u00f3venes que llevan semanas sin poder iniciar el ciclo escolar 2013-14.<a name='more'><\/a><br \/> &nbsp; &nbsp; &nbsp; &nbsp; &nbsp; &nbsp; &nbsp;Tambi\u00e9n se\u00f1alamos que la reacci\u00f3n ser\u00eda violenta, desafiante, y as\u00ed ha ocurrido. Los mentores se atrevieron incluso a paralizar la actividad comercial de Veracruz, al apoderarse del recinto portuario, que los llev\u00f3, incluso, a un enfrentamiento con traileros, aunque por fortuna sin mayores consecuencias.<br \/> &nbsp; &nbsp; &nbsp; &nbsp; &nbsp; &nbsp; &nbsp; A la aplicaci\u00f3n de la ley, los se\u00f1ores profesores no han dudado en llamarle intimidaci\u00f3n, amenaza, intentando victimizarse en este asunto que ha generado ya much\u00edsimos conflictos a la sociedad, misma que empieza a perder simpat\u00eda por el movimiento magisterial.<\/div>\n<div>Los profesores parecen desesperados. Su agresividad la han tenido que soportar particularmente algunos reporteros y fot\u00f3grafos de prensa, para quienes han proliferado insultos francamente de gran bajeza pero, sobre todo, inmerecidos.<br \/>             Los miembros del magisterio que insisten en no retornar a los salones de clases, han construido un escenario de abierto desaf\u00edo al gobierno estatal, cuya actitud de tolerancia acaso sea interpretada como debilidad por los maestros.<br \/>             Contextualizado as\u00ed el problema, es hora de que la administraci\u00f3n Duarte no ceda ni un paso en aras de llevar a cabo las acciones que anunci\u00f3 el secretario Adolfo Mota Hern\u00e1ndez, quien debe ser de los primer\u00edsimos interesados en que as\u00ed sea, pues su posici\u00f3n parece pender de un alfiler y hoy en d\u00eda lo dan por renunciado al cargo de titular en la SEV.<br \/>             Duarte deber\u00e1, entonces, demostrar que su gobierno no es d\u00e9bil y que si bien apuesta por la tolerancia y el di\u00e1logo, el magisterio en protesta tendr\u00e1 las pruebas de que sabe aplicar la ley. Al menos en este caso. No puede ser de otra forma si no desea el mandatario fomentar un clima de ingobernabilidad.<\/p>\n<p>AMERICO<br \/>             Una guarder\u00eda propiedad de la se\u00f1ora Guillermina Mart\u00ednez de Z\u00fa\u00f1iga, madre de Am\u00e9rico, esposa del maestro Guillermo Z\u00fa\u00f1iga, fue visitada por los amantes de lo ajeno.<br \/> &nbsp; &nbsp; &nbsp; &nbsp; &nbsp; &nbsp; &nbsp;Se trata de una guarder\u00eda que no est\u00e1 ubicada en las orillas de la ciudad, ni en alguna colonia obscura, sino en la calle Dalia, colindando con la c\u00e9ntrica Ignacio de la Llave, en la confluencia con la avenida Ruiz Cortines.<br \/> Es de imaginarse cu\u00e1n irrespetuosa anda la delincuencia en Xalapa, si se atreven a introducirse para cometer su latrocinio en una propiedad de la se\u00f1ora madre del presidente municipal electo.<br \/> Esto dar\u00e1 idea al propio Am\u00e9rico de cu\u00e1l es la situaci\u00f3n real de inseguridad imperante en la capital, en el municipio que se prepara a gobernar a partir del 1 de enero.<br \/> Pero tambi\u00e9n debe darle pauta al diputado con licencia para pedir, exigir, al gobierno estatal y concretamente a la Secretar\u00eda de Seguridad P\u00fablica que se vuelva menos ineficiente en lo que respecta a la vigilancia en esta ciudad.<\/p>\n<p>\u00bfCAMBIO EN LA CONTRALORIA?<br \/> &nbsp; &nbsp; &nbsp; &nbsp; &nbsp; &nbsp; &nbsp;Aunque fue relevado ya el titular y con esto se vio que el gobernador Duarte le cumpli\u00f3 su palabra a Mauricio Audirac, ahora que \u201cfueron\u201d a Iv\u00e1n L\u00f3pez, habr\u00e1 que preguntarse si en realidad habr\u00e1 cambios en la Contralor\u00eda General del Estado.<br \/> &nbsp; &nbsp; &nbsp; &nbsp; &nbsp; &nbsp; &nbsp;Y es que la fama p\u00fablica se encarg\u00f3 de ubicar muy mal al hoy ex contralor, un personaje al que se le atribuyen muchos pecadillos que tienen que ver con el estado de las cuentas p\u00fablicas en dependencias estatales y, en particular, en ayuntamientos.<br \/> &nbsp; &nbsp; &nbsp; &nbsp; &nbsp; &nbsp; &nbsp;No es un secreto c\u00f3mo se ha ventilado su aparente control de despachos contables a los que se les contrata para enderezar las malas administraciones de entes gubernamentales, incluyendo al ayuntamiento de Xalapa, donde entre m\u00e1s se acerca el fin del ciclo de Elizabeth Morales m\u00e1s es el esti\u00e9rcol que se va conociendo sobre su desgobierno.<br \/> &nbsp; &nbsp; &nbsp; &nbsp; &nbsp; &nbsp; &nbsp;El propio Audirac result\u00f3 ser el a\u00f1o pasado una v\u00edctima de Iv\u00e1n, quien habr\u00eda puesto en juego todas sus armas para desbarrancar la permanencia de Mauricio en el Orfis por un nuevo periodo, para colocar de paso a su amigo Lorenzo Antonio Portilla, objetivo que consigui\u00f3.<br \/> &nbsp; &nbsp; &nbsp; &nbsp; &nbsp; &nbsp; &nbsp;Hoy Audirac llega a ocupar la silla que le quitaron a su enemigo y desde all\u00ed tendr\u00e1 acceso a informaci\u00f3n muy apreciable para enterarse de las tranzas en las que pudo haber incurrido su antecesor, cuyo enriquecimiento es otro de los milagritos que consigui\u00f3 en el ejercicio del poder que detent\u00f3 desde su oficina en el mism\u00edsimo Palacio de Gobierno.<br \/> &nbsp; &nbsp; &nbsp; &nbsp; &nbsp; &nbsp; &nbsp;Ya se ver\u00e1 si el cambio es real o no en la Contralor\u00eda.<\/div>\n<div>NUMERALIA<br \/> 1.- \u00bfQui\u00e9n es el reci\u00e9n nombrado funcionario de la Secretar\u00eda de Gobierno que encuadra en el delito de acoso sexual con alevos\u00eda y ventaja? Es de esos personajes que no rompe un plato, pero ya le arman su expediente para lo que se ofrezca. As\u00ed lo comenta J.M. Pasado en su le\u00edda columna Nada Personal del diario Marcha de Sa\u00fal Contreras Beltr\u00e1n.<br \/>             Escr\u00edbanos a <a href=\"mailto:gabrielarellano.heraldo@gmail.com\">gabrielarellano.heraldo@gmail.com<\/a><\/div>\n<\/div>\n<\/div>\n","protected":false},"excerpt":{"rendered":"<p>Gabriel Arellano L\u00f3pez Escenario El momento actual se constituye en una prueba de fuego para el gobierno de Javier Duarte frente a la actividad desafiante asumida por los grupos magisteriales que se han dado a la tarea de ejecutar bloqueos de carreteras, tomar edificios p\u00fablicos y generar un clima de anarqu\u00eda que los veracruzanos rechazamos. [&hellip;]<\/p>\n","protected":false},"author":1,"featured_media":0,"comment_status":"open","ping_status":"open","sticky":false,"template":"","format":"standard","meta":{"_jetpack_newsletter_access":"","_jetpack_dont_email_post_to_subs":false,"_jetpack_newsletter_tier_id":0,"_jetpack_memberships_contains_paywalled_content":false,"_jetpack_memberships_contains_paid_content":false,"footnotes":""},"categories":[1],"tags":[],"class_list":["post-3555","post","type-post","status-publish","format-standard","hentry","category-sin-categoria"],"jetpack_featured_media_url":"","jetpack_sharing_enabled":true,"jetpack_shortlink":"https:\/\/wp.me\/p4Qcd3-Vl","_links":{"self":[{"href":"https:\/\/lospoliticosveracruz.com.mx\/index.php?rest_route=\/wp\/v2\/posts\/3555","targetHints":{"allow":["GET"]}}],"collection":[{"href":"https:\/\/lospoliticosveracruz.com.mx\/index.php?rest_route=\/wp\/v2\/posts"}],"about":[{"href":"https:\/\/lospoliticosveracruz.com.mx\/index.php?rest_route=\/wp\/v2\/types\/post"}],"author":[{"embeddable":true,"href":"https:\/\/lospoliticosveracruz.com.mx\/index.php?rest_route=\/wp\/v2\/users\/1"}],"replies":[{"embeddable":true,"href":"https:\/\/lospoliticosveracruz.com.mx\/index.php?rest_route=%2Fwp%2Fv2%2Fcomments&post=3555"}],"version-history":[{"count":0,"href":"https:\/\/lospoliticosveracruz.com.mx\/index.php?rest_route=\/wp\/v2\/posts\/3555\/revisions"}],"wp:attachment":[{"href":"https:\/\/lospoliticosveracruz.com.mx\/index.php?rest_route=%2Fwp%2Fv2%2Fmedia&parent=3555"}],"wp:term":[{"taxonomy":"category","embeddable":true,"href":"https:\/\/lospoliticosveracruz.com.mx\/index.php?rest_route=%2Fwp%2Fv2%2Fcategories&post=3555"},{"taxonomy":"post_tag","embeddable":true,"href":"https:\/\/lospoliticosveracruz.com.mx\/index.php?rest_route=%2Fwp%2Fv2%2Ftags&post=3555"}],"curies":[{"name":"wp","href":"https:\/\/api.w.org\/{rel}","templated":true}]}}