{"id":3556,"date":"2013-10-11T12:31:00","date_gmt":"2013-10-11T12:31:00","guid":{"rendered":"http:\/\/www.lospoliticosveracruz.com.mx\/?p=3556"},"modified":"2014-10-10T03:01:31","modified_gmt":"2014-10-10T03:01:31","slug":"el-cinismo-de-mota","status":"publish","type":"post","link":"https:\/\/lospoliticosveracruz.com.mx\/?p=3556","title":{"rendered":"El cinismo de Mota"},"content":{"rendered":"<div style=\"clear: both; text-align: center;\"><\/div>\n<p><a href=\"http:\/\/www.lospoliticosveracruz.com.mx\/wp-content\/uploads\/2013\/10\/Jardi-CC-81n.jpg\" style=\"margin-left: 1em; margin-right: 1em;\"><img loading=\"lazy\" decoding=\"async\" border=\"0\" height=\"240\" src=\"http:\/\/www.lospoliticosveracruz.com.mx\/wp-content\/uploads\/2013\/10\/Jardi-CC-81n-300x225.jpg\" style=\"cursor: move;\" width=\"320\" \/><\/a><br \/><b><br \/><\/b><b>Salvador Mu\u00f1oz<\/b><br \/><i>Los Pol\u00edticos<\/i><\/p>\n<p>No entiendo con qu\u00e9 cara sale Adolfo Mota a decir que el Gobierno del Estado est\u00e1 obligado a garantizar el acceso a la educaci\u00f3n a todos los veracruzanos\u2026<br \/>La obviedad se vuelve demagogia en un discurso tan trillado que m\u00e1s que alentador, parece amenazador.<br \/>Inici\u00f3 la SEV ayer, jueves, una revisi\u00f3n puntual de todos los planteles de la entidad para verificar que los docentes cumplan con su responsabilidad legal de dar clases.<br \/>Ojal\u00e1 ese \u00edmpetu que pone Adolfo Mota a sus palabras las encaminara, no en checar si hay o no maestros\u2026 sino en conocer, primero, las escuelas de Veracruz, y segundo, las condiciones tanto en la que maestros dan clases como los alumnos las reciben.<br \/>Le cuento:<br \/>El jard\u00edn de ni\u00f1os se llama \u201cProfra. Mar\u00eda Beltr\u00e1n Vallecillo\u201d. \u00a1Exacto! El nombre de la madre de Fidel Herrera Beltr\u00e1n. <br \/><a name='more'><\/a>Se ubica en Miradores, municipio de Emiliano Zapata. El pasado mi\u00e9rcoles, hubo dos visitas a esta escuela. La primera fue por parte de personal del Inegi. Hicieron el censo para conocer el n\u00famero de alumnos, maestros y la infraestructura del plantel. La segunda visita, cerca de las 10 am, fue de cuatro personas: el director de Homex Xalapa con un empleado de la misma empresa as\u00ed como dos personas m\u00e1s para informar a los maestros que la casa que fue prestada por parte de la empresa al Jard\u00edn, ya estaba vendida y les dan una semana \u00a1para desalojar!<br \/>Este jueves pasado, maestros, padres de familia y peque\u00f1os del jard\u00edn que lleva el nombre de la madre de Fidel Herrera Beltr\u00e1n, se reunieron en la SEV para exponer a las autoridades educativas la situaci\u00f3n.<br \/>Eran las nueve horas y algunos empleados, al notar su presencia, preguntaron el motivo de su presencia. Las educadoras explicaron y ellos tomaban nota. Para eso, una comitiva encabezada por la directora entr\u00f3 a la SEV en espera de ser atendida. Tras media hora de indiferencia por parte de las autoridades a dicha comitiva, el grupo que estaba afuera decidi\u00f3 abrir cartulinas con leyendas como \u201cHomex me prestaba una rec\u00e1mara para tomar clases, hoy me desalojan, \u00bfSEV, qu\u00e9 nos vas a dar tu hoy?\u201d entre otras. Consignas de \u201cQueremos aulas\u201d, por parte de padres y alumnos hicieron que empleados de la instituci\u00f3n se acercaran pidiendo bajar las cartulinas y rega\u00f1\u00e1ndolos, \u201cque no era la manera correcta de expresarse\u201d, que no hicieran tanto \u201cbarullo\u201d pues los medios de comunicaci\u00f3n podr\u00edan enterarse de la situaci\u00f3n. Adentro, ped\u00edan a la directora que calmara a los padres de familia que hac\u00edan alboroto.<br \/>Los padres, a pesar de todo, no bajaron la guardia y respondieron que hasta que no obtuvieran una respuesta favorable, no callar\u00edan. Les ofrecieron pasar a un auditorio \u201cpara que estuvieran m\u00e1s c\u00f3modos\u201d. Por favor, no se r\u00eda. Desconozco si les ofrecieron caf\u00e9 y galletitas. Pero no aceptaron.<br \/>Pas\u00f3 el tiempo y no hubo respuesta favorable, ya que la SEV, les dijo, \u201cno cuenta con recursos para poder resolver el problema\u201d y dio tres soluciones posibles:<\/p>\n<p>1) Agilizar el tr\u00e1mite en Espacios Educativos para as\u00ed construir aulas dignas\u2026 o sea, qui\u00e9n sabe para cu\u00e1ndo&#8230;<\/p>\n<p>2) A mediano plazo, la renta de una casa, cerca del Jard\u00edn. Una parte pagar\u00eda la SEV y la otra parte los padres de familia\u2026<\/p>\n<p>3)  A corto plazo, darles un aula \u201ctipo carpa\u201d (solo una) para atender ah\u00ed a los 4 grupos que se quedan sin escuela.<\/p>\n<p>Los padres de familia no estuvieron conformes con estas soluciones y ante la falta de respuestas, ellos encontraron una: \u00a1tomar clases este viernes, en la explanada de la SEV!<br \/>Hoy, las maestras han de empezar a retirar el mobiliario y material de lo que fue su escuela. Los ni\u00f1os seguir\u00e1n sin clases, no porque no se quiera, sino porque Adolfo Mota no sabe distinguir entre su discurso demag\u00f3gico con la realidad que viven los maestros: \u201cEl Gobierno del Estado de Veracruz tiene el mandato constitucional de velar por el derecho a la educaci\u00f3n de los casi dos millones de alumnos que componen la matr\u00edcula escolar veracruzana\u201d. Insisto: Debe ser titular de la SEV porque es demasiado educado\u2026 no porque sepa lo que es la Docencia. \u00a1Hay&nbsp;que ser c\u00ednico!<\/p>\n<table align=\"center\" cellpadding=\"0\" cellspacing=\"0\" style=\"margin-left: auto; margin-right: auto; text-align: center;\">\n<tbody>\n<tr>\n<td style=\"text-align: center;\"><a href=\"http:\/\/www.lospoliticosveracruz.com.mx\/wp-content\/uploads\/2013\/10\/suricatas10-10-2013-26.jpg\" style=\"margin-left: auto; margin-right: auto;\"><img loading=\"lazy\" decoding=\"async\" border=\"0\" height=\"160\" src=\"http:\/\/www.lospoliticosveracruz.com.mx\/wp-content\/uploads\/2013\/10\/suricatas10-10-2013-26-300x150.jpg\" width=\"320\" \/><\/a><\/td>\n<\/tr>\n<tr>\n<td style=\"text-align: center;\"><a href=\"http:\/\/zoociedadanonima.com\/\" target=\"_blank\">No deje de visitar&nbsp;http:\/\/zoociedadanonima.com<\/a><\/td>\n<\/tr>\n<\/tbody>\n<\/table>\n","protected":false},"excerpt":{"rendered":"<p>Salvador Mu\u00f1ozLos Pol\u00edticos No entiendo con qu\u00e9 cara sale Adolfo Mota a decir que el Gobierno del Estado est\u00e1 obligado a garantizar el acceso a la educaci\u00f3n a todos los veracruzanos\u2026La obviedad se vuelve demagogia en un discurso tan trillado que m\u00e1s que alentador, parece amenazador.Inici\u00f3 la SEV ayer, jueves, una revisi\u00f3n puntual de todos [&hellip;]<\/p>\n","protected":false},"author":1,"featured_media":0,"comment_status":"open","ping_status":"open","sticky":false,"template":"","format":"standard","meta":{"_jetpack_newsletter_access":"","_jetpack_dont_email_post_to_subs":false,"_jetpack_newsletter_tier_id":0,"_jetpack_memberships_contains_paywalled_content":false,"_jetpack_memberships_contains_paid_content":false,"footnotes":""},"categories":[1],"tags":[],"class_list":["post-3556","post","type-post","status-publish","format-standard","hentry","category-sin-categoria"],"jetpack_featured_media_url":"","jetpack_sharing_enabled":true,"jetpack_shortlink":"https:\/\/wp.me\/p4Qcd3-Vm","_links":{"self":[{"href":"https:\/\/lospoliticosveracruz.com.mx\/index.php?rest_route=\/wp\/v2\/posts\/3556","targetHints":{"allow":["GET"]}}],"collection":[{"href":"https:\/\/lospoliticosveracruz.com.mx\/index.php?rest_route=\/wp\/v2\/posts"}],"about":[{"href":"https:\/\/lospoliticosveracruz.com.mx\/index.php?rest_route=\/wp\/v2\/types\/post"}],"author":[{"embeddable":true,"href":"https:\/\/lospoliticosveracruz.com.mx\/index.php?rest_route=\/wp\/v2\/users\/1"}],"replies":[{"embeddable":true,"href":"https:\/\/lospoliticosveracruz.com.mx\/index.php?rest_route=%2Fwp%2Fv2%2Fcomments&post=3556"}],"version-history":[{"count":0,"href":"https:\/\/lospoliticosveracruz.com.mx\/index.php?rest_route=\/wp\/v2\/posts\/3556\/revisions"}],"wp:attachment":[{"href":"https:\/\/lospoliticosveracruz.com.mx\/index.php?rest_route=%2Fwp%2Fv2%2Fmedia&parent=3556"}],"wp:term":[{"taxonomy":"category","embeddable":true,"href":"https:\/\/lospoliticosveracruz.com.mx\/index.php?rest_route=%2Fwp%2Fv2%2Fcategories&post=3556"},{"taxonomy":"post_tag","embeddable":true,"href":"https:\/\/lospoliticosveracruz.com.mx\/index.php?rest_route=%2Fwp%2Fv2%2Ftags&post=3556"}],"curies":[{"name":"wp","href":"https:\/\/api.w.org\/{rel}","templated":true}]}}