{"id":35593,"date":"2017-08-04T10:12:55","date_gmt":"2017-08-04T15:12:55","guid":{"rendered":"http:\/\/www.lospoliticosveracruz.com.mx\/?p=35593"},"modified":"2017-08-04T10:12:55","modified_gmt":"2017-08-04T15:12:55","slug":"policias-ladrones-y-guardias-vecinales","status":"publish","type":"post","link":"https:\/\/lospoliticosveracruz.com.mx\/?p=35593","title":{"rendered":"Polic\u00edas, ladrones y guardias vecinales"},"content":{"rendered":"<p class=\"x_m_5278163299126201568MsoNoSpacing\"><b><\/b><strong>Luis Alberto Romero<\/strong><u><\/u><u><\/u><\/p>\n<p class=\"x_m_5278163299126201568MsoNoSpacing\"><em>Hora Cero<\/em><\/p>\n<p class=\"x_m_5278163299126201568MsoNoSpacing\">\n<p class=\"x_m_5278163299126201568MsoNoSpacing\"><u><\/u>\u00a0<u><\/u><\/p>\n<p class=\"x_m_5278163299126201568MsoNoSpacing\">Una de las \u00e1reas del gobierno estatal veracruzano que m\u00e1s cr\u00edticas ha recibido por su desempe\u00f1o es Seguridad P\u00fablica.<u><\/u><u><\/u><\/p>\n<p class=\"x_m_5278163299126201568MsoNoSpacing\">A veces de forma injusta, y en la mayor\u00eda de los casos merecida, pero la polic\u00eda estatal hist\u00f3ricamente ha enfrentado una crisis de imagen.<u><\/u><u><\/u><\/p>\n<p class=\"x_m_5278163299126201568MsoNoSpacing\">Conceptos como limpieza y depuraci\u00f3n de los cuerpos policiacos han sido una constante en los discursos de pol\u00edticos y gobernantes. En ese contexto, no hay evaluaci\u00f3n de la que los polic\u00edas veracruzanos salgan bien librados.<u><\/u><u><\/u><\/p>\n<p class=\"x_m_5278163299126201568MsoNoSpacing\">Durante la pasada administraci\u00f3n estatal, por ejemplo, se manejaron n\u00fameros sobre el bajo nivel de confiabilidad de las polic\u00edas estatal y municipales de Veracruz. En el gobierno del estado, con el argumento de una presunta complicidad de los elementos con grupos delincuenciales, se procedi\u00f3 a desaparecer a las corporaciones intermunicipales y a realizar un despido masivo.<u><\/u><u><\/u><\/p>\n<p class=\"x_m_5278163299126201568MsoNoSpacing\">Luego qued\u00f3 claro que el problema de ra\u00edz no se encontraba en los elementos operativos y de calle, sino en los altos mandos; basta con recordar que el ex secretario de Seguridad P\u00fablica del gobierno estatal, Arturo Berm\u00fadez Zurita, hoy duerme en el penal de Pacho Viejo.<u><\/u><u><\/u><\/p>\n<p class=\"x_m_5278163299126201568MsoNoSpacing\">De acuerdo con el \u00faltimo reporte del Secretariado Ejecutivo del Sistema Nacional de Seguridad P\u00fablica, Veracruz se encuentra entre las entidades con m\u00e1s polic\u00edas reprobados en los ex\u00e1menes de control de confianza, junto con Sinaloa, Baja California Sur, Nayarit y Michoac\u00e1n.<u><\/u><u><\/u><\/p>\n<p class=\"x_m_5278163299126201568MsoNoSpacing\">18 de cada 100 polic\u00edas veracruzanos no aprobaron esos ex\u00e1menes.<u><\/u><u><\/u><\/p>\n<p class=\"x_m_5278163299126201568MsoNoSpacing\">Partiendo de la base de que hay en la entidad 11 mil elementos policiacos (entre polic\u00eda estatal,\u00a0 reinserci\u00f3n social, ministeriales y municipales) podr\u00edamos hablar de que casi 2 mil fueron reprobados.<u><\/u><u><\/u><\/p>\n<p class=\"x_m_5278163299126201568MsoNoSpacing\">Lo peor es que de acuerdo con la informaci\u00f3n difundida al iniciar el a\u00f1o por la mencionada fuente, los elementos que no aprobaron los ex\u00e1menes de control de confianza segu\u00edan en activo.<u><\/u><u><\/u><\/p>\n<p class=\"x_m_5278163299126201568MsoNoSpacing\">Probablemente por ello, el veracruzano com\u00fan, el ciudadano de a pie, ya no sabe de qui\u00e9n cuidarse m\u00e1s, si de los delincuentes que usan ropa de civil o de los uniformados, de los que tienen placa y arma por cuenta del erario p\u00fablico.<u><\/u><u><\/u><\/p>\n<p class=\"x_m_5278163299126201568MsoNoSpacing\">El tema resurge hoy, porque el titular del Secretariado Ejecutivo del SNSP, \u00c1lvaro Visca\u00edno Zamora, revel\u00f3 que en todo el pa\u00eds, uno de cada 5 polic\u00edas estatales nunca ha pasado por una academia.<u><\/u><u><\/u><\/p>\n<p class=\"x_m_5278163299126201568MsoNoSpacing\">S\u00f3lo en Tabasco y en la Ciudad de M\u00e9xico no se registra ese problema relacionado con la formaci\u00f3n de elementos; en las dem\u00e1s entidades, lo com\u00fan es el bajo nivel de profesionalizaci\u00f3n.<u><\/u><u><\/u><\/p>\n<p class=\"x_m_5278163299126201568MsoNoSpacing\">La capacitaci\u00f3n y la confiabilidad de los elementos son puntos fundamentales en el tema de la seguridad p\u00fablica; por ello, de manera reciente, una mala decisi\u00f3n del director de la academia de polic\u00eda de El Lencero, quien contrat\u00f3 personal que no habr\u00eda aprobado los ex\u00e1menes de control y confianza, termin\u00f3 por costarle el puesto.<u><\/u><u><\/u><\/p>\n<p class=\"x_m_5278163299126201568MsoNoSpacing\">El punto es que de no trabajar en la depuraci\u00f3n de los elementos y en una estrategia para recuperar la confianza de los ciudadanos en los cuerpos policiacos, el gobierno estatal y de forma particular la Secretar\u00eda de Seguridad P\u00fablica seguir\u00e1 cargando con el desprestigio de contar con una polic\u00eda que por a\u00f1os ha sido utilizada para todo tipo de fines, menos para garantizar la seguridad de los veracruzanos.<u><\/u><u><\/u><\/p>\n<p class=\"x_m_5278163299126201568MsoNoSpacing\">A esa desconfianza, finalmente, se debe que los vecinos de diversas colonias de la capital veracruzana se organicen para enfrentar el problema derivado del vandalismo, y de los frecuentes asaltos, robos y otros delitos. Lo hacen, primero, porque no hay patrullajes ni labores de vigilancia oficial en esas zonas; y segundo, porque quienes tienen encomendada la tarea de la seguridad p\u00fablica no han mostrado hasta hoy eficacia en su desempe\u00f1o. @luisromero85<\/p>\n","protected":false},"excerpt":{"rendered":"<p>Luis Alberto Romero Hora Cero \u00a0 Una de las \u00e1reas del gobierno estatal veracruzano que m\u00e1s cr\u00edticas ha recibido por su desempe\u00f1o es Seguridad P\u00fablica. A veces de forma injusta, y en la mayor\u00eda de los casos merecida, pero la polic\u00eda estatal hist\u00f3ricamente ha enfrentado una crisis de imagen. Conceptos como limpieza y depuraci\u00f3n de [&hellip;]<\/p>\n","protected":false},"author":2,"featured_media":0,"comment_status":"open","ping_status":"open","sticky":false,"template":"","format":"standard","meta":{"_jetpack_newsletter_access":"","_jetpack_dont_email_post_to_subs":false,"_jetpack_newsletter_tier_id":0,"_jetpack_memberships_contains_paywalled_content":false,"_jetpack_memberships_contains_paid_content":false,"footnotes":""},"categories":[70],"tags":[960,9075,9074,196,9073],"class_list":["post-35593","post","type-post","status-publish","format-standard","hentry","category-de-opinion","tag-arturo-bermudez-zurita","tag-confiabilidad-policias","tag-guardias-vecinales","tag-inseguridad","tag-policia-estatal-de-veracruz"],"jetpack_featured_media_url":"","jetpack_sharing_enabled":true,"jetpack_shortlink":"https:\/\/wp.me\/p4Qcd3-9g5","_links":{"self":[{"href":"https:\/\/lospoliticosveracruz.com.mx\/index.php?rest_route=\/wp\/v2\/posts\/35593","targetHints":{"allow":["GET"]}}],"collection":[{"href":"https:\/\/lospoliticosveracruz.com.mx\/index.php?rest_route=\/wp\/v2\/posts"}],"about":[{"href":"https:\/\/lospoliticosveracruz.com.mx\/index.php?rest_route=\/wp\/v2\/types\/post"}],"author":[{"embeddable":true,"href":"https:\/\/lospoliticosveracruz.com.mx\/index.php?rest_route=\/wp\/v2\/users\/2"}],"replies":[{"embeddable":true,"href":"https:\/\/lospoliticosveracruz.com.mx\/index.php?rest_route=%2Fwp%2Fv2%2Fcomments&post=35593"}],"version-history":[{"count":1,"href":"https:\/\/lospoliticosveracruz.com.mx\/index.php?rest_route=\/wp\/v2\/posts\/35593\/revisions"}],"predecessor-version":[{"id":35594,"href":"https:\/\/lospoliticosveracruz.com.mx\/index.php?rest_route=\/wp\/v2\/posts\/35593\/revisions\/35594"}],"wp:attachment":[{"href":"https:\/\/lospoliticosveracruz.com.mx\/index.php?rest_route=%2Fwp%2Fv2%2Fmedia&parent=35593"}],"wp:term":[{"taxonomy":"category","embeddable":true,"href":"https:\/\/lospoliticosveracruz.com.mx\/index.php?rest_route=%2Fwp%2Fv2%2Fcategories&post=35593"},{"taxonomy":"post_tag","embeddable":true,"href":"https:\/\/lospoliticosveracruz.com.mx\/index.php?rest_route=%2Fwp%2Fv2%2Ftags&post=35593"}],"curies":[{"name":"wp","href":"https:\/\/api.w.org\/{rel}","templated":true}]}}