{"id":35805,"date":"2017-08-14T22:27:14","date_gmt":"2017-08-15T03:27:14","guid":{"rendered":"http:\/\/www.lospoliticosveracruz.com.mx\/?p=35805"},"modified":"2017-08-14T22:27:14","modified_gmt":"2017-08-15T03:27:14","slug":"gana-carlos-morales","status":"publish","type":"post","link":"https:\/\/lospoliticosveracruz.com.mx\/?p=35805","title":{"rendered":"\u00a1Gana Carlos Morales!"},"content":{"rendered":"<p dir=\"ltr\"><strong>Salvador Mu\u00f1oz<\/strong><\/p>\n<p dir=\"ltr\"><em>Los Pol\u00edticos<\/em><\/p>\n<p>&nbsp;<\/p>\n<p>&nbsp;<\/p>\n<p dir=\"ltr\">Honor a quien honor merece: Ya me jalaron las orejas los amigos de Altotonga porque dej\u00e9 fuera de la jugada al diputado Carlos Morales Guevara con mi comentario de ayer, cuando puse: \u201c\u00bfAlguien vio a los diputados locales y federales en sus distritos respectivos afectados por el paso de Franklin? Es la pregunta que le\u00ed en las redes sociales\u2026\u201d<\/p>\n<p dir=\"ltr\">Es que nada m\u00e1s cit\u00e9 a H\u00e9ctor Yunes entre los que hicieron recorrido por zonas afectadas, como fue San Rafael y municipios aleda\u00f1os.<\/p>\n<p dir=\"ltr\">Los amigos de Altotonga me dicen que Carlitos (como afectuosamente llaman al legislador perote\u00f1o), anduvo por all\u00e1 y municipios de su distrito. Es m\u00e1s, \u00a1hasta me mandaron una foto tomada del Facebook para reafirmar su dicho!<\/p>\n<p dir=\"ltr\">Ya me andaba sobando la cola del zapatazo moral que me hab\u00edan dado los amigos de Altotonga, y checo la foto que me mandaron. Una joven hab\u00eda publicado en su perfil la informaci\u00f3n y es cuando mi ego se volvi\u00f3 a inflar como \u201cm\u00e9ndigo\u201d totol enfrente de una guajolota de doble pechuga: \u00a1acababan \u201capenitas\u201d de publicar la nota! S\u00ed, es decir, posterior a mi comentario, pero, bueno, ya para saciar morbos, que voy al perfil del diputado Carlos Morales y curiosamente no hay nota ni foto&#8230; \u00a1qu\u00e9 raro!<\/p>\n<p dir=\"ltr\">No me qued\u00e9 con las ganas y pregunt\u00e9 a una amiga cercana del diputado Carlos:<\/p>\n<p dir=\"ltr\">\u2014\u00bfHay bolet\u00edn o informaci\u00f3n respecto al recorrido del diputado Carlos Morales tras el paso de Franklin?<\/p>\n<p dir=\"ltr\">La respuesta que me dio, conociendo al diputado, era m\u00e1s que obvia\u2026 \u00bfpor qu\u00e9 no la imagin\u00e9?<\/p>\n<p dir=\"ltr\">\u201cNo hubo bolet\u00edn porque \u00e9l consider\u00f3 que era un tema sensible, pero con todo el gusto del mundo te mando fotos del recorrido que hizo\u201d.<\/p>\n<p dir=\"ltr\"><a href=\"http:\/\/www.lospoliticosveracruz.com.mx\/wp-content\/uploads\/2017\/08\/Carlos-Morales-Franklin-2.jpg\"><img loading=\"lazy\" decoding=\"async\" class=\"aligncenter size-full wp-image-35803\" src=\"http:\/\/www.lospoliticosveracruz.com.mx\/wp-content\/uploads\/2017\/08\/Carlos-Morales-Franklin-2.jpg\" alt=\"Carlos Morales Franklin 2\" width=\"1280\" height=\"960\" \/><\/a><\/p>\n<p dir=\"ltr\">\u00a1Claro! \u00a1As\u00ed es el diputado Carlos! Discreto, un buen tipo, sensible y pol\u00edtico (en la acepci\u00f3n de la palabra que compete a servir a la gente, a sus representados)&#8230;<\/p>\n<p dir=\"ltr\">La primera vez que me llam\u00f3 la atenci\u00f3n el trabajo de Carlos Morales Guevara, fue cuando me enter\u00e9 que los s\u00e1bados, cuando era alcalde de Altotonga, hac\u00eda labor social ayudando o ense\u00f1ando a leer junto con el Instituto Veracruzano de Educaci\u00f3n para los Adultos (IVEA), pero literal: \u00e9l, ense\u00f1ando&#8230;<\/p>\n<p dir=\"ltr\">\u00bfY la nota? \u00bfQu\u00e9 dec\u00eda la nota que me mandaron?<a href=\"http:\/\/www.lospoliticosveracruz.com.mx\/wp-content\/uploads\/2017\/08\/Carlos-Morales-Franklin.jpeg\"><br \/>\n<\/a><\/p>\n<p dir=\"ltr\">Tomado del Grupo DGM, la radio del Altotonga: \u201cEl diputado Carlos Morales \u00a0inform\u00f3 a los habitantes afectados y a los que se quedaron sin techo que ya se solicit\u00f3 el apoyo del gobierno federal para apoyar a quienes fueron afectados por el hurac\u00e1n Franklin.<\/p>\n<p dir=\"ltr\">\u201cDestac\u00f3 que de igual manera los productores de ma\u00edz recibir\u00e1n un apoyo de \u00a0mil 500 pesos por hect\u00e1rea totalmente destruidas, reconoci\u00f3 que si bien no es mucho, pero con gestiones tratar\u00e1 de seguir apoyando m\u00e1s.<\/p>\n<p dir=\"ltr\">\u201cEl diputado veracruzano dijo que seguir\u00e1 supervisando las colonias, comunidades y las carreteras afectadas por el hurac\u00e1n\u201d.<\/p>\n<p dir=\"ltr\">Ahora, hay algo que destacar. Si bien la nota que me mandaron es de ayer (porque se dio otra vuelta), el primer recorrido que hizo el diputado local del distrito de Perote y nativo de Altotonga, fue el pasado viernes. As\u00ed que si hubiera que calificar esto, bien valdr\u00eda la pena citar que los amigos que me mandaron la aclaraci\u00f3n y su servidor, podr\u00edamos acabar empatados, porque de un modo u otro, Carlos Morales Guevara acab\u00f3 por ganarnos.<\/p>\n<p>&nbsp;<\/p>\n<p dir=\"ltr\"><a href=\"mailto:smcainito@gmail.com\" target=\"_blank\" rel=\"noopener noreferrer\">smcainito@gmail.com<\/a><\/p>\n<p>&nbsp;<\/p>\n","protected":false},"excerpt":{"rendered":"<p>Salvador Mu\u00f1oz Los Pol\u00edticos &nbsp; &nbsp; Honor a quien honor merece: Ya me jalaron las orejas los amigos de Altotonga porque dej\u00e9 fuera de la jugada al diputado Carlos Morales Guevara con mi comentario de ayer, cuando puse: \u201c\u00bfAlguien vio a los diputados locales y federales en sus distritos respectivos afectados por el paso de [&hellip;]<\/p>\n","protected":false},"author":2,"featured_media":0,"comment_status":"open","ping_status":"open","sticky":false,"template":"","format":"standard","meta":{"_jetpack_newsletter_access":"","_jetpack_dont_email_post_to_subs":false,"_jetpack_newsletter_tier_id":0,"_jetpack_memberships_contains_paywalled_content":false,"_jetpack_memberships_contains_paid_content":false,"footnotes":""},"categories":[70],"tags":[2119,7042,9135,348],"class_list":["post-35805","post","type-post","status-publish","format-standard","hentry","category-de-opinion","tag-altotonga","tag-carlos-morales","tag-franklin","tag-hector-yunes-landa"],"jetpack_featured_media_url":"","jetpack_sharing_enabled":true,"jetpack_shortlink":"https:\/\/wp.me\/p4Qcd3-9jv","_links":{"self":[{"href":"https:\/\/lospoliticosveracruz.com.mx\/index.php?rest_route=\/wp\/v2\/posts\/35805","targetHints":{"allow":["GET"]}}],"collection":[{"href":"https:\/\/lospoliticosveracruz.com.mx\/index.php?rest_route=\/wp\/v2\/posts"}],"about":[{"href":"https:\/\/lospoliticosveracruz.com.mx\/index.php?rest_route=\/wp\/v2\/types\/post"}],"author":[{"embeddable":true,"href":"https:\/\/lospoliticosveracruz.com.mx\/index.php?rest_route=\/wp\/v2\/users\/2"}],"replies":[{"embeddable":true,"href":"https:\/\/lospoliticosveracruz.com.mx\/index.php?rest_route=%2Fwp%2Fv2%2Fcomments&post=35805"}],"version-history":[{"count":5,"href":"https:\/\/lospoliticosveracruz.com.mx\/index.php?rest_route=\/wp\/v2\/posts\/35805\/revisions"}],"predecessor-version":[{"id":35815,"href":"https:\/\/lospoliticosveracruz.com.mx\/index.php?rest_route=\/wp\/v2\/posts\/35805\/revisions\/35815"}],"wp:attachment":[{"href":"https:\/\/lospoliticosveracruz.com.mx\/index.php?rest_route=%2Fwp%2Fv2%2Fmedia&parent=35805"}],"wp:term":[{"taxonomy":"category","embeddable":true,"href":"https:\/\/lospoliticosveracruz.com.mx\/index.php?rest_route=%2Fwp%2Fv2%2Fcategories&post=35805"},{"taxonomy":"post_tag","embeddable":true,"href":"https:\/\/lospoliticosveracruz.com.mx\/index.php?rest_route=%2Fwp%2Fv2%2Ftags&post=35805"}],"curies":[{"name":"wp","href":"https:\/\/api.w.org\/{rel}","templated":true}]}}