{"id":36108,"date":"2017-08-29T10:10:11","date_gmt":"2017-08-29T15:10:11","guid":{"rendered":"http:\/\/www.lospoliticosveracruz.com.mx\/?p=36108"},"modified":"2017-08-29T10:10:11","modified_gmt":"2017-08-29T15:10:11","slug":"un-tema-preocupante-en-extremo","status":"publish","type":"post","link":"https:\/\/lospoliticosveracruz.com.mx\/?p=36108","title":{"rendered":"Un tema preocupante en extremo"},"content":{"rendered":"<p class=\"x_m_636494880670127764Standard\" style=\"text-align: left;\" align=\"center\"><strong><span lang=\"ES-MX\">Ricardo V\u00e1zquez Salazar<\/span><\/strong><\/p>\n<p class=\"x_m_636494880670127764Standard\" style=\"text-align: left;\" align=\"center\"><em><span lang=\"ES-MX\">Esfera Pol\u00edtica<\/span><\/em><\/p>\n<p class=\"x_m_636494880670127764Standard\" align=\"center\">\n<p class=\"x_m_636494880670127764Standard\" style=\"text-align: left;\" align=\"center\"><b><\/b><span lang=\"ES-MX\">Una vez que a Ricardo Monreal \u00c1vila le fue negada por su partido la candidatura para contender por la gubernatura de Zacatecas, hizo a un lado el pri\u00edsta que llevaba dentro, el PRD lo abander\u00f3 y consigui\u00f3 su objetivo: le arrebat\u00f3 la posibilidad a Jos\u00e9 Marco Antonio Olvera Acevedo, candidato impuesto por el PRI.\u00a0 A partir de ah\u00ed se volvi\u00f3 una rutina para Monreal \u00c1vila cambiar de camiseta, las ha vestido de distintos colores.<\/span><\/p>\n<p class=\"x_m_636494880670127764Textbody\"><span lang=\"ES-MX\">Fue Coordinador del Grupo Parlamentario del Partido del Trabajo en el Senado de 2006 a 2012, Coordinador del Grupo Parlamentario de Movimiento Ciudadano en la C\u00e1mara de Diputados de 2012 a 2014, Coordinador de la Agrupaci\u00f3n Pol\u00edtica Morena en el mismo recinto en 2015. En 2012 Monreal coordin\u00f3 la campa\u00f1a de Andr\u00e9s Manuel L\u00f3pez Obrador, a la Presidencia de la Rep\u00fablica, candidato de la entonces Coalici\u00f3n Movimiento Progresista. Desde octubre del 2015, es jefe de la delegaci\u00f3n Cuauht\u00e9moc, representa a Morena y ya se ve\u00eda como candidato por el partido de Andr\u00e9s Manuel a la jefatura de Gobierno de la Ciudad de M\u00e9xico en 2018.<\/span><\/p>\n<p class=\"x_m_636494880670127764Textbody\"><span lang=\"ES-MX\">Con lo que no cont\u00f3 Ricardo Monreal es que se le pod\u00eda volver a caer la sopa, del plato a la boca, como le sucedi\u00f3 en 1998 cuando se despoj\u00f3 de la camiseta tricolor para perseguir la silla principal zacatecana. Ahora vuelve a caer en una encrucijada. Morena le da la candidatura a Claudia Shembaum, para la jefatura de Gobierno de la CDMX.<\/span><\/p>\n<p class=\"x_m_636494880670127764Textbody\"><span lang=\"ES-MX\">Monreal \u00c1vila ha jurado en repetidas ocasiones amor eterno a L\u00f3pez Obrador. La inc\u00f3gnita estriba si en realidad le ser\u00e1 fiel a El Peje, o le ganar\u00e1 la ambici\u00f3n de buscar la manera de pelear para llegar a tener la facultad de administrar el atractivo megapresupuesto \u00a0de la capital del pa\u00eds. Sabe que hay m\u00e1s colores para vestir.<\/span><\/p>\n<p class=\"x_m_636494880670127764Textbody\"><span lang=\"ES-MX\">La noticia que se dio a conocer es para poner a pensar a cualquiera: M\u00e9xico es el cuarto pa\u00eds con mayor impunidad en el mundo, solo por debajo de Filipinas, India y Camer\u00fan, de acuerdo con el \u00cdndice Global de Impunidad 2017, presentado en el noticiero matutino de Carlos Loret de Mola, este lunes por la Universidad de las Am\u00e9ricas Puebla, UDLAP. \u00a0<\/span><\/p>\n<p class=\"x_m_636494880670127764Textbody\"><span lang=\"ES-MX\">A nivel Am\u00e9rica, M\u00e9xico ocupa el primer lugar del \u00edndice con 69.21 puntos, le siguen Per\u00fa (69.04), Venezuela (67.24), Brasil (66.72), Colombia (66.57) y Nicaragua (66.34).<\/span><\/p>\n<p class=\"x_MsoNormal\"><span lang=\"ES-MX\">Entre otros datos el estudio se\u00f1ala que nuestro pa\u00eds solo cuenta con 4.2 jueces por cada 100 mil habitantes, muy lejos del pa\u00eds con el \u00edndice m\u00e1s bajo de impunidad, Croacia, que cuenta con 45 jueces por cada 100 mil habitantes.<\/span><\/p>\n<p class=\"x_MsoNormal\"><span lang=\"ES-MX\">Aunque M\u00e9xico ha aumentado su n\u00famero de polic\u00edas, no significa que \u00e9stos cuenten con las capacidades adecuadas para cumplir con sus tareas. Destaca el documento acerca de los sistemas de seguridad mal preparados y su deficiente funcionamiento.<\/span><\/p>\n<p class=\"x_m_636494880670127764Textbody\"><span lang=\"ES-MX\">\u00a0Sin duda escalofriantes y vergonzosos los datos arrojados por el estudio de la UDLAP, cifras que mucho tienen que ver -as\u00ed lo hemos apuntado en esta columna-, con la postura insana que adoptan los partidos pol\u00edticos, convertidos en f\u00e9rreos defensores de sus \u201cdistinguidos\u201d miembros corruptos.<\/span><\/p>\n<p class=\"x_m_636494880670127764Textbody\"><span lang=\"ES-MX\">Los institutos pol\u00edticos, carentes de ideolog\u00eda y de principios, adem\u00e1s de funcionar como simples agencias de colocaci\u00f3n de cargos p\u00fablicos, son los principales promotores de la impunidad, y por consecuencia los mayores impulsores de la corrupci\u00f3n.<\/span><\/p>\n<p class=\"x_m_636494880670127764Textbody\"><span lang=\"ES-MX\">En Veracruz se contin\u00faa observando el fen\u00f3meno, lo hemos repetido en varias ocasiones: muchos de los que con el silencio absoluto que guardaron durante el fidelato-duartazo, nutrieron la brutal corrupci\u00f3n criminal, ahora se dan valor para hacer se\u00f1alamientos, se quejan y hablan de \u201ccacer\u00eda de brujas\u201d, por estar en desacuerdo de que hayan metido en prisi\u00f3n a cinco actores pol\u00edticos que formaron parte de la administraci\u00f3n duartista. Incluidos los part\u00edcipes directos del desastre, se declaran inconformes. \u00a0<\/span><\/p>\n<p class=\"x_m_636494880670127764Textbody\"><span lang=\"ES-MX\">En el sistema pol\u00edtico mexicano los vicios son demasiados y muy arraigados.<\/span><\/p>\n<p class=\"x_m_636494880670127764Textbody\"><span lang=\"ES-MX\">El da\u00f1o que le siguen haciendo a nuestro pa\u00eds es inmenso. \u00a0<\/span><\/p>\n<p class=\"x_m_636494880670127764Textbody\"><span lang=\"ES-MX\">La clase pol\u00edtica no ha alcanzado a dimensionar el grado de afectaci\u00f3n que provocan a la poblaci\u00f3n.<\/span><\/p>\n<p class=\"x_m_636494880670127764Textbody\"><span lang=\"ES-MX\">Hoy tal vez los partidos pol\u00edticos se puedan sentir orgullosos de que M\u00e9xico est\u00e1 calificado como el m\u00e1s corrupto del Continente Americano, arriba de Venezuela. En cuarto lugar a nivel mundial. \u00a0\u00a0\u00a0\u00a0\u00a0\u00a0\u00a0\u00a0<\/span><\/p>\n<p><a href=\"mailto:rvazquez002@yahoo.com.mx\" target=\"_blank\" rel=\"noopener noreferrer\"><span lang=\"ES-MX\">rvazquez002@yahoo.com.mx<\/span><\/a><\/p>\n","protected":false},"excerpt":{"rendered":"<p>Ricardo V\u00e1zquez Salazar Esfera Pol\u00edtica Una vez que a Ricardo Monreal \u00c1vila le fue negada por su partido la candidatura para contender por la gubernatura de Zacatecas, hizo a un lado el pri\u00edsta que llevaba dentro, el PRD lo abander\u00f3 y consigui\u00f3 su objetivo: le arrebat\u00f3 la posibilidad a Jos\u00e9 Marco Antonio Olvera Acevedo, candidato [&hellip;]<\/p>\n","protected":false},"author":2,"featured_media":0,"comment_status":"open","ping_status":"open","sticky":false,"template":"","format":"standard","meta":{"_jetpack_newsletter_access":"","_jetpack_dont_email_post_to_subs":false,"_jetpack_newsletter_tier_id":0,"_jetpack_memberships_contains_paywalled_content":false,"_jetpack_memberships_contains_paid_content":false,"footnotes":""},"categories":[70],"tags":[1177,1026,2326,107,251,2944],"class_list":["post-36108","post","type-post","status-publish","format-standard","hentry","category-de-opinion","tag-impunidad","tag-morena","tag-partido-del-trabajo","tag-prd","tag-pri","tag-ricardo-monreal-avila"],"jetpack_featured_media_url":"","jetpack_sharing_enabled":true,"jetpack_shortlink":"https:\/\/wp.me\/p4Qcd3-9oo","_links":{"self":[{"href":"https:\/\/lospoliticosveracruz.com.mx\/index.php?rest_route=\/wp\/v2\/posts\/36108","targetHints":{"allow":["GET"]}}],"collection":[{"href":"https:\/\/lospoliticosveracruz.com.mx\/index.php?rest_route=\/wp\/v2\/posts"}],"about":[{"href":"https:\/\/lospoliticosveracruz.com.mx\/index.php?rest_route=\/wp\/v2\/types\/post"}],"author":[{"embeddable":true,"href":"https:\/\/lospoliticosveracruz.com.mx\/index.php?rest_route=\/wp\/v2\/users\/2"}],"replies":[{"embeddable":true,"href":"https:\/\/lospoliticosveracruz.com.mx\/index.php?rest_route=%2Fwp%2Fv2%2Fcomments&post=36108"}],"version-history":[{"count":1,"href":"https:\/\/lospoliticosveracruz.com.mx\/index.php?rest_route=\/wp\/v2\/posts\/36108\/revisions"}],"predecessor-version":[{"id":36109,"href":"https:\/\/lospoliticosveracruz.com.mx\/index.php?rest_route=\/wp\/v2\/posts\/36108\/revisions\/36109"}],"wp:attachment":[{"href":"https:\/\/lospoliticosveracruz.com.mx\/index.php?rest_route=%2Fwp%2Fv2%2Fmedia&parent=36108"}],"wp:term":[{"taxonomy":"category","embeddable":true,"href":"https:\/\/lospoliticosveracruz.com.mx\/index.php?rest_route=%2Fwp%2Fv2%2Fcategories&post=36108"},{"taxonomy":"post_tag","embeddable":true,"href":"https:\/\/lospoliticosveracruz.com.mx\/index.php?rest_route=%2Fwp%2Fv2%2Ftags&post=36108"}],"curies":[{"name":"wp","href":"https:\/\/api.w.org\/{rel}","templated":true}]}}